{"id":4005,"date":"2026-08-31T19:42:32","date_gmt":"2026-08-31T17:42:32","guid":{"rendered":"https:\/\/www.taumelland.de\/?p=4005"},"modified":"2026-08-31T19:42:34","modified_gmt":"2026-08-31T17:42:34","slug":"sascha-buettner-texte-zur-fotografie","status":"publish","type":"post","link":"https:\/\/www.taumelland.de\/index.php\/2026\/08\/31\/sascha-buettner-texte-zur-fotografie\/","title":{"rendered":"Sascha B\u00fcttner: Texte zur Fotografie"},"content":{"rendered":"\n<h2 class=\"wp-block-heading\">Essays zwischen Psyche und Weltbegegnung<\/h2>\n\n\n\n<p class=\"wp-block-paragraph\">Meine erste Buchkritik auf Taumelland. Mein lieber Freund Sascha hat mich gebeten eine Kritik zu seinem Buch <em>\u201eTexte zur Fotografie\u201c<\/em> zu verfassen, dem komme ich sehr gerne nach:<br><br>B\u00fcttner, Sascha (2025)<br><em>Texte zur Fotografie<\/em><br>BoD<br>ISBN 978-3-6951-9548-0<\/p>\n\n\n<div class=\"wp-block-image\">\n<figure class=\"aligncenter size-full\"><a href=\"https:\/\/i0.wp.com\/www.taumelland.de\/wp-content\/uploads\/2026\/08\/unbenannt-1007133.jpg?ssl=1\" target=\"_blank\"  rel=\"lightbox[4005]  noopener\"><img data-recalc-dims=\"1\" loading=\"lazy\" decoding=\"async\" width=\"700\" height=\"466\" data-attachment-id=\"4008\" data-permalink=\"https:\/\/www.taumelland.de\/index.php\/2026\/08\/31\/sascha-buettner-texte-zur-fotografie\/unbenannt-1007133\/\" data-orig-file=\"https:\/\/i0.wp.com\/www.taumelland.de\/wp-content\/uploads\/2026\/08\/unbenannt-1007133.jpg?fit=800%2C532&amp;ssl=1\" data-orig-size=\"800,532\" data-comments-opened=\"1\" data-image-title=\"Taunusanlage#1, Frankfurt\/Main, Maerz 2026\" data-image-description=\"\" data-image-caption=\"&lt;p&gt;Taunusanlage#1, Frankfurt\/Main, Maerz 2026&lt;\/p&gt;\n\" data-large-file=\"https:\/\/i0.wp.com\/www.taumelland.de\/wp-content\/uploads\/2026\/08\/unbenannt-1007133.jpg?fit=700%2C466&amp;ssl=1\" src=\"https:\/\/i0.wp.com\/www.taumelland.de\/wp-content\/uploads\/2026\/08\/unbenannt-1007133.jpg?resize=700%2C466&#038;ssl=1\" alt=\"Taunusanlage#1, Frankfurt\/Main, Maerz 2026\" class=\"wp-image-4008\" srcset=\"https:\/\/i0.wp.com\/www.taumelland.de\/wp-content\/uploads\/2026\/08\/unbenannt-1007133.jpg?w=800&amp;ssl=1 800w, https:\/\/i0.wp.com\/www.taumelland.de\/wp-content\/uploads\/2026\/08\/unbenannt-1007133.jpg?resize=300%2C200&amp;ssl=1 300w, https:\/\/i0.wp.com\/www.taumelland.de\/wp-content\/uploads\/2026\/08\/unbenannt-1007133.jpg?resize=150%2C100&amp;ssl=1 150w, https:\/\/i0.wp.com\/www.taumelland.de\/wp-content\/uploads\/2026\/08\/unbenannt-1007133.jpg?resize=580%2C386&amp;ssl=1 580w\" sizes=\"auto, (max-width: 700px) 100vw, 700px\" \/><\/a><figcaption class=\"wp-element-caption\">Taunusanlage#1, Frankfurt\/Main, M\u00e4rz 2026<\/figcaption><\/figure>\n<\/div>\n\n\n<p class=\"wp-block-paragraph\">Beginnen m\u00f6chte ich mit einer kleinen Vorbemerkung:<\/p>\n\n\n\n<p class=\"wp-block-paragraph\">Bei der Lekt\u00fcre von \u201e<em>Texte zur Fotografie<\/em>\u201c kam mir ein Aufsatz von Luigi Ghirri in den Sinn:<br>&nbsp;\u201e The Open Work\u201c<sup>1<\/sup>, den der einflussreiche italienische Fotograf&nbsp; 1984 geschrieben hatte.<\/p>\n\n\n\n<p class=\"wp-block-paragraph\">Er beginnt den Aufsatz damit, dass er in seiner Jugend, als er zum ersten Mal mit Fotografie in Ber\u00fchrung kam, genau zwei B\u00fccher mit Fotos hatte \u2013 seine beiden Bibeln, wie er schreibt.<br>Das eine zeigte seine Familie, das andere war ein reich bebilderter Atlas, der Fotos aus allen Kontinenten zeigte.\u00a0 Diese beiden B\u00fccher, so Ghirri, erkl\u00e4rten Ihm die Dualit\u00e4t der Welt, und zwar so, dass er sie als Kind gut verstehen konnte. Innen und au\u00dfen, Auf der einen Seite:<br>Sein \u201ezu Hause\u201c und seine (Familien)Geschichte; die Orte und Pl\u00e4tze und die Geschichte der Welt auf der anderen Seite. \u201eOne book for staying and one for going\u201c- wie Ghirri es formuliert hat.<br>Dieser Satz hat mir immer gefallen, machte er mir doch deutlich (wenn auch im Zitat etwas anders gemeint), dass Fotografie in ihren sch\u00f6nsten Momenten immer auch ein Abenteuer ist \u00a0und du als Fotograf*in, \u00a0in die Welt hinausziehen und sie gleichzeitig zu dir herein lassen musst.<br>Sascha schreibt in <em>\u201eTexte zur Fotografie\u201c<\/em> \u00a0insbesondere \u00fcber die (inneren)\u00a0 geistigen Voraussetzungen die zum Fotografieren geh\u00f6ren. Was passiert eigentlich, wenn wir zur Kamera greifen? Warum eigentlich fotografieren und wenn dann wie fotografieren? Das sind die Fragestellungen, denen Sascha in seinem Buch nachgeht. Die besondere St\u00e4rke von Saschas \u00a0Texten liegt f\u00fcr mich darin, dass Sascha beim Ausloten seiner Fragestellungen stets bei sich selbst ansetzt, also ein selbstreflexives Vorgehen gew\u00e4hlt hat. Der Erkenntnisgewinn folgt bei ihm \u00a0einem zirkul\u00e4ren Prozess, bei dem Theoriebildung und Erfahrungen parallel stattfinden und sich gegenseitig beeinflussen. Mich hat diese Vorgehensweise an die Methoden der <em>\u201cGrounded Theorie\u201c<\/em> in der Soziologie erinnert, bei der im Kern die Theorie aus der Empirie gebildet werden soll und nicht eine bereits vorgefertigte Theorie \u201enur noch\u201c empirisch \u00fcberpr\u00fcft wird.<br>Der japanische Fotograf Daido Moriyama \u00a0antwortet mal auf die Frage, was er den Einsteigern*innen in die Schnappschussfotografie raten w\u00fcrde?<\/p>\n\n\n\n<p class=\"wp-block-paragraph\">\u201cWell the first thing I always tell anyone who asks me for advice is: Get outside. It`s all about getting out and walking. That\u2019s the first thing. The second thing is, forget everything you\u2019ve learned on the subject of photography for the moment, and just shoot. Take photographs \u2013 of anything and everything, whatever catches your eye. Don\u2018t pause to think\u201d<sup>2<\/sup><\/p>\n\n\n\n<p class=\"wp-block-paragraph\">Ich deute das Zitat dahingehend, dass eine Fotografie auch als ein surrealistisches \u201eObjet trouv\u00e9\u201c &nbsp;verstanden werden kann. Diesen Gedanken nahm ich als &nbsp;Kompass zum Lesen von <em>\u201eTexte zur Fotografie\u201c<\/em> &nbsp;von Sascha B\u00fcttner.<\/p>\n\n\n\n<p class=\"wp-block-paragraph\">Saschas fast 400 Seiten dicker W\u00e4lzer\u00a0 (davor hatte ich Respekt) ist eigentlich keine Monographie im klassischen Sinne. So gibt es weder ein Inhaltsverzeichnis noch ein Personen -oder Sachregister, welches einem zur Orientierung beim Lesen dienen k\u00f6nnte. \u00a0Stattdessen ist es eine Sammlung von Essays, in denen Sascha sich der Fotografie, ihren Praktiken, ihren Deutungen und Bedeutungen auf immer neue Weise n\u00e4hert. Das kann sehr feinsinnig sein, wie bei der \u00dcbertragung von Wim Wenders Polaroid Fotografien in Haiku Gedichte. Sehr grunds\u00e4tzlich werden wie im Aufsatz <em>\u201eFotografie als Welterkl\u00e4rung\u201c<\/em> und in <em>\u201eDie innere Landschaft der Fotografie\u201c<\/em> \u00a0in der Sascha zu den (Un-)M\u00f6glichkeiten einer \u201eFotografie der Befreiung\u201c in der\u00a0 postmodernen Gesellschaft schreibt. \u00a0<br>Manche Aufs\u00e4tze sind lustig und haben den Schalk im Nacken, so etwa in <em>\u201eOrdnungssysteme f\u00fcr Bilder\u201c<\/em> in dem einem ein bunter Strau\u00df an Kriterien zum Katalogisieren von Fotos \u00a0vorgeschlagen wird. Das war etwas, was mir bei der Lekt\u00fcre des Buches insgesamt sehr gut gefallen hat, Sascha zeigt in seinem Buch durchaus Humor und auch innere Gelassenheit, derer es beim Schreiben \u00fcber einen so komplexen Sachverhalt wie \u201eDie Fotografie\u201c auch bedarf.<br>Sascha geht es um den emanzipatorischen Moment in der Fotografie, darum zu zeigen \u00a0was Fotografie sein kann. Dabei pl\u00e4diert er\u00a0 f\u00fcr einen befreienden, zwanglosen Umgang mit Fotografien und dem eigenen Fotografieren. <em>\u201eTexte zur Fotografie\u201c<\/em> kann und sollte auch als eine Ermutigung zur Selbsterm\u00e4chtigung gelesen und verstanden werden. Es ist ein ungew\u00f6hnliches Sachbuch im besten Sinne der Aufkl\u00e4rung.<br><em>\u201eTexte zur Fotografie\u201c<\/em> ist wie der oben erw\u00e4hnte Atlas Ghirris, nur dass man bei Saschas Buch nicht von Bild zu Bild, sondern von Text zu Text reisen kann, eine Weltbegegnung in Kapiteln \ud83d\ude09. Meine Empfehlung ist, das Buch nicht von vorne bis hinten zu lesen, sondern eher darin herumzubl\u00e4ttern und sich die Essays herauszupicken, die einen ansprechen beziehungsweise interessieren.<br>Ich verspreche euch: die Auseinandersetzung ist\u00a0 lohnend! \ud83d\ude0a Ich kann euch das Buch nur w\u00e4rmstens ans Herz legen.<br>Schlie\u00dfen m\u00f6chte ich diese Kritik mit einem weiteren Zitat von Luigi Ghirri:<br><br>\u201cBeyond all critical and intellectual explanations, beyond all negative aspects it might posses, photography is, I think, a formidable visual language for fostering this desire for the infinite that inhabits each of us. As I said before, it is a great adventure in\u00a0 the world of thinking and looking \u2026 )\u201d<sup>1<\/sup><br><br>Und in diesem Sinne ist Fotografie viel zu wichtig um sie den Shareholdern, den Algorithmen oder gar dem Konsum zu \u00fcberlassen.<\/p>\n\n\n\n<p class=\"wp-block-paragraph\"><sup>1<\/sup>Luigi Ghirri, The Complete Essays 1973-1991, MACK 2021, ISBN 9781910164143<\/p>\n\n\n\n<p class=\"wp-block-paragraph\"><sup>2<\/sup>Daido Moriyama\/Takeshi Nakamoto, How I take Photographs, Laurence King 2018,<br>ISBN 9781786274243<\/p>\n\n\n\n<p><br><\/p>\n\n\n\n<h4 class=\"wp-block-heading\">Mehr zu Sascha B\u00fcttner<\/h4>\n\n\n\n<ul class=\"wp-block-list\">\n<li>Kaufen: <a href=\"https:\/\/www.jpc.de\/jpcng\/books\/detail\/-\/art\/sascha-buettner-texte-zur-fotografie\/hnum\/12419983\" target=\"_blank\" rel=\"noreferrer noopener\">Sascha B\u00fcttner Texte zur Fotografie<\/a><\/li>\n\n\n\n<li>Subtracks: <a href=\"https:\/\/lfdiarynewsletter.substack.com\/\" target=\"_blank\" rel=\"noreferrer noopener\">magazin f\u00fcr alles. | Sascha B\u00fcttner | Substack<\/a><\/li>\n\n\n\n<li>Fotobuch Empfehlung: <a href=\"https:\/\/www.jpc.de\/jpcng\/books\/detail\/-\/art\/sascha-buettner-limburg-diaries\/hnum\/11568248\" target=\"_blank\" rel=\"noreferrer noopener\">Limburg Diaries &#8211; Sascha B\u00fcttner (Buch) \u2013 jpc.de<\/a><\/li>\n<\/ul>\n\n\n<div class=\"wp-block-image\">\n<figure class=\"aligncenter size-full\"><a href=\"https:\/\/i0.wp.com\/www.taumelland.de\/wp-content\/uploads\/2026\/08\/FFM2.jpg?ssl=1\" target=\"_blank\"  rel=\"lightbox[4005]  noopener\"><img data-recalc-dims=\"1\" loading=\"lazy\" decoding=\"async\" width=\"700\" height=\"466\" data-attachment-id=\"4010\" data-permalink=\"https:\/\/www.taumelland.de\/ffm2\/\" data-orig-file=\"https:\/\/i0.wp.com\/www.taumelland.de\/wp-content\/uploads\/2026\/08\/FFM2.jpg?fit=800%2C532&amp;ssl=1\" data-orig-size=\"800,532\" data-comments-opened=\"1\" data-image-title=\"Frankfurt\/Main, Taunusanlage#2\" data-image-description=\"\" data-image-caption=\"&lt;p&gt;Taunsanlage#2, Frankfurt\/Main, M\u00e4rz 2026&lt;\/p&gt;\n\" data-large-file=\"https:\/\/i0.wp.com\/www.taumelland.de\/wp-content\/uploads\/2026\/08\/FFM2.jpg?fit=700%2C466&amp;ssl=1\" src=\"https:\/\/i0.wp.com\/www.taumelland.de\/wp-content\/uploads\/2026\/08\/FFM2.jpg?resize=700%2C466&#038;ssl=1\" alt=\"Taunsanlage#2, Frankfurt\/Main, M\u00e4rz 2026\" class=\"wp-image-4010\" srcset=\"https:\/\/i0.wp.com\/www.taumelland.de\/wp-content\/uploads\/2026\/08\/FFM2.jpg?w=800&amp;ssl=1 800w, https:\/\/i0.wp.com\/www.taumelland.de\/wp-content\/uploads\/2026\/08\/FFM2.jpg?resize=300%2C200&amp;ssl=1 300w, https:\/\/i0.wp.com\/www.taumelland.de\/wp-content\/uploads\/2026\/08\/FFM2.jpg?resize=150%2C100&amp;ssl=1 150w, https:\/\/i0.wp.com\/www.taumelland.de\/wp-content\/uploads\/2026\/08\/FFM2.jpg?resize=580%2C386&amp;ssl=1 580w\" sizes=\"auto, (max-width: 700px) 100vw, 700px\" \/><\/a><figcaption class=\"wp-element-caption\">Taunsanlage#2, Frankfurt\/Main, M\u00e4rz 2026<\/figcaption><\/figure>\n<\/div>","protected":false},"excerpt":{"rendered":"<p>Essays zwischen Psyche und Weltbegegnung Meine erste Buchkritik auf Taumelland. Mein lieber Freund Sascha hat mich gebeten eine Kritik zu seinem Buch \u201eTexte zur Fotografie\u201c zu verfassen, dem komme ich sehr gerne nach: B\u00fcttner, Sascha (2025)Texte zur FotografieBoDISBN 978-3-6951-9548-0 Beginnen m\u00f6chte ich mit einer kleinen&hellip;<\/p>\n","protected":false},"author":1,"featured_media":4011,"comment_status":"open","ping_status":"open","sticky":false,"template":"","format":"standard","meta":{"_themeisle_gutenberg_block_has_review":false,"_jetpack_newsletter_access":"","_jetpack_dont_email_post_to_subs":false,"_jetpack_newsletter_tier_id":0,"_jetpack_memberships_contains_paywalled_content":false,"_jetpack_feature_clip_id":0,"_jetpack_memberships_contains_paid_content":false,"footnotes":"","jetpack_publicize_message":"","jetpack_publicize_feature_enabled":true,"jetpack_social_post_already_shared":true,"jetpack_social_options":{"image_generator_settings":{"template":"highway","default_image_id":0,"font":"","enabled":false},"version":2},"jetpack_post_was_ever_published":false},"categories":[1,29,151],"tags":[418,417,419],"class_list":["post-4005","post","type-post","status-publish","format-standard","has-post-thumbnail","hentry","category-allgemein","category-erinnerungshorte","category-geschichten","tag-buchkritik","tag-sascha-buettner","tag-texte-zur-fotografie"],"yoast_head":"<!-- This site is optimized with the Yoast SEO plugin v28.3 - https:\/\/yoast.com\/product\/yoast-seo-wordpress\/ -->\n<title>Sascha B\u00fcttner: Texte zur Fotografie - taumelland.de<\/title>\n<meta name=\"description\" content=\"Meine erste Buchkritik auf Taumelland. Mein lieber Freund Sascha hat mich gebeten eine Kritik zu seinem Buch \u201eTexte zur Fotografie\u201c zu verfassen, dem komme ich sehr gerne nach:B\u00fcttner, Sascha (2025)Texte zur FotografieBoDISBN 978-3-6951-9548-0 Sascha schreibt in \u201eTexte zur Fotografie\u201c \u00a0insbesondere \u00fcber die (inneren)\u00a0 geistigen Voraussetzungen die zum Fotografieren geh\u00f6ren. Was passiert eigentlich, wenn wir zur Kamera greifen? Warum eigentlich fotografieren und wenn dann wie fotografieren? Das sind die Fragestellungen, denen Sascha in seinem Buch nachgeht.\" \/>\n<meta name=\"robots\" content=\"index, follow, max-snippet:-1, max-image-preview:large, max-video-preview:-1\" \/>\n<link rel=\"canonical\" href=\"https:\/\/www.taumelland.de\/index.php\/2026\/08\/31\/sascha-buettner-texte-zur-fotografie\/\" \/>\n<meta property=\"og:locale\" content=\"de_DE\" \/>\n<meta property=\"og:type\" content=\"article\" \/>\n<meta property=\"og:title\" content=\"Sascha B\u00fcttner: Texte zur Fotografie - taumelland.de\" \/>\n<meta property=\"og:description\" content=\"Meine erste Buchkritik auf Taumelland. Mein lieber Freund Sascha hat mich gebeten eine Kritik zu seinem Buch \u201eTexte zur Fotografie\u201c zu verfassen, dem komme ich sehr gerne nach:B\u00fcttner, Sascha (2025)Texte zur FotografieBoDISBN 978-3-6951-9548-0 Sascha schreibt in \u201eTexte zur Fotografie\u201c \u00a0insbesondere \u00fcber die (inneren)\u00a0 geistigen Voraussetzungen die zum Fotografieren geh\u00f6ren. Was passiert eigentlich, wenn wir zur Kamera greifen? Warum eigentlich fotografieren und wenn dann wie fotografieren? Das sind die Fragestellungen, denen Sascha in seinem Buch nachgeht.\" \/>\n<meta property=\"og:url\" content=\"https:\/\/www.taumelland.de\/index.php\/2026\/08\/31\/sascha-buettner-texte-zur-fotografie\/\" \/>\n<meta property=\"og:site_name\" content=\"taumelland.de\" \/>\n<meta property=\"article:published_time\" content=\"2026-08-31T17:42:32+00:00\" \/>\n<meta property=\"article:modified_time\" content=\"2026-08-31T17:42:34+00:00\" \/>\n<meta property=\"og:image\" content=\"https:\/\/www.taumelland.de\/wp-content\/uploads\/2026\/08\/Texte-zur-Fotografie-Sascha-Buettner.jpg\" \/>\n\t<meta property=\"og:image:width\" content=\"800\" \/>\n\t<meta property=\"og:image:height\" content=\"602\" \/>\n\t<meta property=\"og:image:type\" content=\"image\/jpeg\" \/>\n<meta name=\"author\" content=\"Mbolee\" \/>\n<meta name=\"twitter:card\" content=\"summary_large_image\" \/>\n<meta name=\"twitter:label1\" content=\"Verfasst von\" \/>\n\t<meta name=\"twitter:data1\" content=\"Mbolee\" \/>\n\t<meta name=\"twitter:label2\" content=\"Gesch\u00e4tzte Lesezeit\" \/>\n\t<meta name=\"twitter:data2\" content=\"6\u00a0Minuten\" \/>\n<script type=\"application\/ld+json\" class=\"yoast-schema-graph\">{\"@context\":\"https:\\\/\\\/schema.org\",\"@graph\":[{\"@type\":\"Article\",\"@id\":\"https:\\\/\\\/www.taumelland.de\\\/index.php\\\/2026\\\/08\\\/31\\\/sascha-buettner-texte-zur-fotografie\\\/#article\",\"isPartOf\":{\"@id\":\"https:\\\/\\\/www.taumelland.de\\\/index.php\\\/2026\\\/08\\\/31\\\/sascha-buettner-texte-zur-fotografie\\\/\"},\"author\":{\"name\":\"Mbolee\",\"@id\":\"https:\\\/\\\/www.taumelland.de\\\/#\\\/schema\\\/person\\\/7c3bfb4fefffd1a6bd38e8c18f296dbf\"},\"headline\":\"Sascha B\u00fcttner: Texte zur Fotografie\",\"datePublished\":\"2026-08-31T17:42:32+00:00\",\"dateModified\":\"2026-08-31T17:42:34+00:00\",\"mainEntityOfPage\":{\"@id\":\"https:\\\/\\\/www.taumelland.de\\\/index.php\\\/2026\\\/08\\\/31\\\/sascha-buettner-texte-zur-fotografie\\\/\"},\"wordCount\":979,\"commentCount\":0,\"publisher\":{\"@id\":\"https:\\\/\\\/www.taumelland.de\\\/#\\\/schema\\\/person\\\/d408cfcd33462b0f8d9e9356cfef1aab\"},\"image\":{\"@id\":\"https:\\\/\\\/www.taumelland.de\\\/index.php\\\/2026\\\/08\\\/31\\\/sascha-buettner-texte-zur-fotografie\\\/#primaryimage\"},\"thumbnailUrl\":\"https:\\\/\\\/i0.wp.com\\\/www.taumelland.de\\\/wp-content\\\/uploads\\\/2026\\\/08\\\/Texte-zur-Fotografie-Sascha-Buettner.jpg?fit=800%2C602&ssl=1\",\"keywords\":[\"Buchkritik\",\"Sascha B\u00fcttner\",\"Texte zur Fotografie\"],\"articleSection\":{\"1\":\"Erinnerungshorte\",\"2\":\"Geschichten\"},\"inLanguage\":\"de\",\"potentialAction\":[{\"@type\":\"CommentAction\",\"name\":\"Comment\",\"target\":[\"https:\\\/\\\/www.taumelland.de\\\/index.php\\\/2026\\\/08\\\/31\\\/sascha-buettner-texte-zur-fotografie\\\/#respond\"]}]},{\"@type\":\"WebPage\",\"@id\":\"https:\\\/\\\/www.taumelland.de\\\/index.php\\\/2026\\\/08\\\/31\\\/sascha-buettner-texte-zur-fotografie\\\/\",\"url\":\"https:\\\/\\\/www.taumelland.de\\\/index.php\\\/2026\\\/08\\\/31\\\/sascha-buettner-texte-zur-fotografie\\\/\",\"name\":\"Sascha B\u00fcttner: Texte zur Fotografie - taumelland.de\",\"isPartOf\":{\"@id\":\"https:\\\/\\\/www.taumelland.de\\\/#website\"},\"primaryImageOfPage\":{\"@id\":\"https:\\\/\\\/www.taumelland.de\\\/index.php\\\/2026\\\/08\\\/31\\\/sascha-buettner-texte-zur-fotografie\\\/#primaryimage\"},\"image\":{\"@id\":\"https:\\\/\\\/www.taumelland.de\\\/index.php\\\/2026\\\/08\\\/31\\\/sascha-buettner-texte-zur-fotografie\\\/#primaryimage\"},\"thumbnailUrl\":\"https:\\\/\\\/i0.wp.com\\\/www.taumelland.de\\\/wp-content\\\/uploads\\\/2026\\\/08\\\/Texte-zur-Fotografie-Sascha-Buettner.jpg?fit=800%2C602&ssl=1\",\"datePublished\":\"2026-08-31T17:42:32+00:00\",\"dateModified\":\"2026-08-31T17:42:34+00:00\",\"description\":\"Meine erste Buchkritik auf Taumelland. Mein lieber Freund Sascha hat mich gebeten eine Kritik zu seinem Buch \u201eTexte zur Fotografie\u201c zu verfassen, dem komme ich sehr gerne nach:B\u00fcttner, Sascha (2025)Texte zur FotografieBoDISBN 978-3-6951-9548-0 Sascha schreibt in \u201eTexte zur Fotografie\u201c \u00a0insbesondere \u00fcber die (inneren)\u00a0 geistigen Voraussetzungen die zum Fotografieren geh\u00f6ren. Was passiert eigentlich, wenn wir zur Kamera greifen? Warum eigentlich fotografieren und wenn dann wie fotografieren? Das sind die Fragestellungen, denen Sascha in seinem Buch nachgeht.\",\"breadcrumb\":{\"@id\":\"https:\\\/\\\/www.taumelland.de\\\/index.php\\\/2026\\\/08\\\/31\\\/sascha-buettner-texte-zur-fotografie\\\/#breadcrumb\"},\"inLanguage\":\"de\",\"potentialAction\":[{\"@type\":\"ReadAction\",\"target\":[\"https:\\\/\\\/www.taumelland.de\\\/index.php\\\/2026\\\/08\\\/31\\\/sascha-buettner-texte-zur-fotografie\\\/\"]}]},{\"@type\":\"ImageObject\",\"inLanguage\":\"de\",\"@id\":\"https:\\\/\\\/www.taumelland.de\\\/index.php\\\/2026\\\/08\\\/31\\\/sascha-buettner-texte-zur-fotografie\\\/#primaryimage\",\"url\":\"https:\\\/\\\/i0.wp.com\\\/www.taumelland.de\\\/wp-content\\\/uploads\\\/2026\\\/08\\\/Texte-zur-Fotografie-Sascha-Buettner.jpg?fit=800%2C602&ssl=1\",\"contentUrl\":\"https:\\\/\\\/i0.wp.com\\\/www.taumelland.de\\\/wp-content\\\/uploads\\\/2026\\\/08\\\/Texte-zur-Fotografie-Sascha-Buettner.jpg?fit=800%2C602&ssl=1\",\"width\":800,\"height\":602,\"caption\":\"Texte-zur-Fotografie von Sascha-Buettner\"},{\"@type\":\"BreadcrumbList\",\"@id\":\"https:\\\/\\\/www.taumelland.de\\\/index.php\\\/2026\\\/08\\\/31\\\/sascha-buettner-texte-zur-fotografie\\\/#breadcrumb\",\"itemListElement\":[{\"@type\":\"ListItem\",\"position\":1,\"name\":\"Home\",\"item\":\"https:\\\/\\\/www.taumelland.de\\\/\"},{\"@type\":\"ListItem\",\"position\":2,\"name\":\"Sascha B\u00fcttner: Texte zur Fotografie\"}]},{\"@type\":\"WebSite\",\"@id\":\"https:\\\/\\\/www.taumelland.de\\\/#website\",\"url\":\"https:\\\/\\\/www.taumelland.de\\\/\",\"name\":\"taumelland.de\",\"description\":\"der romantische Fotoblog\",\"publisher\":{\"@id\":\"https:\\\/\\\/www.taumelland.de\\\/#\\\/schema\\\/person\\\/d408cfcd33462b0f8d9e9356cfef1aab\"},\"potentialAction\":[{\"@type\":\"SearchAction\",\"target\":{\"@type\":\"EntryPoint\",\"urlTemplate\":\"https:\\\/\\\/www.taumelland.de\\\/?s={search_term_string}\"},\"query-input\":{\"@type\":\"PropertyValueSpecification\",\"valueRequired\":true,\"valueName\":\"search_term_string\"}}],\"inLanguage\":\"de\"},{\"@type\":[\"Person\",\"Organization\"],\"@id\":\"https:\\\/\\\/www.taumelland.de\\\/#\\\/schema\\\/person\\\/d408cfcd33462b0f8d9e9356cfef1aab\",\"name\":\"Marcus Bohl\",\"image\":{\"@type\":\"ImageObject\",\"inLanguage\":\"de\",\"@id\":\"https:\\\/\\\/i0.wp.com\\\/www.taumelland.de\\\/wp-content\\\/uploads\\\/2022\\\/04\\\/rosa3.jpg?fit=960%2C639&ssl=1\",\"url\":\"https:\\\/\\\/i0.wp.com\\\/www.taumelland.de\\\/wp-content\\\/uploads\\\/2022\\\/04\\\/rosa3.jpg?fit=960%2C639&ssl=1\",\"contentUrl\":\"https:\\\/\\\/i0.wp.com\\\/www.taumelland.de\\\/wp-content\\\/uploads\\\/2022\\\/04\\\/rosa3.jpg?fit=960%2C639&ssl=1\",\"width\":960,\"height\":639,\"caption\":\"Marcus Bohl\"},\"logo\":{\"@id\":\"https:\\\/\\\/i0.wp.com\\\/www.taumelland.de\\\/wp-content\\\/uploads\\\/2022\\\/04\\\/rosa3.jpg?fit=960%2C639&ssl=1\"},\"sameAs\":[\"https:\\\/\\\/www.instagram.com\\\/taumelland\\\/?hl=de\"]},{\"@type\":\"Person\",\"@id\":\"https:\\\/\\\/www.taumelland.de\\\/#\\\/schema\\\/person\\\/7c3bfb4fefffd1a6bd38e8c18f296dbf\",\"name\":\"Mbolee\",\"sameAs\":[\"http:\\\/\\\/taumelland.de\"],\"url\":\"https:\\\/\\\/www.taumelland.de\\\/index.php\\\/author\\\/mbolee\\\/\"}]}<\/script>\n<!-- \/ Yoast SEO plugin. -->","yoast_head_json":{"title":"Sascha B\u00fcttner: Texte zur Fotografie - taumelland.de","description":"Meine erste Buchkritik auf Taumelland. Mein lieber Freund Sascha hat mich gebeten eine Kritik zu seinem Buch \u201eTexte zur Fotografie\u201c zu verfassen, dem komme ich sehr gerne nach:B\u00fcttner, Sascha (2025)Texte zur FotografieBoDISBN 978-3-6951-9548-0 Sascha schreibt in \u201eTexte zur Fotografie\u201c \u00a0insbesondere \u00fcber die (inneren)\u00a0 geistigen Voraussetzungen die zum Fotografieren geh\u00f6ren. Was passiert eigentlich, wenn wir zur Kamera greifen? Warum eigentlich fotografieren und wenn dann wie fotografieren? Das sind die Fragestellungen, denen Sascha in seinem Buch nachgeht.","robots":{"index":"index","follow":"follow","max-snippet":"max-snippet:-1","max-image-preview":"max-image-preview:large","max-video-preview":"max-video-preview:-1"},"canonical":"https:\/\/www.taumelland.de\/index.php\/2026\/08\/31\/sascha-buettner-texte-zur-fotografie\/","og_locale":"de_DE","og_type":"article","og_title":"Sascha B\u00fcttner: Texte zur Fotografie - taumelland.de","og_description":"Meine erste Buchkritik auf Taumelland. Mein lieber Freund Sascha hat mich gebeten eine Kritik zu seinem Buch \u201eTexte zur Fotografie\u201c zu verfassen, dem komme ich sehr gerne nach:B\u00fcttner, Sascha (2025)Texte zur FotografieBoDISBN 978-3-6951-9548-0 Sascha schreibt in \u201eTexte zur Fotografie\u201c \u00a0insbesondere \u00fcber die (inneren)\u00a0 geistigen Voraussetzungen die zum Fotografieren geh\u00f6ren. Was passiert eigentlich, wenn wir zur Kamera greifen? Warum eigentlich fotografieren und wenn dann wie fotografieren? Das sind die Fragestellungen, denen Sascha in seinem Buch nachgeht.","og_url":"https:\/\/www.taumelland.de\/index.php\/2026\/08\/31\/sascha-buettner-texte-zur-fotografie\/","og_site_name":"taumelland.de","article_published_time":"2026-08-31T17:42:32+00:00","article_modified_time":"2026-08-31T17:42:34+00:00","og_image":[{"width":800,"height":602,"url":"https:\/\/www.taumelland.de\/wp-content\/uploads\/2026\/08\/Texte-zur-Fotografie-Sascha-Buettner.jpg","type":"image\/jpeg"}],"author":"Mbolee","twitter_card":"summary_large_image","twitter_misc":{"Verfasst von":"Mbolee","Gesch\u00e4tzte Lesezeit":"6\u00a0Minuten"},"schema":{"@context":"https:\/\/schema.org","@graph":[{"@type":"Article","@id":"https:\/\/www.taumelland.de\/index.php\/2026\/08\/31\/sascha-buettner-texte-zur-fotografie\/#article","isPartOf":{"@id":"https:\/\/www.taumelland.de\/index.php\/2026\/08\/31\/sascha-buettner-texte-zur-fotografie\/"},"author":{"name":"Mbolee","@id":"https:\/\/www.taumelland.de\/#\/schema\/person\/7c3bfb4fefffd1a6bd38e8c18f296dbf"},"headline":"Sascha B\u00fcttner: Texte zur Fotografie","datePublished":"2026-08-31T17:42:32+00:00","dateModified":"2026-08-31T17:42:34+00:00","mainEntityOfPage":{"@id":"https:\/\/www.taumelland.de\/index.php\/2026\/08\/31\/sascha-buettner-texte-zur-fotografie\/"},"wordCount":979,"commentCount":0,"publisher":{"@id":"https:\/\/www.taumelland.de\/#\/schema\/person\/d408cfcd33462b0f8d9e9356cfef1aab"},"image":{"@id":"https:\/\/www.taumelland.de\/index.php\/2026\/08\/31\/sascha-buettner-texte-zur-fotografie\/#primaryimage"},"thumbnailUrl":"https:\/\/i0.wp.com\/www.taumelland.de\/wp-content\/uploads\/2026\/08\/Texte-zur-Fotografie-Sascha-Buettner.jpg?fit=800%2C602&ssl=1","keywords":["Buchkritik","Sascha B\u00fcttner","Texte zur Fotografie"],"articleSection":{"1":"Erinnerungshorte","2":"Geschichten"},"inLanguage":"de","potentialAction":[{"@type":"CommentAction","name":"Comment","target":["https:\/\/www.taumelland.de\/index.php\/2026\/08\/31\/sascha-buettner-texte-zur-fotografie\/#respond"]}]},{"@type":"WebPage","@id":"https:\/\/www.taumelland.de\/index.php\/2026\/08\/31\/sascha-buettner-texte-zur-fotografie\/","url":"https:\/\/www.taumelland.de\/index.php\/2026\/08\/31\/sascha-buettner-texte-zur-fotografie\/","name":"Sascha B\u00fcttner: Texte zur Fotografie - taumelland.de","isPartOf":{"@id":"https:\/\/www.taumelland.de\/#website"},"primaryImageOfPage":{"@id":"https:\/\/www.taumelland.de\/index.php\/2026\/08\/31\/sascha-buettner-texte-zur-fotografie\/#primaryimage"},"image":{"@id":"https:\/\/www.taumelland.de\/index.php\/2026\/08\/31\/sascha-buettner-texte-zur-fotografie\/#primaryimage"},"thumbnailUrl":"https:\/\/i0.wp.com\/www.taumelland.de\/wp-content\/uploads\/2026\/08\/Texte-zur-Fotografie-Sascha-Buettner.jpg?fit=800%2C602&ssl=1","datePublished":"2026-08-31T17:42:32+00:00","dateModified":"2026-08-31T17:42:34+00:00","description":"Meine erste Buchkritik auf Taumelland. Mein lieber Freund Sascha hat mich gebeten eine Kritik zu seinem Buch \u201eTexte zur Fotografie\u201c zu verfassen, dem komme ich sehr gerne nach:B\u00fcttner, Sascha (2025)Texte zur FotografieBoDISBN 978-3-6951-9548-0 Sascha schreibt in \u201eTexte zur Fotografie\u201c \u00a0insbesondere \u00fcber die (inneren)\u00a0 geistigen Voraussetzungen die zum Fotografieren geh\u00f6ren. Was passiert eigentlich, wenn wir zur Kamera greifen? Warum eigentlich fotografieren und wenn dann wie fotografieren? Das sind die Fragestellungen, denen Sascha in seinem Buch nachgeht.","breadcrumb":{"@id":"https:\/\/www.taumelland.de\/index.php\/2026\/08\/31\/sascha-buettner-texte-zur-fotografie\/#breadcrumb"},"inLanguage":"de","potentialAction":[{"@type":"ReadAction","target":["https:\/\/www.taumelland.de\/index.php\/2026\/08\/31\/sascha-buettner-texte-zur-fotografie\/"]}]},{"@type":"ImageObject","inLanguage":"de","@id":"https:\/\/www.taumelland.de\/index.php\/2026\/08\/31\/sascha-buettner-texte-zur-fotografie\/#primaryimage","url":"https:\/\/i0.wp.com\/www.taumelland.de\/wp-content\/uploads\/2026\/08\/Texte-zur-Fotografie-Sascha-Buettner.jpg?fit=800%2C602&ssl=1","contentUrl":"https:\/\/i0.wp.com\/www.taumelland.de\/wp-content\/uploads\/2026\/08\/Texte-zur-Fotografie-Sascha-Buettner.jpg?fit=800%2C602&ssl=1","width":800,"height":602,"caption":"Texte-zur-Fotografie von Sascha-Buettner"},{"@type":"BreadcrumbList","@id":"https:\/\/www.taumelland.de\/index.php\/2026\/08\/31\/sascha-buettner-texte-zur-fotografie\/#breadcrumb","itemListElement":[{"@type":"ListItem","position":1,"name":"Home","item":"https:\/\/www.taumelland.de\/"},{"@type":"ListItem","position":2,"name":"Sascha B\u00fcttner: Texte zur Fotografie"}]},{"@type":"WebSite","@id":"https:\/\/www.taumelland.de\/#website","url":"https:\/\/www.taumelland.de\/","name":"taumelland.de","description":"der romantische Fotoblog","publisher":{"@id":"https:\/\/www.taumelland.de\/#\/schema\/person\/d408cfcd33462b0f8d9e9356cfef1aab"},"potentialAction":[{"@type":"SearchAction","target":{"@type":"EntryPoint","urlTemplate":"https:\/\/www.taumelland.de\/?s={search_term_string}"},"query-input":{"@type":"PropertyValueSpecification","valueRequired":true,"valueName":"search_term_string"}}],"inLanguage":"de"},{"@type":["Person","Organization"],"@id":"https:\/\/www.taumelland.de\/#\/schema\/person\/d408cfcd33462b0f8d9e9356cfef1aab","name":"Marcus Bohl","image":{"@type":"ImageObject","inLanguage":"de","@id":"https:\/\/i0.wp.com\/www.taumelland.de\/wp-content\/uploads\/2022\/04\/rosa3.jpg?fit=960%2C639&ssl=1","url":"https:\/\/i0.wp.com\/www.taumelland.de\/wp-content\/uploads\/2022\/04\/rosa3.jpg?fit=960%2C639&ssl=1","contentUrl":"https:\/\/i0.wp.com\/www.taumelland.de\/wp-content\/uploads\/2022\/04\/rosa3.jpg?fit=960%2C639&ssl=1","width":960,"height":639,"caption":"Marcus Bohl"},"logo":{"@id":"https:\/\/i0.wp.com\/www.taumelland.de\/wp-content\/uploads\/2022\/04\/rosa3.jpg?fit=960%2C639&ssl=1"},"sameAs":["https:\/\/www.instagram.com\/taumelland\/?hl=de"]},{"@type":"Person","@id":"https:\/\/www.taumelland.de\/#\/schema\/person\/7c3bfb4fefffd1a6bd38e8c18f296dbf","name":"Mbolee","sameAs":["http:\/\/taumelland.de"],"url":"https:\/\/www.taumelland.de\/index.php\/author\/mbolee\/"}]}},"jetpack_publicize_connections":[],"jetpack_sharing_enabled":true,"jetpack_shortlink":"https:\/\/wp.me\/p77Evr-12B","jetpack-related-posts":[],"jetpack_featured_media_url":"https:\/\/i0.wp.com\/www.taumelland.de\/wp-content\/uploads\/2026\/08\/Texte-zur-Fotografie-Sascha-Buettner.jpg?fit=800%2C602&ssl=1","_links":{"self":[{"href":"https:\/\/www.taumelland.de\/index.php\/wp-json\/wp\/v2\/posts\/4005","targetHints":{"allow":["GET"]}}],"collection":[{"href":"https:\/\/www.taumelland.de\/index.php\/wp-json\/wp\/v2\/posts"}],"about":[{"href":"https:\/\/www.taumelland.de\/index.php\/wp-json\/wp\/v2\/types\/post"}],"author":[{"embeddable":true,"href":"https:\/\/www.taumelland.de\/index.php\/wp-json\/wp\/v2\/users\/1"}],"replies":[{"embeddable":true,"href":"https:\/\/www.taumelland.de\/index.php\/wp-json\/wp\/v2\/comments?post=4005"}],"version-history":[{"count":8,"href":"https:\/\/www.taumelland.de\/index.php\/wp-json\/wp\/v2\/posts\/4005\/revisions"}],"predecessor-version":[{"id":4016,"href":"https:\/\/www.taumelland.de\/index.php\/wp-json\/wp\/v2\/posts\/4005\/revisions\/4016"}],"wp:featuredmedia":[{"embeddable":true,"href":"https:\/\/www.taumelland.de\/index.php\/wp-json\/wp\/v2\/media\/4011"}],"wp:attachment":[{"href":"https:\/\/www.taumelland.de\/index.php\/wp-json\/wp\/v2\/media?parent=4005"}],"wp:term":[{"taxonomy":"category","embeddable":true,"href":"https:\/\/www.taumelland.de\/index.php\/wp-json\/wp\/v2\/categories?post=4005"},{"taxonomy":"post_tag","embeddable":true,"href":"https:\/\/www.taumelland.de\/index.php\/wp-json\/wp\/v2\/tags?post=4005"}],"curies":[{"name":"wp","href":"https:\/\/api.w.org\/{rel}","templated":true}]}}