{"id":3701,"date":"2025-06-11T21:58:21","date_gmt":"2025-06-11T19:58:21","guid":{"rendered":"https:\/\/www.taumelland.de\/?p=3701"},"modified":"2025-06-11T21:58:23","modified_gmt":"2025-06-11T19:58:23","slug":"tony-cragg-ausstellung-in-darmstadt","status":"publish","type":"post","link":"https:\/\/www.taumelland.de\/index.php\/2025\/06\/11\/tony-cragg-ausstellung-in-darmstadt\/","title":{"rendered":"Tony Cragg Ausstellung in Darmstadt"},"content":{"rendered":"\n<h2 class=\"wp-block-heading\">Tony Cragg im Skulpturengarten spanischer Turm in Darmstadt 26.04 &#8211; 26.10.2025<\/h2>\n\n\n<div class=\"wp-block-image\">\n<figure class=\"aligncenter size-full\"><a href=\"https:\/\/i0.wp.com\/www.taumelland.de\/wp-content\/uploads\/2025\/06\/unbenannt-1003035.jpg?ssl=1\" target=\"_blank\"  rel=\"lightbox[3701]  noreferrer noopener\"><img data-recalc-dims=\"1\" loading=\"lazy\" decoding=\"async\" width=\"700\" height=\"466\" data-attachment-id=\"3716\" data-permalink=\"https:\/\/www.taumelland.de\/unbenannt-1003035\/\" data-orig-file=\"https:\/\/i0.wp.com\/www.taumelland.de\/wp-content\/uploads\/2025\/06\/unbenannt-1003035.jpg?fit=800%2C532&amp;ssl=1\" data-orig-size=\"800,532\" data-comments-opened=\"1\" data-image-meta=\"{&quot;aperture&quot;:&quot;5&quot;,&quot;credit&quot;:&quot;&quot;,&quot;camera&quot;:&quot;LEICA Q3&quot;,&quot;caption&quot;:&quot;&quot;,&quot;created_timestamp&quot;:&quot;1748525756&quot;,&quot;copyright&quot;:&quot;&quot;,&quot;focal_length&quot;:&quot;28&quot;,&quot;iso&quot;:&quot;100&quot;,&quot;shutter_speed&quot;:&quot;0.003125&quot;,&quot;title&quot;:&quot;&quot;,&quot;orientation&quot;:&quot;1&quot;}\" data-image-title=\"Spanischer Turm Tony Cragg Mean Averedge, Rosenh\u00f6he Darmstadt Mai 2025\" data-image-description=\"&lt;p&gt;Spanischer Turm Tony Cragg Mean Averedge, Rosenh\u00f6he Darmstadt Mai 2025&lt;\/p&gt;\n\" data-image-caption=\"&lt;p&gt;Spanischer Turm Tony Cragg Mean Averedge, Rosenh\u00f6he Darmstadt Mai 2025&lt;\/p&gt;\n\" data-large-file=\"https:\/\/i0.wp.com\/www.taumelland.de\/wp-content\/uploads\/2025\/06\/unbenannt-1003035.jpg?fit=700%2C466&amp;ssl=1\" src=\"https:\/\/i0.wp.com\/www.taumelland.de\/wp-content\/uploads\/2025\/06\/unbenannt-1003035.jpg?resize=700%2C466&#038;ssl=1\" alt=\"Spanischer Turm Tony Cragg Mean Average, Rosenh\u00f6he Darmstadt Mai 2025\" class=\"wp-image-3716\" srcset=\"https:\/\/i0.wp.com\/www.taumelland.de\/wp-content\/uploads\/2025\/06\/unbenannt-1003035.jpg?w=800&amp;ssl=1 800w, https:\/\/i0.wp.com\/www.taumelland.de\/wp-content\/uploads\/2025\/06\/unbenannt-1003035.jpg?resize=300%2C200&amp;ssl=1 300w, https:\/\/i0.wp.com\/www.taumelland.de\/wp-content\/uploads\/2025\/06\/unbenannt-1003035.jpg?resize=150%2C100&amp;ssl=1 150w, https:\/\/i0.wp.com\/www.taumelland.de\/wp-content\/uploads\/2025\/06\/unbenannt-1003035.jpg?resize=580%2C386&amp;ssl=1 580w\" sizes=\"auto, (max-width: 700px) 100vw, 700px\" \/><\/a><figcaption class=\"wp-element-caption\">Spanischer Turm, Tony Cragg Mean Average, Rosenh\u00f6he Darmstadt Mai 2025<\/figcaption><\/figure>\n<\/div>\n\n\n<p>Wie soll ich`s sagen, ich hatte keine Ahnung von Tony Cragg und seinen Skulpturen, bis sie eines Tages anfingen mir permanent \u00fcber den Weg zu laufen.<br>Angefangen hatte es im Museum Reinhard Ernst in Wiesbaden. Dort steht eine aus zwei Teilen bestehende und sechs Meter hohe und 20 Tonnen schwere Bronzeskulptur \u201ePair\u201c von Ihm. Die Skulptur ist so sperrig, dass sie noch bevor die Fenster in den Rohbau des Museums eingesetzt wurden und dann keine M\u00f6glichkeit mehr bestanden h\u00e4tte die Skulptur ins Museum zu bekommen &#8211; \u00a0mittels eines Kranes in das Museum hineingehoben wurde und an ihrem im Voraus bestimmten Platz aufgestellt wurde.<br>Als Taumelland nun &#8211; von den organischen Formen und der honiggelben Farbe der Skulptur sehr angetan &#8211; anfing zu \u00fcberlegen, ob die Skulptur wohl innen hohl ist, kam ein Angestellter des Museums vorbei und sagte \u2013 man d\u00fcrfe die Skulptur ruhig anfassen. Wow!\u00a0 So kam es buchst\u00e4blich zu Taumellands Erstkontakt mit Tony Cragg und seinen Skulpturen.<br>Circa sechs Wochen sp\u00e4ter besuchte Taumelland eine Fotoausstellung von Candida H\u00f6fer im Hessischen Landesmuseum Darmstadt.\u00a0 Versteckt in einer Nische, stie\u00dfen Taumelland und seine Begleitung auf eine Skulptur, die stark an die im Museum Reinhard Ernst erinnerte. Und Bingo! auch die war von Tony Cragg nur halt deutlich kleiner.\u00a0 Aber was wir nicht wussten, jetzt sollte es erst so richtig losgehen mit Skulpturen von Tony Cragg.<\/p>\n\n\n\n<figure class=\"wp-block-gallery has-nested-images columns-default is-cropped wp-block-gallery-1 is-layout-flex wp-block-gallery-is-layout-flex\">\n<figure class=\"wp-block-image size-large\"><a href=\"https:\/\/i0.wp.com\/www.taumelland.de\/wp-content\/uploads\/2025\/06\/tony_cragg_mre.jpg?ssl=1\" target=\"_blank\"  rel=\"lightbox[3701]  noreferrer noopener\"><img data-recalc-dims=\"1\" loading=\"lazy\" decoding=\"async\" width=\"532\" height=\"800\" data-attachment-id=\"3703\" data-permalink=\"https:\/\/www.taumelland.de\/tony_cragg_mre\/\" data-orig-file=\"https:\/\/i0.wp.com\/www.taumelland.de\/wp-content\/uploads\/2025\/06\/tony_cragg_mre.jpg?fit=532%2C800&amp;ssl=1\" data-orig-size=\"532,800\" data-comments-opened=\"1\" data-image-meta=\"{&quot;aperture&quot;:&quot;1.8&quot;,&quot;credit&quot;:&quot;&quot;,&quot;camera&quot;:&quot;LEICA Q3&quot;,&quot;caption&quot;:&quot;&quot;,&quot;created_timestamp&quot;:&quot;1743886623&quot;,&quot;copyright&quot;:&quot;&quot;,&quot;focal_length&quot;:&quot;28&quot;,&quot;iso&quot;:&quot;100&quot;,&quot;shutter_speed&quot;:&quot;0.0166666666667&quot;,&quot;title&quot;:&quot;&quot;,&quot;orientation&quot;:&quot;1&quot;}\" data-image-title=\"tony_cragg_mre\" data-image-description=\"&lt;p&gt;Tony Cragg Scuplture: Pair 2019, Wiesbaden April 2025&lt;\/p&gt;\n\" data-image-caption=\"&lt;p&gt;Tony Cragg  Pair (2019), Museum Reinhard Ernst Wiesbaden April 2025&lt;\/p&gt;\n\" data-large-file=\"https:\/\/i0.wp.com\/www.taumelland.de\/wp-content\/uploads\/2025\/06\/tony_cragg_mre.jpg?fit=532%2C800&amp;ssl=1\" data-id=\"3703\" src=\"https:\/\/i0.wp.com\/www.taumelland.de\/wp-content\/uploads\/2025\/06\/tony_cragg_mre.jpg?resize=532%2C800&#038;ssl=1\" alt=\"Tony Cragg Pair 2019, Museum Reinhard Ernst Wiesbaden April 2025\" class=\"wp-image-3703\" srcset=\"https:\/\/i0.wp.com\/www.taumelland.de\/wp-content\/uploads\/2025\/06\/tony_cragg_mre.jpg?w=532&amp;ssl=1 532w, https:\/\/i0.wp.com\/www.taumelland.de\/wp-content\/uploads\/2025\/06\/tony_cragg_mre.jpg?resize=200%2C300&amp;ssl=1 200w, https:\/\/i0.wp.com\/www.taumelland.de\/wp-content\/uploads\/2025\/06\/tony_cragg_mre.jpg?resize=100%2C150&amp;ssl=1 100w\" sizes=\"auto, (max-width: 532px) 100vw, 532px\" \/><\/a><figcaption class=\"wp-element-caption\">Tony Cragg  Pair (2019), Museum Reinhard Ernst Wiesbaden April 2025<\/figcaption><\/figure>\n\n\n\n<figure class=\"wp-block-image size-large\"><a href=\"https:\/\/i0.wp.com\/www.taumelland.de\/wp-content\/uploads\/2025\/06\/unbenannt-1002884.jpg?ssl=1\" target=\"_blank\"  rel=\"lightbox[3701]  noreferrer noopener\"><img data-recalc-dims=\"1\" loading=\"lazy\" decoding=\"async\" width=\"532\" height=\"800\" data-attachment-id=\"3705\" data-permalink=\"https:\/\/www.taumelland.de\/unbenannt-1002884\/\" data-orig-file=\"https:\/\/i0.wp.com\/www.taumelland.de\/wp-content\/uploads\/2025\/06\/unbenannt-1002884.jpg?fit=532%2C800&amp;ssl=1\" data-orig-size=\"532,800\" data-comments-opened=\"1\" data-image-meta=\"{&quot;aperture&quot;:&quot;2.8&quot;,&quot;credit&quot;:&quot;&quot;,&quot;camera&quot;:&quot;LEICA Q3&quot;,&quot;caption&quot;:&quot;&quot;,&quot;created_timestamp&quot;:&quot;1748515943&quot;,&quot;copyright&quot;:&quot;&quot;,&quot;focal_length&quot;:&quot;28&quot;,&quot;iso&quot;:&quot;100&quot;,&quot;shutter_speed&quot;:&quot;0.0166666666667&quot;,&quot;title&quot;:&quot;&quot;,&quot;orientation&quot;:&quot;1&quot;}\" data-image-title=\"Tony Cragg Contradicition\" data-image-description=\"&lt;p&gt;Tony Cragg, Sculpture, Contradicition 2014\/18 Darmstadt Mai 2025&lt;\/p&gt;\n\" data-image-caption=\"&lt;p&gt;Tony Cragg, Sculpture, Contradicition (2014\/18) Darmstadt Mai 2025&lt;\/p&gt;\n\" data-large-file=\"https:\/\/i0.wp.com\/www.taumelland.de\/wp-content\/uploads\/2025\/06\/unbenannt-1002884.jpg?fit=532%2C800&amp;ssl=1\" data-id=\"3705\" src=\"https:\/\/i0.wp.com\/www.taumelland.de\/wp-content\/uploads\/2025\/06\/unbenannt-1002884.jpg?resize=532%2C800&#038;ssl=1\" alt=\"Tony Cragg, Sculpture, Contradicition (2014\/18) Darmstadt Mai 2025\" class=\"wp-image-3705\" srcset=\"https:\/\/i0.wp.com\/www.taumelland.de\/wp-content\/uploads\/2025\/06\/unbenannt-1002884.jpg?w=532&amp;ssl=1 532w, https:\/\/i0.wp.com\/www.taumelland.de\/wp-content\/uploads\/2025\/06\/unbenannt-1002884.jpg?resize=200%2C300&amp;ssl=1 200w, https:\/\/i0.wp.com\/www.taumelland.de\/wp-content\/uploads\/2025\/06\/unbenannt-1002884.jpg?resize=100%2C150&amp;ssl=1 100w\" sizes=\"auto, (max-width: 532px) 100vw, 532px\" \/><\/a><figcaption class=\"wp-element-caption\">Tony Cragg, Sculpture, Contradicition (2014\/18) Darmstadt Mai 2025<\/figcaption><\/figure>\n<\/figure>\n\n\n\n<h4 class=\"wp-block-heading\">Wer ist eigentlich Tony Cragg?<\/h4>\n\n\n\n<p>Tony Cragg wurde 1949 in Liverpool geboren und z\u00e4hlt heute zu den bedeutendsten Bildhauern der Gegenwart. Seit 1977 lebt und arbeitet er in Wuppertal.&nbsp; Hier betreibt und betreut die Tony Cragg Foundation einen 15 Hektar gro\u00dfen Skulpturenpark \u201eWaldfrieden\u201c. Seine Skulpturen haben einen starken Bezug zu geomorphologischen und nat\u00fcrlichen organischen Formen und Strukturen. &nbsp;So gleichen manche Windh\u00f6ckern oder auch sogenannten &#8222;Pilsfelsen&#8220;.<br>&nbsp;Tony Cragg war bis 2013 Rektor der Kunstakademie D\u00fcsseldorf und wurde 2016 als \u201eKnight Bachelor\u201c in Gro\u00df Britannien zum Ritter geschlagen.<br>Link: <a href=\"https:\/\/www.tony-cragg.com\/\" target=\"_blank\" rel=\"noreferrer noopener\">Tony Cragg<\/a><br>Link: <a href=\"https:\/\/skulpturenpark-waldfrieden.de\/\">Skulpturengarten &#8222;Waldfrieden&#8220;<\/a><\/p>\n\n\n\n<p>Also um den Faden wieder aufzunehmen: Wenn wir schon mal in Darmstadt sind, so dachten wir, dann lohnt auch ein Besuch einer \u201eWiege der Moderne\u201c, der K\u00fcnstlerkolonie Mathildenh\u00f6he.<br>&nbsp;Von dort aus ist es auch nicht weit zur Rosenh\u00f6he, einem Landschaftspark, den wir beide noch nicht kannten und besuchen wollten. Kaum auf der Mathildenh\u00f6he angekommen, ersp\u00e4hten wir eine silbrig gl\u00e4nzende zweiteilige Plastik, von der wir uns fragten, ob die ihrem Aussehen nach, nicht auch von Tony Cragg sein k\u00f6nnte? &#8211; und so war es dann auch. Was wir nicht wussten, war, dass in Darmstadt der Skulpturengarten \u201eSpanischer Turm\u201c (ein 2020 er\u00f6ffnetes Zentrum f\u00fcr Bildhauerkunst) gerade auf der Rosenh\u00f6he eine gro\u00dfe Tony Cragg Ausstellung zeigt (26. April \u2013 26. Oktober 2025).<br>Link: <a href=\"https:\/\/www.mathildenhoehe.de\/\" target=\"_blank\" rel=\"noreferrer noopener\">Mathildenh\u00f6he<\/a><br>Link: <a href=\"https:\/\/www.skulpturengarten-spanischer-turm.de\/\">Skulpturengarten Spanischer Turm<\/a><br><\/p>\n\n\n<div class=\"wp-block-image\">\n<figure class=\"aligncenter size-full\"><a href=\"https:\/\/i0.wp.com\/www.taumelland.de\/wp-content\/uploads\/2025\/06\/unbenannt-1002893.jpg?ssl=1\" target=\"_blank\"  rel=\"lightbox[3701]  noreferrer noopener\"><img data-recalc-dims=\"1\" loading=\"lazy\" decoding=\"async\" width=\"700\" height=\"466\" data-attachment-id=\"3706\" data-permalink=\"https:\/\/www.taumelland.de\/unbenannt-1002893\/\" data-orig-file=\"https:\/\/i0.wp.com\/www.taumelland.de\/wp-content\/uploads\/2025\/06\/unbenannt-1002893.jpg?fit=800%2C532&amp;ssl=1\" data-orig-size=\"800,532\" data-comments-opened=\"1\" data-image-meta=\"{&quot;aperture&quot;:&quot;4.5&quot;,&quot;credit&quot;:&quot;&quot;,&quot;camera&quot;:&quot;LEICA Q3&quot;,&quot;caption&quot;:&quot;&quot;,&quot;created_timestamp&quot;:&quot;1748518934&quot;,&quot;copyright&quot;:&quot;&quot;,&quot;focal_length&quot;:&quot;28&quot;,&quot;iso&quot;:&quot;100&quot;,&quot;shutter_speed&quot;:&quot;0.0025&quot;,&quot;title&quot;:&quot;&quot;,&quot;orientation&quot;:&quot;1&quot;}\" data-image-title=\"Mathildenh\u00f6he, Darmstadt Mai 2025\" data-image-description=\"&lt;p&gt;Mathildenh\u00f6he, Darmstadt Mai 2025&lt;\/p&gt;\n\" data-image-caption=\"&lt;p&gt;Mathildenh\u00f6he, Darmstadt Mai 2025&lt;\/p&gt;\n\" data-large-file=\"https:\/\/i0.wp.com\/www.taumelland.de\/wp-content\/uploads\/2025\/06\/unbenannt-1002893.jpg?fit=700%2C466&amp;ssl=1\" src=\"https:\/\/i0.wp.com\/www.taumelland.de\/wp-content\/uploads\/2025\/06\/unbenannt-1002893.jpg?resize=700%2C466&#038;ssl=1\" alt=\"Mathildenh\u00f6he, Darmstadt Mai 2025\" class=\"wp-image-3706\" srcset=\"https:\/\/i0.wp.com\/www.taumelland.de\/wp-content\/uploads\/2025\/06\/unbenannt-1002893.jpg?w=800&amp;ssl=1 800w, https:\/\/i0.wp.com\/www.taumelland.de\/wp-content\/uploads\/2025\/06\/unbenannt-1002893.jpg?resize=300%2C200&amp;ssl=1 300w, https:\/\/i0.wp.com\/www.taumelland.de\/wp-content\/uploads\/2025\/06\/unbenannt-1002893.jpg?resize=150%2C100&amp;ssl=1 150w, https:\/\/i0.wp.com\/www.taumelland.de\/wp-content\/uploads\/2025\/06\/unbenannt-1002893.jpg?resize=580%2C386&amp;ssl=1 580w\" sizes=\"auto, (max-width: 700px) 100vw, 700px\" \/><\/a><figcaption class=\"wp-element-caption\">Mathildenh\u00f6he, Darmstadt Mai 2025<\/figcaption><\/figure>\n<\/div>\n\n<div class=\"wp-block-image\">\n<figure class=\"aligncenter size-full\"><a href=\"https:\/\/i0.wp.com\/www.taumelland.de\/wp-content\/uploads\/2025\/06\/unbenannt-1002904.jpg?ssl=1\" target=\"_blank\"  rel=\"lightbox[3701]  noreferrer noopener\"><img data-recalc-dims=\"1\" loading=\"lazy\" decoding=\"async\" width=\"532\" height=\"800\" data-attachment-id=\"3707\" data-permalink=\"https:\/\/www.taumelland.de\/unbenannt-1002904\/\" data-orig-file=\"https:\/\/i0.wp.com\/www.taumelland.de\/wp-content\/uploads\/2025\/06\/unbenannt-1002904.jpg?fit=532%2C800&amp;ssl=1\" data-orig-size=\"532,800\" data-comments-opened=\"1\" data-image-meta=\"{&quot;aperture&quot;:&quot;0&quot;,&quot;credit&quot;:&quot;&quot;,&quot;camera&quot;:&quot;&quot;,&quot;caption&quot;:&quot;&quot;,&quot;created_timestamp&quot;:&quot;0&quot;,&quot;copyright&quot;:&quot;&quot;,&quot;focal_length&quot;:&quot;0&quot;,&quot;iso&quot;:&quot;0&quot;,&quot;shutter_speed&quot;:&quot;0&quot;,&quot;title&quot;:&quot;&quot;,&quot;orientation&quot;:&quot;0&quot;}\" data-image-title=\"Tony Cragg Points of View\" data-image-description=\"&lt;p&gt;Tony Cragg, Points of View, 2018 Darmstadt, Mai 2025&lt;\/p&gt;\n\" data-image-caption=\"&lt;p&gt;Tony Cragg, Points of View (20189 Darmstadt, Mai 2025&lt;\/p&gt;\n\" data-large-file=\"https:\/\/i0.wp.com\/www.taumelland.de\/wp-content\/uploads\/2025\/06\/unbenannt-1002904.jpg?fit=532%2C800&amp;ssl=1\" src=\"https:\/\/i0.wp.com\/www.taumelland.de\/wp-content\/uploads\/2025\/06\/unbenannt-1002904.jpg?resize=532%2C800&#038;ssl=1\" alt=\"Tony Cragg, Points of View (2018) Darmstadt, Mai 2025\" class=\"wp-image-3707\" srcset=\"https:\/\/i0.wp.com\/www.taumelland.de\/wp-content\/uploads\/2025\/06\/unbenannt-1002904.jpg?w=532&amp;ssl=1 532w, https:\/\/i0.wp.com\/www.taumelland.de\/wp-content\/uploads\/2025\/06\/unbenannt-1002904.jpg?resize=200%2C300&amp;ssl=1 200w, https:\/\/i0.wp.com\/www.taumelland.de\/wp-content\/uploads\/2025\/06\/unbenannt-1002904.jpg?resize=100%2C150&amp;ssl=1 100w\" sizes=\"auto, (max-width: 532px) 100vw, 532px\" \/><\/a><figcaption class=\"wp-element-caption\">Tony Cragg, Points of View (20189 Darmstadt, Mai 2025<\/figcaption><\/figure>\n<\/div>\n\n\n<p>Insgesamt 10 Werke des Bildhauers sind ausgehend von der Mathildenh\u00f6he \u00fcber die Rosenh\u00f6he bis hin zum Skulpturengarten Spanischer Turm zu sehen.<br>Wir entdeckten dann auf der Mathildenh\u00f6he auch eine provisorische Beschilderung \u201eTony Cragg Weg\u201c und beschlossen ihr zu folgen. So wurden wir zu den entlang des Weges aufgestellten Plastiken durch die Rosenh\u00f6he und schlie\u00dflich zum Spanischen Turm gef\u00fchrt. &nbsp;<br>Unterwegs haben wir versucht die Titel der Skulpturen ausgehend von Ihren Formen und Farben zu erraten. So hie\u00df die erste, also die auf der Mathildenh\u00f6he, zum Beispiel \u201ePoints of view\u201c. Das hat zwar viel Spa\u00df gemacht, aber leider konnten wir keine einzigen Treffer landen.<\/p>\n\n\n\n<p>Ein interessantes Detail ist, dass das der Turm urspr\u00fcnglich im 18 Jahrhundert mal als eingeschossige k\u00fcnstlicher Ruine angelegt worden war und erst im 19. Jahrhundert aufgestockt wurde. Seinen Namen gab Ihm Prinz Carl von Hessen der den Turm als \u201eChateau d\u00b4Espagne\u201c bezeichnete, eine franz\u00f6sische Redewendung die so viel wie unrealistische \u2013 zum Scheitern verurteilte &#8211; Pl\u00e4ne haben oder schlichter \u201eLuftschl\u00f6sser\u201c bauen\u201c bedeutet.<\/p>\n<p>\u00a0<\/p>\n\n\n<div class=\"wp-block-image\">\n<figure class=\"aligncenter size-full\"><a href=\"https:\/\/i0.wp.com\/www.taumelland.de\/wp-content\/uploads\/2025\/06\/unbenannt-1002925.jpg?ssl=1\" target=\"_blank\"  rel=\"lightbox[3701]  noreferrer noopener\"><img data-recalc-dims=\"1\" loading=\"lazy\" decoding=\"async\" width=\"532\" height=\"800\" data-attachment-id=\"3708\" data-permalink=\"https:\/\/www.taumelland.de\/unbenannt-1002925\/\" data-orig-file=\"https:\/\/i0.wp.com\/www.taumelland.de\/wp-content\/uploads\/2025\/06\/unbenannt-1002925.jpg?fit=532%2C800&amp;ssl=1\" data-orig-size=\"532,800\" data-comments-opened=\"1\" data-image-meta=\"{&quot;aperture&quot;:&quot;3.5&quot;,&quot;credit&quot;:&quot;&quot;,&quot;camera&quot;:&quot;LEICA Q3&quot;,&quot;caption&quot;:&quot;&quot;,&quot;created_timestamp&quot;:&quot;1748521982&quot;,&quot;copyright&quot;:&quot;&quot;,&quot;focal_length&quot;:&quot;28&quot;,&quot;iso&quot;:&quot;100&quot;,&quot;shutter_speed&quot;:&quot;0.01&quot;,&quot;title&quot;:&quot;&quot;,&quot;orientation&quot;:&quot;1&quot;}\" data-image-title=\"Tony Cragg Stack\" data-image-description=\"&lt;p&gt;Tony Cragg Stack (2019), Darmstadt Mai 2025&lt;\/p&gt;\n\" data-image-caption=\"&lt;p&gt;Tony Cragg Stack (2019), Darmstadt Mai 2025&lt;\/p&gt;\n\" data-large-file=\"https:\/\/i0.wp.com\/www.taumelland.de\/wp-content\/uploads\/2025\/06\/unbenannt-1002925.jpg?fit=532%2C800&amp;ssl=1\" src=\"https:\/\/i0.wp.com\/www.taumelland.de\/wp-content\/uploads\/2025\/06\/unbenannt-1002925.jpg?resize=532%2C800&#038;ssl=1\" alt=\"Tony Cragg Stack (2019), Darmstadt Mai 2025\" class=\"wp-image-3708\" srcset=\"https:\/\/i0.wp.com\/www.taumelland.de\/wp-content\/uploads\/2025\/06\/unbenannt-1002925.jpg?w=532&amp;ssl=1 532w, https:\/\/i0.wp.com\/www.taumelland.de\/wp-content\/uploads\/2025\/06\/unbenannt-1002925.jpg?resize=200%2C300&amp;ssl=1 200w, https:\/\/i0.wp.com\/www.taumelland.de\/wp-content\/uploads\/2025\/06\/unbenannt-1002925.jpg?resize=100%2C150&amp;ssl=1 100w\" sizes=\"auto, (max-width: 532px) 100vw, 532px\" \/><\/a><figcaption class=\"wp-element-caption\">Tony Cragg Stack (2019), Darmstadt Mai 2025<\/figcaption><\/figure>\n<\/div>\n\n<div class=\"wp-block-image\">\n<figure class=\"aligncenter size-full\"><a href=\"https:\/\/i0.wp.com\/www.taumelland.de\/wp-content\/uploads\/2025\/06\/unbenannt-1002933.jpg?ssl=1\" target=\"_blank\"  rel=\"lightbox[3701]  noreferrer noopener\"><img data-recalc-dims=\"1\" loading=\"lazy\" decoding=\"async\" width=\"532\" height=\"800\" data-attachment-id=\"3709\" data-permalink=\"https:\/\/www.taumelland.de\/unbenannt-1002933\/\" data-orig-file=\"https:\/\/i0.wp.com\/www.taumelland.de\/wp-content\/uploads\/2025\/06\/unbenannt-1002933.jpg?fit=532%2C800&amp;ssl=1\" data-orig-size=\"532,800\" data-comments-opened=\"1\" data-image-meta=\"{&quot;aperture&quot;:&quot;4&quot;,&quot;credit&quot;:&quot;&quot;,&quot;camera&quot;:&quot;LEICA Q3&quot;,&quot;caption&quot;:&quot;&quot;,&quot;created_timestamp&quot;:&quot;1748522552&quot;,&quot;copyright&quot;:&quot;&quot;,&quot;focal_length&quot;:&quot;28&quot;,&quot;iso&quot;:&quot;100&quot;,&quot;shutter_speed&quot;:&quot;0.004&quot;,&quot;title&quot;:&quot;&quot;,&quot;orientation&quot;:&quot;1&quot;}\" data-image-title=\"Tony Cragg Masks\" data-image-description=\"&lt;p&gt;Tony Cragg Masks (2023), Darmstadt Mai 2025&lt;\/p&gt;\n\" data-image-caption=\"&lt;p&gt;Tony Cragg Masks (2023), Darmstadt Mai 2025&lt;\/p&gt;\n\" data-large-file=\"https:\/\/i0.wp.com\/www.taumelland.de\/wp-content\/uploads\/2025\/06\/unbenannt-1002933.jpg?fit=532%2C800&amp;ssl=1\" src=\"https:\/\/i0.wp.com\/www.taumelland.de\/wp-content\/uploads\/2025\/06\/unbenannt-1002933.jpg?resize=532%2C800&#038;ssl=1\" alt=\"Tony Cragg Masks (2023), Darmstadt Mai 2025\" class=\"wp-image-3709\" srcset=\"https:\/\/i0.wp.com\/www.taumelland.de\/wp-content\/uploads\/2025\/06\/unbenannt-1002933.jpg?w=532&amp;ssl=1 532w, https:\/\/i0.wp.com\/www.taumelland.de\/wp-content\/uploads\/2025\/06\/unbenannt-1002933.jpg?resize=200%2C300&amp;ssl=1 200w, https:\/\/i0.wp.com\/www.taumelland.de\/wp-content\/uploads\/2025\/06\/unbenannt-1002933.jpg?resize=100%2C150&amp;ssl=1 100w\" sizes=\"auto, (max-width: 532px) 100vw, 532px\" \/><\/a><figcaption class=\"wp-element-caption\">Tony Cragg Masks (2023), Darmstadt Mai 2025<\/figcaption><\/figure>\n<\/div>\n\n<div class=\"wp-block-image\">\n<figure class=\"aligncenter size-full\"><a href=\"https:\/\/i0.wp.com\/www.taumelland.de\/wp-content\/uploads\/2025\/06\/unbenannt-1002973.jpg?ssl=1\" target=\"_blank\"  rel=\"lightbox[3701]  noreferrer noopener\"><img data-recalc-dims=\"1\" loading=\"lazy\" decoding=\"async\" width=\"700\" height=\"466\" data-attachment-id=\"3710\" data-permalink=\"https:\/\/www.taumelland.de\/unbenannt-1002973\/\" data-orig-file=\"https:\/\/i0.wp.com\/www.taumelland.de\/wp-content\/uploads\/2025\/06\/unbenannt-1002973.jpg?fit=800%2C532&amp;ssl=1\" data-orig-size=\"800,532\" data-comments-opened=\"1\" data-image-meta=\"{&quot;aperture&quot;:&quot;3.5&quot;,&quot;credit&quot;:&quot;&quot;,&quot;camera&quot;:&quot;LEICA Q3&quot;,&quot;caption&quot;:&quot;&quot;,&quot;created_timestamp&quot;:&quot;1748523857&quot;,&quot;copyright&quot;:&quot;&quot;,&quot;focal_length&quot;:&quot;28&quot;,&quot;iso&quot;:&quot;100&quot;,&quot;shutter_speed&quot;:&quot;0.01&quot;,&quot;title&quot;:&quot;&quot;,&quot;orientation&quot;:&quot;1&quot;}\" data-image-title=\"Tony Cragg Versus (2012)\" data-image-description=\"&lt;p&gt;Tony Cragg Versus (2012) Darmstadt Mai 2025&lt;\/p&gt;\n\" data-image-caption=\"&lt;p&gt;Tony Cragg Versus (2012) Darmstadt Mai 2025&lt;\/p&gt;\n\" data-large-file=\"https:\/\/i0.wp.com\/www.taumelland.de\/wp-content\/uploads\/2025\/06\/unbenannt-1002973.jpg?fit=700%2C466&amp;ssl=1\" src=\"https:\/\/i0.wp.com\/www.taumelland.de\/wp-content\/uploads\/2025\/06\/unbenannt-1002973.jpg?resize=700%2C466&#038;ssl=1\" alt=\"Tony Cragg Versus (2012) Darmstadt Mai 2025\" class=\"wp-image-3710\" srcset=\"https:\/\/i0.wp.com\/www.taumelland.de\/wp-content\/uploads\/2025\/06\/unbenannt-1002973.jpg?w=800&amp;ssl=1 800w, https:\/\/i0.wp.com\/www.taumelland.de\/wp-content\/uploads\/2025\/06\/unbenannt-1002973.jpg?resize=300%2C200&amp;ssl=1 300w, https:\/\/i0.wp.com\/www.taumelland.de\/wp-content\/uploads\/2025\/06\/unbenannt-1002973.jpg?resize=150%2C100&amp;ssl=1 150w, https:\/\/i0.wp.com\/www.taumelland.de\/wp-content\/uploads\/2025\/06\/unbenannt-1002973.jpg?resize=580%2C386&amp;ssl=1 580w\" sizes=\"auto, (max-width: 700px) 100vw, 700px\" \/><\/a><figcaption class=\"wp-element-caption\">Tony Cragg Versus (2012) Darmstadt Mai 2025<\/figcaption><\/figure>\n<\/div>\n\n<div class=\"wp-block-image\">\n<figure class=\"aligncenter size-full\"><a href=\"https:\/\/i0.wp.com\/www.taumelland.de\/wp-content\/uploads\/2025\/06\/unbenannt-1002984.jpg?ssl=1\" target=\"_blank\"  rel=\"lightbox[3701]  noreferrer noopener\"><img data-recalc-dims=\"1\" loading=\"lazy\" decoding=\"async\" width=\"532\" height=\"800\" data-attachment-id=\"3711\" data-permalink=\"https:\/\/www.taumelland.de\/unbenannt-1002984\/\" data-orig-file=\"https:\/\/i0.wp.com\/www.taumelland.de\/wp-content\/uploads\/2025\/06\/unbenannt-1002984.jpg?fit=532%2C800&amp;ssl=1\" data-orig-size=\"532,800\" data-comments-opened=\"1\" data-image-meta=\"{&quot;aperture&quot;:&quot;5&quot;,&quot;credit&quot;:&quot;&quot;,&quot;camera&quot;:&quot;LEICA Q3&quot;,&quot;caption&quot;:&quot;&quot;,&quot;created_timestamp&quot;:&quot;1748524482&quot;,&quot;copyright&quot;:&quot;&quot;,&quot;focal_length&quot;:&quot;28&quot;,&quot;iso&quot;:&quot;100&quot;,&quot;shutter_speed&quot;:&quot;0.003125&quot;,&quot;title&quot;:&quot;&quot;,&quot;orientation&quot;:&quot;1&quot;}\" data-image-title=\"Tony Cragg Mixed Feelings\" data-image-description=\"&lt;p&gt;Tony Cragg Mixed Feelings (2012), Darmstadt 2025&lt;\/p&gt;\n\" data-image-caption=\"&lt;p&gt;Tony Cragg Mixed Feelings (2012), Darmstadt 2025&lt;\/p&gt;\n\" data-large-file=\"https:\/\/i0.wp.com\/www.taumelland.de\/wp-content\/uploads\/2025\/06\/unbenannt-1002984.jpg?fit=532%2C800&amp;ssl=1\" src=\"https:\/\/i0.wp.com\/www.taumelland.de\/wp-content\/uploads\/2025\/06\/unbenannt-1002984.jpg?resize=532%2C800&#038;ssl=1\" alt=\"Tony Cragg Mixed Feelings (2012), Darmstadt 2025\" class=\"wp-image-3711\" srcset=\"https:\/\/i0.wp.com\/www.taumelland.de\/wp-content\/uploads\/2025\/06\/unbenannt-1002984.jpg?w=532&amp;ssl=1 532w, https:\/\/i0.wp.com\/www.taumelland.de\/wp-content\/uploads\/2025\/06\/unbenannt-1002984.jpg?resize=200%2C300&amp;ssl=1 200w, https:\/\/i0.wp.com\/www.taumelland.de\/wp-content\/uploads\/2025\/06\/unbenannt-1002984.jpg?resize=100%2C150&amp;ssl=1 100w\" sizes=\"auto, (max-width: 532px) 100vw, 532px\" \/><\/a><figcaption class=\"wp-element-caption\">Tony Cragg Mixed Feelings (2012), Darmstadt 2025<\/figcaption><\/figure>\n<\/div>\n\n<div class=\"wp-block-image\">\n<figure class=\"aligncenter size-full\"><a href=\"https:\/\/i0.wp.com\/www.taumelland.de\/wp-content\/uploads\/2025\/06\/unbenannt-1003009.jpg?ssl=1\" target=\"_blank\"  rel=\"lightbox[3701]  noreferrer noopener\"><img data-recalc-dims=\"1\" loading=\"lazy\" decoding=\"async\" width=\"533\" height=\"800\" data-attachment-id=\"3712\" data-permalink=\"https:\/\/www.taumelland.de\/unbenannt-1003009\/\" data-orig-file=\"https:\/\/i0.wp.com\/www.taumelland.de\/wp-content\/uploads\/2025\/06\/unbenannt-1003009.jpg?fit=533%2C800&amp;ssl=1\" data-orig-size=\"533,800\" data-comments-opened=\"1\" data-image-meta=\"{&quot;aperture&quot;:&quot;0&quot;,&quot;credit&quot;:&quot;&quot;,&quot;camera&quot;:&quot;&quot;,&quot;caption&quot;:&quot;&quot;,&quot;created_timestamp&quot;:&quot;0&quot;,&quot;copyright&quot;:&quot;&quot;,&quot;focal_length&quot;:&quot;0&quot;,&quot;iso&quot;:&quot;0&quot;,&quot;shutter_speed&quot;:&quot;0&quot;,&quot;title&quot;:&quot;&quot;,&quot;orientation&quot;:&quot;0&quot;}\" data-image-title=\"tony Cragg Luke\" data-image-description=\"&lt;p&gt;Tony Cragg Luke (2008), Darmstadt Mai 2025&lt;\/p&gt;\n\" data-image-caption=\"&lt;p&gt;Tony Cragg Luke (2008), Darmstadt Mai 2025&lt;\/p&gt;\n\" data-large-file=\"https:\/\/i0.wp.com\/www.taumelland.de\/wp-content\/uploads\/2025\/06\/unbenannt-1003009.jpg?fit=533%2C800&amp;ssl=1\" src=\"https:\/\/i0.wp.com\/www.taumelland.de\/wp-content\/uploads\/2025\/06\/unbenannt-1003009.jpg?resize=533%2C800&#038;ssl=1\" alt=\"Tony Cragg Luke (2008), Darmstadt Mai 2025\" class=\"wp-image-3712\" srcset=\"https:\/\/i0.wp.com\/www.taumelland.de\/wp-content\/uploads\/2025\/06\/unbenannt-1003009.jpg?w=533&amp;ssl=1 533w, https:\/\/i0.wp.com\/www.taumelland.de\/wp-content\/uploads\/2025\/06\/unbenannt-1003009.jpg?resize=200%2C300&amp;ssl=1 200w, https:\/\/i0.wp.com\/www.taumelland.de\/wp-content\/uploads\/2025\/06\/unbenannt-1003009.jpg?resize=100%2C150&amp;ssl=1 100w\" sizes=\"auto, (max-width: 533px) 100vw, 533px\" \/><\/a><figcaption class=\"wp-element-caption\">Tony Cragg Luke (2008), Darmstadt Mai 2025<\/figcaption><\/figure>\n<\/div>\n\n<div class=\"wp-block-image\">\n<figure class=\"aligncenter size-full\"><a href=\"https:\/\/i0.wp.com\/www.taumelland.de\/wp-content\/uploads\/2025\/06\/unbenannt-1003022.jpg?ssl=1\" target=\"_blank\"  rel=\"lightbox[3701]  noreferrer noopener\"><img data-recalc-dims=\"1\" loading=\"lazy\" decoding=\"async\" width=\"532\" height=\"800\" data-attachment-id=\"3713\" data-permalink=\"https:\/\/www.taumelland.de\/unbenannt-1003022\/\" data-orig-file=\"https:\/\/i0.wp.com\/www.taumelland.de\/wp-content\/uploads\/2025\/06\/unbenannt-1003022.jpg?fit=532%2C800&amp;ssl=1\" data-orig-size=\"532,800\" data-comments-opened=\"1\" data-image-meta=\"{&quot;aperture&quot;:&quot;5&quot;,&quot;credit&quot;:&quot;&quot;,&quot;camera&quot;:&quot;LEICA Q3&quot;,&quot;caption&quot;:&quot;&quot;,&quot;created_timestamp&quot;:&quot;1748525447&quot;,&quot;copyright&quot;:&quot;&quot;,&quot;focal_length&quot;:&quot;28&quot;,&quot;iso&quot;:&quot;100&quot;,&quot;shutter_speed&quot;:&quot;0.003125&quot;,&quot;title&quot;:&quot;&quot;,&quot;orientation&quot;:&quot;1&quot;}\" data-image-title=\"Tony Cragg Mean Average\" data-image-description=\"&lt;p&gt;Tony Cragg Mean Average (2018), Darmstadt Mai 2025&lt;\/p&gt;\n\" data-image-caption=\"&lt;p&gt;Tony Cragg Mean Average (2018), Darmstadt Mai 2025&lt;\/p&gt;\n\" data-large-file=\"https:\/\/i0.wp.com\/www.taumelland.de\/wp-content\/uploads\/2025\/06\/unbenannt-1003022.jpg?fit=532%2C800&amp;ssl=1\" src=\"https:\/\/i0.wp.com\/www.taumelland.de\/wp-content\/uploads\/2025\/06\/unbenannt-1003022.jpg?resize=532%2C800&#038;ssl=1\" alt=\"Tony Cragg Mean Average (2018), Darmstadt Mai 2025\" class=\"wp-image-3713\" srcset=\"https:\/\/i0.wp.com\/www.taumelland.de\/wp-content\/uploads\/2025\/06\/unbenannt-1003022.jpg?w=532&amp;ssl=1 532w, https:\/\/i0.wp.com\/www.taumelland.de\/wp-content\/uploads\/2025\/06\/unbenannt-1003022.jpg?resize=200%2C300&amp;ssl=1 200w, https:\/\/i0.wp.com\/www.taumelland.de\/wp-content\/uploads\/2025\/06\/unbenannt-1003022.jpg?resize=100%2C150&amp;ssl=1 100w\" sizes=\"auto, (max-width: 532px) 100vw, 532px\" \/><\/a><figcaption class=\"wp-element-caption\">Tony Cragg Mean Average (2018), Darmstadt Mai 2025<\/figcaption><\/figure>\n<\/div>\n\n<div class=\"wp-block-image\">\n<figure class=\"aligncenter size-full\"><a href=\"https:\/\/i0.wp.com\/www.taumelland.de\/wp-content\/uploads\/2025\/06\/unbenannt-1003031.jpg?ssl=1\" target=\"_blank\"  rel=\"lightbox[3701]  noreferrer noopener\"><img data-recalc-dims=\"1\" loading=\"lazy\" decoding=\"async\" width=\"532\" height=\"800\" data-attachment-id=\"3715\" data-permalink=\"https:\/\/www.taumelland.de\/unbenannt-1003031\/\" data-orig-file=\"https:\/\/i0.wp.com\/www.taumelland.de\/wp-content\/uploads\/2025\/06\/unbenannt-1003031.jpg?fit=532%2C800&amp;ssl=1\" data-orig-size=\"532,800\" data-comments-opened=\"1\" data-image-meta=\"{&quot;aperture&quot;:&quot;0&quot;,&quot;credit&quot;:&quot;&quot;,&quot;camera&quot;:&quot;&quot;,&quot;caption&quot;:&quot;&quot;,&quot;created_timestamp&quot;:&quot;0&quot;,&quot;copyright&quot;:&quot;&quot;,&quot;focal_length&quot;:&quot;0&quot;,&quot;iso&quot;:&quot;0&quot;,&quot;shutter_speed&quot;:&quot;0&quot;,&quot;title&quot;:&quot;&quot;,&quot;orientation&quot;:&quot;0&quot;}\" data-image-title=\"Tony Cragg False Idols\" data-image-description=\"&lt;p&gt;Tony Cragg False Idols, Darmstadt Mai 2025&lt;\/p&gt;\n\" data-image-caption=\"&lt;p&gt;Tony Cragg False Idols, Darmstadt Mai 2025&lt;\/p&gt;\n\" data-large-file=\"https:\/\/i0.wp.com\/www.taumelland.de\/wp-content\/uploads\/2025\/06\/unbenannt-1003031.jpg?fit=532%2C800&amp;ssl=1\" src=\"https:\/\/i0.wp.com\/www.taumelland.de\/wp-content\/uploads\/2025\/06\/unbenannt-1003031.jpg?resize=532%2C800&#038;ssl=1\" alt=\"Tony Cragg False Idols, Darmstadt Mai 2025\" class=\"wp-image-3715\" srcset=\"https:\/\/i0.wp.com\/www.taumelland.de\/wp-content\/uploads\/2025\/06\/unbenannt-1003031.jpg?w=532&amp;ssl=1 532w, https:\/\/i0.wp.com\/www.taumelland.de\/wp-content\/uploads\/2025\/06\/unbenannt-1003031.jpg?resize=200%2C300&amp;ssl=1 200w, https:\/\/i0.wp.com\/www.taumelland.de\/wp-content\/uploads\/2025\/06\/unbenannt-1003031.jpg?resize=100%2C150&amp;ssl=1 100w\" sizes=\"auto, (max-width: 532px) 100vw, 532px\" \/><\/a><figcaption class=\"wp-element-caption\">Tony Cragg False Idols, Darmstadt Mai 2025<\/figcaption><\/figure>\n<\/div>\n\n<div class=\"wp-block-image\">\n<figure class=\"aligncenter size-full\"><a href=\"https:\/\/i0.wp.com\/www.taumelland.de\/wp-content\/uploads\/2025\/06\/unbenannt-1003075.jpg?ssl=1\" target=\"_blank\"  rel=\"lightbox[3701]  noreferrer noopener\"><img data-recalc-dims=\"1\" loading=\"lazy\" decoding=\"async\" width=\"532\" height=\"800\" data-attachment-id=\"3717\" data-permalink=\"https:\/\/www.taumelland.de\/unbenannt-1003075\/\" data-orig-file=\"https:\/\/i0.wp.com\/www.taumelland.de\/wp-content\/uploads\/2025\/06\/unbenannt-1003075.jpg?fit=532%2C800&amp;ssl=1\" data-orig-size=\"532,800\" data-comments-opened=\"1\" data-image-meta=\"{&quot;aperture&quot;:&quot;5&quot;,&quot;credit&quot;:&quot;&quot;,&quot;camera&quot;:&quot;LEICA Q3&quot;,&quot;caption&quot;:&quot;&quot;,&quot;created_timestamp&quot;:&quot;1748527617&quot;,&quot;copyright&quot;:&quot;&quot;,&quot;focal_length&quot;:&quot;28&quot;,&quot;iso&quot;:&quot;100&quot;,&quot;shutter_speed&quot;:&quot;0.003125&quot;,&quot;title&quot;:&quot;&quot;,&quot;orientation&quot;:&quot;1&quot;}\" data-image-title=\"Tony Cragg Spring (2016)\" data-image-description=\"&lt;p&gt;Tony Cragg Spring (2016), Darmstadt 2025&lt;\/p&gt;\n\" data-image-caption=\"&lt;p&gt;Tony Cragg Spring (2016), Darmstadt 2025&lt;\/p&gt;\n\" data-large-file=\"https:\/\/i0.wp.com\/www.taumelland.de\/wp-content\/uploads\/2025\/06\/unbenannt-1003075.jpg?fit=532%2C800&amp;ssl=1\" src=\"https:\/\/i0.wp.com\/www.taumelland.de\/wp-content\/uploads\/2025\/06\/unbenannt-1003075.jpg?resize=532%2C800&#038;ssl=1\" alt=\"Tony Cragg Spring (2016), Darmstadt 2025\" class=\"wp-image-3717\" srcset=\"https:\/\/i0.wp.com\/www.taumelland.de\/wp-content\/uploads\/2025\/06\/unbenannt-1003075.jpg?w=532&amp;ssl=1 532w, https:\/\/i0.wp.com\/www.taumelland.de\/wp-content\/uploads\/2025\/06\/unbenannt-1003075.jpg?resize=200%2C300&amp;ssl=1 200w, https:\/\/i0.wp.com\/www.taumelland.de\/wp-content\/uploads\/2025\/06\/unbenannt-1003075.jpg?resize=100%2C150&amp;ssl=1 100w\" sizes=\"auto, (max-width: 532px) 100vw, 532px\" \/><\/a><figcaption class=\"wp-element-caption\">Tony Cragg Spring (2016), Darmstadt 2025<\/figcaption><\/figure>\n<\/div>\n\n<div class=\"wp-block-image\">\n<figure class=\"aligncenter size-full\"><a href=\"https:\/\/i0.wp.com\/www.taumelland.de\/wp-content\/uploads\/2025\/06\/unbenannt-1003086.jpg?ssl=1\" target=\"_blank\"  rel=\"lightbox[3701]  noreferrer noopener\"><img data-recalc-dims=\"1\" loading=\"lazy\" decoding=\"async\" width=\"532\" height=\"800\" data-attachment-id=\"3718\" data-permalink=\"https:\/\/www.taumelland.de\/unbenannt-1003086\/\" data-orig-file=\"https:\/\/i0.wp.com\/www.taumelland.de\/wp-content\/uploads\/2025\/06\/unbenannt-1003086.jpg?fit=532%2C800&amp;ssl=1\" data-orig-size=\"532,800\" data-comments-opened=\"1\" data-image-meta=\"{&quot;aperture&quot;:&quot;4.5&quot;,&quot;credit&quot;:&quot;&quot;,&quot;camera&quot;:&quot;LEICA Q3&quot;,&quot;caption&quot;:&quot;&quot;,&quot;created_timestamp&quot;:&quot;1748527842&quot;,&quot;copyright&quot;:&quot;&quot;,&quot;focal_length&quot;:&quot;28&quot;,&quot;iso&quot;:&quot;100&quot;,&quot;shutter_speed&quot;:&quot;0.004&quot;,&quot;title&quot;:&quot;&quot;,&quot;orientation&quot;:&quot;1&quot;}\" data-image-title=\"Tony Cragg Tommy\" data-image-description=\"&lt;p&gt;Tony Cragg Tommy (2013), Darmstadt 2025&lt;\/p&gt;\n\" data-image-caption=\"&lt;p&gt;Tony Cragg Tommy (2013), Darmstadt 2025&lt;\/p&gt;\n\" data-large-file=\"https:\/\/i0.wp.com\/www.taumelland.de\/wp-content\/uploads\/2025\/06\/unbenannt-1003086.jpg?fit=532%2C800&amp;ssl=1\" src=\"https:\/\/i0.wp.com\/www.taumelland.de\/wp-content\/uploads\/2025\/06\/unbenannt-1003086.jpg?resize=532%2C800&#038;ssl=1\" alt=\"Tony Cragg Tommy (2013), Darmstadt 2025\" class=\"wp-image-3718\" srcset=\"https:\/\/i0.wp.com\/www.taumelland.de\/wp-content\/uploads\/2025\/06\/unbenannt-1003086.jpg?w=532&amp;ssl=1 532w, https:\/\/i0.wp.com\/www.taumelland.de\/wp-content\/uploads\/2025\/06\/unbenannt-1003086.jpg?resize=200%2C300&amp;ssl=1 200w, https:\/\/i0.wp.com\/www.taumelland.de\/wp-content\/uploads\/2025\/06\/unbenannt-1003086.jpg?resize=100%2C150&amp;ssl=1 100w\" sizes=\"auto, (max-width: 532px) 100vw, 532px\" \/><\/a><figcaption class=\"wp-element-caption\">Tony Cragg Tommy (2013), Darmstadt 2025<\/figcaption><\/figure>\n<\/div>","protected":false},"excerpt":{"rendered":"<p>Tony Cragg im Skulpturengarten spanischer Turm in Darmstadt 26.04 &#8211; 26.10.2025 Wie soll ich`s sagen, ich hatte keine Ahnung von Tony Cragg und seinen Skulpturen, bis sie eines Tages anfingen mir permanent \u00fcber den Weg zu laufen.Angefangen hatte es im Museum Reinhard Ernst in Wiesbaden.&hellip;<\/p>\n","protected":false},"author":1,"featured_media":3714,"comment_status":"open","ping_status":"open","sticky":false,"template":"","format":"standard","meta":{"_themeisle_gutenberg_block_has_review":false,"jetpack_post_was_ever_published":false,"_jetpack_newsletter_access":"","_jetpack_dont_email_post_to_subs":false,"_jetpack_newsletter_tier_id":0,"_jetpack_memberships_contains_paywalled_content":false,"_jetpack_memberships_contains_paid_content":false,"footnotes":"","jetpack_publicize_message":"","jetpack_publicize_feature_enabled":true,"jetpack_social_post_already_shared":true,"jetpack_social_options":{"image_generator_settings":{"template":"highway","default_image_id":0,"font":"","enabled":false},"version":2}},"categories":[1,29],"tags":[87,88,402,403,401],"class_list":["post-3701","post","type-post","status-publish","format-standard","has-post-thumbnail","hentry","category-allgemein","category-erinnerungshorte","tag-darmstadt","tag-mathildenhoehe","tag-plastiken","tag-skulpturen","tag-tony-cragg"],"yoast_head":"<!-- This site is optimized with the Yoast SEO plugin v27.5 - https:\/\/yoast.com\/product\/yoast-seo-wordpress\/ -->\n<title>Tony Cragg Ausstellung in Darmstadt - taumelland.de<\/title>\n<meta name=\"description\" content=\"Insgesamt 10 Werke des Bildhauers sind ausgehend von der Mathildenh\u00f6he \u00fcber die Rosenh\u00f6he bis hin zum Skulpturengarten Spanischer Turm zu sehen.Wir entdeckten dann auf der Mathildenh\u00f6he auch eine provisorische Beschilderung \u201eTony Cragg Weg\u201c und beschlossen ihr zu folgen. So wurden wir zu den entlang des Weges aufgestellten Plastiken durch die Rosenh\u00f6he und schlie\u00dflich zum Spanischen Turm gef\u00fchrt. \u00a0\" \/>\n<meta name=\"robots\" content=\"index, follow, max-snippet:-1, max-image-preview:large, max-video-preview:-1\" \/>\n<link rel=\"canonical\" href=\"https:\/\/www.taumelland.de\/index.php\/2025\/06\/11\/tony-cragg-ausstellung-in-darmstadt\/\" \/>\n<meta property=\"og:locale\" content=\"de_DE\" \/>\n<meta property=\"og:type\" content=\"article\" \/>\n<meta property=\"og:title\" content=\"Tony Cragg Ausstellung in Darmstadt - taumelland.de\" \/>\n<meta property=\"og:description\" content=\"Insgesamt 10 Werke des Bildhauers sind ausgehend von der Mathildenh\u00f6he \u00fcber die Rosenh\u00f6he bis hin zum Skulpturengarten Spanischer Turm zu sehen.Wir entdeckten dann auf der Mathildenh\u00f6he auch eine provisorische Beschilderung \u201eTony Cragg Weg\u201c und beschlossen ihr zu folgen. So wurden wir zu den entlang des Weges aufgestellten Plastiken durch die Rosenh\u00f6he und schlie\u00dflich zum Spanischen Turm gef\u00fchrt. \u00a0\" \/>\n<meta property=\"og:url\" content=\"https:\/\/www.taumelland.de\/index.php\/2025\/06\/11\/tony-cragg-ausstellung-in-darmstadt\/\" \/>\n<meta property=\"og:site_name\" content=\"taumelland.de\" \/>\n<meta property=\"article:published_time\" content=\"2025-06-11T19:58:21+00:00\" \/>\n<meta property=\"article:modified_time\" content=\"2025-06-11T19:58:23+00:00\" \/>\n<meta property=\"og:image\" content=\"https:\/\/www.taumelland.de\/wp-content\/uploads\/2025\/06\/unbenannt-1003023.jpg\" \/>\n\t<meta property=\"og:image:width\" content=\"800\" \/>\n\t<meta property=\"og:image:height\" content=\"532\" \/>\n\t<meta property=\"og:image:type\" content=\"image\/jpeg\" \/>\n<meta name=\"author\" content=\"Mbolee\" \/>\n<meta name=\"twitter:card\" content=\"summary_large_image\" \/>\n<meta name=\"twitter:label1\" content=\"Verfasst von\" \/>\n\t<meta name=\"twitter:data1\" content=\"Mbolee\" \/>\n\t<meta name=\"twitter:label2\" content=\"Gesch\u00e4tzte Lesezeit\" \/>\n\t<meta name=\"twitter:data2\" content=\"7\u00a0Minuten\" \/>\n<script type=\"application\/ld+json\" class=\"yoast-schema-graph\">{\"@context\":\"https:\\\/\\\/schema.org\",\"@graph\":[{\"@type\":\"Article\",\"@id\":\"https:\\\/\\\/www.taumelland.de\\\/index.php\\\/2025\\\/06\\\/11\\\/tony-cragg-ausstellung-in-darmstadt\\\/#article\",\"isPartOf\":{\"@id\":\"https:\\\/\\\/www.taumelland.de\\\/index.php\\\/2025\\\/06\\\/11\\\/tony-cragg-ausstellung-in-darmstadt\\\/\"},\"author\":{\"name\":\"Mbolee\",\"@id\":\"https:\\\/\\\/www.taumelland.de\\\/#\\\/schema\\\/person\\\/7c3bfb4fefffd1a6bd38e8c18f296dbf\"},\"headline\":\"Tony Cragg Ausstellung in Darmstadt\",\"datePublished\":\"2025-06-11T19:58:21+00:00\",\"dateModified\":\"2025-06-11T19:58:23+00:00\",\"mainEntityOfPage\":{\"@id\":\"https:\\\/\\\/www.taumelland.de\\\/index.php\\\/2025\\\/06\\\/11\\\/tony-cragg-ausstellung-in-darmstadt\\\/\"},\"wordCount\":726,\"commentCount\":0,\"publisher\":{\"@id\":\"https:\\\/\\\/www.taumelland.de\\\/#\\\/schema\\\/person\\\/d408cfcd33462b0f8d9e9356cfef1aab\"},\"image\":{\"@id\":\"https:\\\/\\\/www.taumelland.de\\\/index.php\\\/2025\\\/06\\\/11\\\/tony-cragg-ausstellung-in-darmstadt\\\/#primaryimage\"},\"thumbnailUrl\":\"https:\\\/\\\/i0.wp.com\\\/www.taumelland.de\\\/wp-content\\\/uploads\\\/2025\\\/06\\\/unbenannt-1003023.jpg?fit=800%2C532&ssl=1\",\"keywords\":[\"Darmstadt\",\"Mathildenh\u00f6he\",\"Plastiken\",\"Skulpturen\",\"Tony Cragg\"],\"articleSection\":{\"1\":\"Erinnerungshorte\"},\"inLanguage\":\"de\",\"potentialAction\":[{\"@type\":\"CommentAction\",\"name\":\"Comment\",\"target\":[\"https:\\\/\\\/www.taumelland.de\\\/index.php\\\/2025\\\/06\\\/11\\\/tony-cragg-ausstellung-in-darmstadt\\\/#respond\"]}]},{\"@type\":\"WebPage\",\"@id\":\"https:\\\/\\\/www.taumelland.de\\\/index.php\\\/2025\\\/06\\\/11\\\/tony-cragg-ausstellung-in-darmstadt\\\/\",\"url\":\"https:\\\/\\\/www.taumelland.de\\\/index.php\\\/2025\\\/06\\\/11\\\/tony-cragg-ausstellung-in-darmstadt\\\/\",\"name\":\"Tony Cragg Ausstellung in Darmstadt - taumelland.de\",\"isPartOf\":{\"@id\":\"https:\\\/\\\/www.taumelland.de\\\/#website\"},\"primaryImageOfPage\":{\"@id\":\"https:\\\/\\\/www.taumelland.de\\\/index.php\\\/2025\\\/06\\\/11\\\/tony-cragg-ausstellung-in-darmstadt\\\/#primaryimage\"},\"image\":{\"@id\":\"https:\\\/\\\/www.taumelland.de\\\/index.php\\\/2025\\\/06\\\/11\\\/tony-cragg-ausstellung-in-darmstadt\\\/#primaryimage\"},\"thumbnailUrl\":\"https:\\\/\\\/i0.wp.com\\\/www.taumelland.de\\\/wp-content\\\/uploads\\\/2025\\\/06\\\/unbenannt-1003023.jpg?fit=800%2C532&ssl=1\",\"datePublished\":\"2025-06-11T19:58:21+00:00\",\"dateModified\":\"2025-06-11T19:58:23+00:00\",\"description\":\"Insgesamt 10 Werke des Bildhauers sind ausgehend von der Mathildenh\u00f6he \u00fcber die Rosenh\u00f6he bis hin zum Skulpturengarten Spanischer Turm zu sehen.Wir entdeckten dann auf der Mathildenh\u00f6he auch eine provisorische Beschilderung \u201eTony Cragg Weg\u201c und beschlossen ihr zu folgen. So wurden wir zu den entlang des Weges aufgestellten Plastiken durch die Rosenh\u00f6he und schlie\u00dflich zum Spanischen Turm gef\u00fchrt. \u00a0\",\"breadcrumb\":{\"@id\":\"https:\\\/\\\/www.taumelland.de\\\/index.php\\\/2025\\\/06\\\/11\\\/tony-cragg-ausstellung-in-darmstadt\\\/#breadcrumb\"},\"inLanguage\":\"de\",\"potentialAction\":[{\"@type\":\"ReadAction\",\"target\":[\"https:\\\/\\\/www.taumelland.de\\\/index.php\\\/2025\\\/06\\\/11\\\/tony-cragg-ausstellung-in-darmstadt\\\/\"]}]},{\"@type\":\"ImageObject\",\"inLanguage\":\"de\",\"@id\":\"https:\\\/\\\/www.taumelland.de\\\/index.php\\\/2025\\\/06\\\/11\\\/tony-cragg-ausstellung-in-darmstadt\\\/#primaryimage\",\"url\":\"https:\\\/\\\/i0.wp.com\\\/www.taumelland.de\\\/wp-content\\\/uploads\\\/2025\\\/06\\\/unbenannt-1003023.jpg?fit=800%2C532&ssl=1\",\"contentUrl\":\"https:\\\/\\\/i0.wp.com\\\/www.taumelland.de\\\/wp-content\\\/uploads\\\/2025\\\/06\\\/unbenannt-1003023.jpg?fit=800%2C532&ssl=1\",\"width\":800,\"height\":532,\"caption\":\"Tony Cragg Mean Average (2018), Darmstadt Mai 2025\"},{\"@type\":\"BreadcrumbList\",\"@id\":\"https:\\\/\\\/www.taumelland.de\\\/index.php\\\/2025\\\/06\\\/11\\\/tony-cragg-ausstellung-in-darmstadt\\\/#breadcrumb\",\"itemListElement\":[{\"@type\":\"ListItem\",\"position\":1,\"name\":\"Home\",\"item\":\"https:\\\/\\\/www.taumelland.de\\\/\"},{\"@type\":\"ListItem\",\"position\":2,\"name\":\"Tony Cragg Ausstellung in Darmstadt\"}]},{\"@type\":\"WebSite\",\"@id\":\"https:\\\/\\\/www.taumelland.de\\\/#website\",\"url\":\"https:\\\/\\\/www.taumelland.de\\\/\",\"name\":\"taumelland.de\",\"description\":\"der romantische Fotoblog\",\"publisher\":{\"@id\":\"https:\\\/\\\/www.taumelland.de\\\/#\\\/schema\\\/person\\\/d408cfcd33462b0f8d9e9356cfef1aab\"},\"potentialAction\":[{\"@type\":\"SearchAction\",\"target\":{\"@type\":\"EntryPoint\",\"urlTemplate\":\"https:\\\/\\\/www.taumelland.de\\\/?s={search_term_string}\"},\"query-input\":{\"@type\":\"PropertyValueSpecification\",\"valueRequired\":true,\"valueName\":\"search_term_string\"}}],\"inLanguage\":\"de\"},{\"@type\":[\"Person\",\"Organization\"],\"@id\":\"https:\\\/\\\/www.taumelland.de\\\/#\\\/schema\\\/person\\\/d408cfcd33462b0f8d9e9356cfef1aab\",\"name\":\"Marcus Bohl\",\"image\":{\"@type\":\"ImageObject\",\"inLanguage\":\"de\",\"@id\":\"https:\\\/\\\/i0.wp.com\\\/www.taumelland.de\\\/wp-content\\\/uploads\\\/2022\\\/04\\\/rosa3.jpg?fit=960%2C639&ssl=1\",\"url\":\"https:\\\/\\\/i0.wp.com\\\/www.taumelland.de\\\/wp-content\\\/uploads\\\/2022\\\/04\\\/rosa3.jpg?fit=960%2C639&ssl=1\",\"contentUrl\":\"https:\\\/\\\/i0.wp.com\\\/www.taumelland.de\\\/wp-content\\\/uploads\\\/2022\\\/04\\\/rosa3.jpg?fit=960%2C639&ssl=1\",\"width\":960,\"height\":639,\"caption\":\"Marcus Bohl\"},\"logo\":{\"@id\":\"https:\\\/\\\/i0.wp.com\\\/www.taumelland.de\\\/wp-content\\\/uploads\\\/2022\\\/04\\\/rosa3.jpg?fit=960%2C639&ssl=1\"},\"sameAs\":[\"https:\\\/\\\/www.instagram.com\\\/taumelland\\\/?hl=de\"]},{\"@type\":\"Person\",\"@id\":\"https:\\\/\\\/www.taumelland.de\\\/#\\\/schema\\\/person\\\/7c3bfb4fefffd1a6bd38e8c18f296dbf\",\"name\":\"Mbolee\",\"sameAs\":[\"http:\\\/\\\/taumelland.de\"],\"url\":\"https:\\\/\\\/www.taumelland.de\\\/index.php\\\/author\\\/mbolee\\\/\"}]}<\/script>\n<!-- \/ Yoast SEO plugin. -->","yoast_head_json":{"title":"Tony Cragg Ausstellung in Darmstadt - taumelland.de","description":"Insgesamt 10 Werke des Bildhauers sind ausgehend von der Mathildenh\u00f6he \u00fcber die Rosenh\u00f6he bis hin zum Skulpturengarten Spanischer Turm zu sehen.Wir entdeckten dann auf der Mathildenh\u00f6he auch eine provisorische Beschilderung \u201eTony Cragg Weg\u201c und beschlossen ihr zu folgen. So wurden wir zu den entlang des Weges aufgestellten Plastiken durch die Rosenh\u00f6he und schlie\u00dflich zum Spanischen Turm gef\u00fchrt. \u00a0","robots":{"index":"index","follow":"follow","max-snippet":"max-snippet:-1","max-image-preview":"max-image-preview:large","max-video-preview":"max-video-preview:-1"},"canonical":"https:\/\/www.taumelland.de\/index.php\/2025\/06\/11\/tony-cragg-ausstellung-in-darmstadt\/","og_locale":"de_DE","og_type":"article","og_title":"Tony Cragg Ausstellung in Darmstadt - taumelland.de","og_description":"Insgesamt 10 Werke des Bildhauers sind ausgehend von der Mathildenh\u00f6he \u00fcber die Rosenh\u00f6he bis hin zum Skulpturengarten Spanischer Turm zu sehen.Wir entdeckten dann auf der Mathildenh\u00f6he auch eine provisorische Beschilderung \u201eTony Cragg Weg\u201c und beschlossen ihr zu folgen. So wurden wir zu den entlang des Weges aufgestellten Plastiken durch die Rosenh\u00f6he und schlie\u00dflich zum Spanischen Turm gef\u00fchrt. \u00a0","og_url":"https:\/\/www.taumelland.de\/index.php\/2025\/06\/11\/tony-cragg-ausstellung-in-darmstadt\/","og_site_name":"taumelland.de","article_published_time":"2025-06-11T19:58:21+00:00","article_modified_time":"2025-06-11T19:58:23+00:00","og_image":[{"width":800,"height":532,"url":"https:\/\/www.taumelland.de\/wp-content\/uploads\/2025\/06\/unbenannt-1003023.jpg","type":"image\/jpeg"}],"author":"Mbolee","twitter_card":"summary_large_image","twitter_misc":{"Verfasst von":"Mbolee","Gesch\u00e4tzte Lesezeit":"7\u00a0Minuten"},"schema":{"@context":"https:\/\/schema.org","@graph":[{"@type":"Article","@id":"https:\/\/www.taumelland.de\/index.php\/2025\/06\/11\/tony-cragg-ausstellung-in-darmstadt\/#article","isPartOf":{"@id":"https:\/\/www.taumelland.de\/index.php\/2025\/06\/11\/tony-cragg-ausstellung-in-darmstadt\/"},"author":{"name":"Mbolee","@id":"https:\/\/www.taumelland.de\/#\/schema\/person\/7c3bfb4fefffd1a6bd38e8c18f296dbf"},"headline":"Tony Cragg Ausstellung in Darmstadt","datePublished":"2025-06-11T19:58:21+00:00","dateModified":"2025-06-11T19:58:23+00:00","mainEntityOfPage":{"@id":"https:\/\/www.taumelland.de\/index.php\/2025\/06\/11\/tony-cragg-ausstellung-in-darmstadt\/"},"wordCount":726,"commentCount":0,"publisher":{"@id":"https:\/\/www.taumelland.de\/#\/schema\/person\/d408cfcd33462b0f8d9e9356cfef1aab"},"image":{"@id":"https:\/\/www.taumelland.de\/index.php\/2025\/06\/11\/tony-cragg-ausstellung-in-darmstadt\/#primaryimage"},"thumbnailUrl":"https:\/\/i0.wp.com\/www.taumelland.de\/wp-content\/uploads\/2025\/06\/unbenannt-1003023.jpg?fit=800%2C532&ssl=1","keywords":["Darmstadt","Mathildenh\u00f6he","Plastiken","Skulpturen","Tony Cragg"],"articleSection":{"1":"Erinnerungshorte"},"inLanguage":"de","potentialAction":[{"@type":"CommentAction","name":"Comment","target":["https:\/\/www.taumelland.de\/index.php\/2025\/06\/11\/tony-cragg-ausstellung-in-darmstadt\/#respond"]}]},{"@type":"WebPage","@id":"https:\/\/www.taumelland.de\/index.php\/2025\/06\/11\/tony-cragg-ausstellung-in-darmstadt\/","url":"https:\/\/www.taumelland.de\/index.php\/2025\/06\/11\/tony-cragg-ausstellung-in-darmstadt\/","name":"Tony Cragg Ausstellung in Darmstadt - taumelland.de","isPartOf":{"@id":"https:\/\/www.taumelland.de\/#website"},"primaryImageOfPage":{"@id":"https:\/\/www.taumelland.de\/index.php\/2025\/06\/11\/tony-cragg-ausstellung-in-darmstadt\/#primaryimage"},"image":{"@id":"https:\/\/www.taumelland.de\/index.php\/2025\/06\/11\/tony-cragg-ausstellung-in-darmstadt\/#primaryimage"},"thumbnailUrl":"https:\/\/i0.wp.com\/www.taumelland.de\/wp-content\/uploads\/2025\/06\/unbenannt-1003023.jpg?fit=800%2C532&ssl=1","datePublished":"2025-06-11T19:58:21+00:00","dateModified":"2025-06-11T19:58:23+00:00","description":"Insgesamt 10 Werke des Bildhauers sind ausgehend von der Mathildenh\u00f6he \u00fcber die Rosenh\u00f6he bis hin zum Skulpturengarten Spanischer Turm zu sehen.Wir entdeckten dann auf der Mathildenh\u00f6he auch eine provisorische Beschilderung \u201eTony Cragg Weg\u201c und beschlossen ihr zu folgen. So wurden wir zu den entlang des Weges aufgestellten Plastiken durch die Rosenh\u00f6he und schlie\u00dflich zum Spanischen Turm gef\u00fchrt. \u00a0","breadcrumb":{"@id":"https:\/\/www.taumelland.de\/index.php\/2025\/06\/11\/tony-cragg-ausstellung-in-darmstadt\/#breadcrumb"},"inLanguage":"de","potentialAction":[{"@type":"ReadAction","target":["https:\/\/www.taumelland.de\/index.php\/2025\/06\/11\/tony-cragg-ausstellung-in-darmstadt\/"]}]},{"@type":"ImageObject","inLanguage":"de","@id":"https:\/\/www.taumelland.de\/index.php\/2025\/06\/11\/tony-cragg-ausstellung-in-darmstadt\/#primaryimage","url":"https:\/\/i0.wp.com\/www.taumelland.de\/wp-content\/uploads\/2025\/06\/unbenannt-1003023.jpg?fit=800%2C532&ssl=1","contentUrl":"https:\/\/i0.wp.com\/www.taumelland.de\/wp-content\/uploads\/2025\/06\/unbenannt-1003023.jpg?fit=800%2C532&ssl=1","width":800,"height":532,"caption":"Tony Cragg Mean Average (2018), Darmstadt Mai 2025"},{"@type":"BreadcrumbList","@id":"https:\/\/www.taumelland.de\/index.php\/2025\/06\/11\/tony-cragg-ausstellung-in-darmstadt\/#breadcrumb","itemListElement":[{"@type":"ListItem","position":1,"name":"Home","item":"https:\/\/www.taumelland.de\/"},{"@type":"ListItem","position":2,"name":"Tony Cragg Ausstellung in Darmstadt"}]},{"@type":"WebSite","@id":"https:\/\/www.taumelland.de\/#website","url":"https:\/\/www.taumelland.de\/","name":"taumelland.de","description":"der romantische Fotoblog","publisher":{"@id":"https:\/\/www.taumelland.de\/#\/schema\/person\/d408cfcd33462b0f8d9e9356cfef1aab"},"potentialAction":[{"@type":"SearchAction","target":{"@type":"EntryPoint","urlTemplate":"https:\/\/www.taumelland.de\/?s={search_term_string}"},"query-input":{"@type":"PropertyValueSpecification","valueRequired":true,"valueName":"search_term_string"}}],"inLanguage":"de"},{"@type":["Person","Organization"],"@id":"https:\/\/www.taumelland.de\/#\/schema\/person\/d408cfcd33462b0f8d9e9356cfef1aab","name":"Marcus Bohl","image":{"@type":"ImageObject","inLanguage":"de","@id":"https:\/\/i0.wp.com\/www.taumelland.de\/wp-content\/uploads\/2022\/04\/rosa3.jpg?fit=960%2C639&ssl=1","url":"https:\/\/i0.wp.com\/www.taumelland.de\/wp-content\/uploads\/2022\/04\/rosa3.jpg?fit=960%2C639&ssl=1","contentUrl":"https:\/\/i0.wp.com\/www.taumelland.de\/wp-content\/uploads\/2022\/04\/rosa3.jpg?fit=960%2C639&ssl=1","width":960,"height":639,"caption":"Marcus Bohl"},"logo":{"@id":"https:\/\/i0.wp.com\/www.taumelland.de\/wp-content\/uploads\/2022\/04\/rosa3.jpg?fit=960%2C639&ssl=1"},"sameAs":["https:\/\/www.instagram.com\/taumelland\/?hl=de"]},{"@type":"Person","@id":"https:\/\/www.taumelland.de\/#\/schema\/person\/7c3bfb4fefffd1a6bd38e8c18f296dbf","name":"Mbolee","sameAs":["http:\/\/taumelland.de"],"url":"https:\/\/www.taumelland.de\/index.php\/author\/mbolee\/"}]}},"jetpack_publicize_connections":[],"jetpack_featured_media_url":"https:\/\/i0.wp.com\/www.taumelland.de\/wp-content\/uploads\/2025\/06\/unbenannt-1003023.jpg?fit=800%2C532&ssl=1","jetpack_sharing_enabled":true,"jetpack_shortlink":"https:\/\/wp.me\/p77Evr-XH","jetpack-related-posts":[],"_links":{"self":[{"href":"https:\/\/www.taumelland.de\/index.php\/wp-json\/wp\/v2\/posts\/3701","targetHints":{"allow":["GET"]}}],"collection":[{"href":"https:\/\/www.taumelland.de\/index.php\/wp-json\/wp\/v2\/posts"}],"about":[{"href":"https:\/\/www.taumelland.de\/index.php\/wp-json\/wp\/v2\/types\/post"}],"author":[{"embeddable":true,"href":"https:\/\/www.taumelland.de\/index.php\/wp-json\/wp\/v2\/users\/1"}],"replies":[{"embeddable":true,"href":"https:\/\/www.taumelland.de\/index.php\/wp-json\/wp\/v2\/comments?post=3701"}],"version-history":[{"count":6,"href":"https:\/\/www.taumelland.de\/index.php\/wp-json\/wp\/v2\/posts\/3701\/revisions"}],"predecessor-version":[{"id":3723,"href":"https:\/\/www.taumelland.de\/index.php\/wp-json\/wp\/v2\/posts\/3701\/revisions\/3723"}],"wp:featuredmedia":[{"embeddable":true,"href":"https:\/\/www.taumelland.de\/index.php\/wp-json\/wp\/v2\/media\/3714"}],"wp:attachment":[{"href":"https:\/\/www.taumelland.de\/index.php\/wp-json\/wp\/v2\/media?parent=3701"}],"wp:term":[{"taxonomy":"category","embeddable":true,"href":"https:\/\/www.taumelland.de\/index.php\/wp-json\/wp\/v2\/categories?post=3701"},{"taxonomy":"post_tag","embeddable":true,"href":"https:\/\/www.taumelland.de\/index.php\/wp-json\/wp\/v2\/tags?post=3701"}],"curies":[{"name":"wp","href":"https:\/\/api.w.org\/{rel}","templated":true}]}}