{"id":3568,"date":"2025-02-23T16:45:39","date_gmt":"2025-02-23T15:45:39","guid":{"rendered":"https:\/\/www.taumelland.de\/?p=3568"},"modified":"2025-02-23T17:58:13","modified_gmt":"2025-02-23T16:58:13","slug":"im-rheingau-der-hinterlandswald","status":"publish","type":"post","link":"https:\/\/www.taumelland.de\/index.php\/2025\/02\/23\/im-rheingau-der-hinterlandswald\/","title":{"rendered":"Im Rheingau: Der Hinterlandswald"},"content":{"rendered":"\n<figure class=\"wp-block-image size-full\"><a href=\"https:\/\/i0.wp.com\/www.taumelland.de\/wp-content\/uploads\/2025\/02\/fabian_Schmalbachtal7.jpg?ssl=1\" target=\"_blank\"  rel=\"lightbox[3568]  noreferrer noopener\"><img data-recalc-dims=\"1\" loading=\"lazy\" decoding=\"async\" width=\"700\" height=\"466\" data-attachment-id=\"3575\" data-permalink=\"https:\/\/www.taumelland.de\/fabian_schmalbachtal7\/\" data-orig-file=\"https:\/\/i0.wp.com\/www.taumelland.de\/wp-content\/uploads\/2025\/02\/fabian_Schmalbachtal7.jpg?fit=800%2C532&amp;ssl=1\" data-orig-size=\"800,532\" data-comments-opened=\"1\" data-image-meta=\"{&quot;aperture&quot;:&quot;9&quot;,&quot;credit&quot;:&quot;&quot;,&quot;camera&quot;:&quot;LEICA Q3&quot;,&quot;caption&quot;:&quot;&quot;,&quot;created_timestamp&quot;:&quot;1735900401&quot;,&quot;copyright&quot;:&quot;&quot;,&quot;focal_length&quot;:&quot;28&quot;,&quot;iso&quot;:&quot;250&quot;,&quot;shutter_speed&quot;:&quot;0.02&quot;,&quot;title&quot;:&quot;&quot;,&quot;orientation&quot;:&quot;1&quot;}\" data-image-title=\"fabian_Schmalbachtal#7\" data-image-description=\"\" data-image-caption=\"&lt;p&gt;Auf einer gef\u00fchrten Tour durch den Hinterlandswald, Wispertaunus, Januar 2025&lt;\/p&gt;\n\" data-large-file=\"https:\/\/i0.wp.com\/www.taumelland.de\/wp-content\/uploads\/2025\/02\/fabian_Schmalbachtal7.jpg?fit=700%2C466&amp;ssl=1\" src=\"https:\/\/i0.wp.com\/www.taumelland.de\/wp-content\/uploads\/2025\/02\/fabian_Schmalbachtal7.jpg?resize=700%2C466&#038;ssl=1\" alt=\"Schmalbachtal\" class=\"wp-image-3575\" srcset=\"https:\/\/i0.wp.com\/www.taumelland.de\/wp-content\/uploads\/2025\/02\/fabian_Schmalbachtal7.jpg?w=800&amp;ssl=1 800w, https:\/\/i0.wp.com\/www.taumelland.de\/wp-content\/uploads\/2025\/02\/fabian_Schmalbachtal7.jpg?resize=300%2C200&amp;ssl=1 300w, https:\/\/i0.wp.com\/www.taumelland.de\/wp-content\/uploads\/2025\/02\/fabian_Schmalbachtal7.jpg?resize=150%2C100&amp;ssl=1 150w, https:\/\/i0.wp.com\/www.taumelland.de\/wp-content\/uploads\/2025\/02\/fabian_Schmalbachtal7.jpg?resize=580%2C386&amp;ssl=1 580w\" sizes=\"auto, (max-width: 700px) 100vw, 700px\" \/><\/a><figcaption class=\"wp-element-caption\">Auf einer gef\u00fchrten Tour durch den Hinterlandswald, Wispertaunus, Januar 2025<\/figcaption><\/figure>\n\n\n\n<h4 class=\"wp-block-heading\">Rund um das Schmalbachtal<\/h4>\n\n\n\n<p>Taumelland war mit fachkundiger Begleitung wandern im Hinterlandswald. Der Hinterlandswald bildet das gr\u00f6\u00dfte zusammenh\u00e4ngende \u2013 nicht durch Stra\u00dfen zerschnittene &#8211; Waldgebiet Hessens. Im Wesentlichen besteht es aus dem Ernstbachtal und seinen Nebent\u00e4lern bis hinunter zum Wispertal.<\/p>\n\n\n\n<figure class=\"wp-block-image size-full\"><a href=\"https:\/\/i0.wp.com\/www.taumelland.de\/wp-content\/uploads\/2025\/02\/Schmalbachtal1.jpg?ssl=1\" target=\"_blank\"  rel=\"lightbox[3568]  noreferrer noopener\"><img data-recalc-dims=\"1\" loading=\"lazy\" decoding=\"async\" width=\"700\" height=\"466\" data-attachment-id=\"3588\" data-permalink=\"https:\/\/www.taumelland.de\/schmalbachtal1\/\" data-orig-file=\"https:\/\/i0.wp.com\/www.taumelland.de\/wp-content\/uploads\/2025\/02\/Schmalbachtal1.jpg?fit=800%2C532&amp;ssl=1\" data-orig-size=\"800,532\" data-comments-opened=\"1\" data-image-meta=\"{&quot;aperture&quot;:&quot;9&quot;,&quot;credit&quot;:&quot;&quot;,&quot;camera&quot;:&quot;LEICA Q3&quot;,&quot;caption&quot;:&quot;&quot;,&quot;created_timestamp&quot;:&quot;1735896348&quot;,&quot;copyright&quot;:&quot;&quot;,&quot;focal_length&quot;:&quot;28&quot;,&quot;iso&quot;:&quot;100&quot;,&quot;shutter_speed&quot;:&quot;0.003125&quot;,&quot;title&quot;:&quot;&quot;,&quot;orientation&quot;:&quot;1&quot;}\" data-image-title=\"Schmalbachtal#2\" data-image-description=\"&lt;p&gt;Schmalbachtal, Felder \u00fcber Stephanshausen&lt;\/p&gt;\n\" data-image-caption=\"&lt;p&gt;Felder \u00fcber Stephanshausen, Wispertaunus, Januar 2025&lt;\/p&gt;\n\" data-large-file=\"https:\/\/i0.wp.com\/www.taumelland.de\/wp-content\/uploads\/2025\/02\/Schmalbachtal1.jpg?fit=700%2C466&amp;ssl=1\" src=\"https:\/\/i0.wp.com\/www.taumelland.de\/wp-content\/uploads\/2025\/02\/Schmalbachtal1.jpg?resize=700%2C466&#038;ssl=1\" alt=\"Rund ums Schmalbachtal, Felder \u00fcber Stephanshausen\" class=\"wp-image-3588\" srcset=\"https:\/\/i0.wp.com\/www.taumelland.de\/wp-content\/uploads\/2025\/02\/Schmalbachtal1.jpg?w=800&amp;ssl=1 800w, https:\/\/i0.wp.com\/www.taumelland.de\/wp-content\/uploads\/2025\/02\/Schmalbachtal1.jpg?resize=300%2C200&amp;ssl=1 300w, https:\/\/i0.wp.com\/www.taumelland.de\/wp-content\/uploads\/2025\/02\/Schmalbachtal1.jpg?resize=150%2C100&amp;ssl=1 150w, https:\/\/i0.wp.com\/www.taumelland.de\/wp-content\/uploads\/2025\/02\/Schmalbachtal1.jpg?resize=580%2C386&amp;ssl=1 580w\" sizes=\"auto, (max-width: 700px) 100vw, 700px\" \/><\/a><figcaption class=\"wp-element-caption\">Felder \u00fcber Stephanshausen, Wispertaunus, Januar 2025<\/figcaption><\/figure>\n\n\n\n<figure class=\"wp-block-gallery has-nested-images columns-default is-cropped wp-block-gallery-1 is-layout-flex wp-block-gallery-is-layout-flex\">\n<figure class=\"wp-block-image size-large\"><a href=\"https:\/\/i0.wp.com\/www.taumelland.de\/wp-content\/uploads\/2025\/02\/fabian_Schmalbachtal5.jpg?ssl=1\" target=\"_blank\"  rel=\"lightbox[3568]  noreferrer noopener\"><img data-recalc-dims=\"1\" loading=\"lazy\" decoding=\"async\" width=\"700\" height=\"466\" data-attachment-id=\"3573\" data-permalink=\"https:\/\/www.taumelland.de\/fabian_schmalbachtal5\/\" data-orig-file=\"https:\/\/i0.wp.com\/www.taumelland.de\/wp-content\/uploads\/2025\/02\/fabian_Schmalbachtal5.jpg?fit=800%2C532&amp;ssl=1\" data-orig-size=\"800,532\" data-comments-opened=\"1\" data-image-meta=\"{&quot;aperture&quot;:&quot;9&quot;,&quot;credit&quot;:&quot;&quot;,&quot;camera&quot;:&quot;LEICA Q3&quot;,&quot;caption&quot;:&quot;&quot;,&quot;created_timestamp&quot;:&quot;1735898140&quot;,&quot;copyright&quot;:&quot;&quot;,&quot;focal_length&quot;:&quot;28&quot;,&quot;iso&quot;:&quot;400&quot;,&quot;shutter_speed&quot;:&quot;0.02&quot;,&quot;title&quot;:&quot;&quot;,&quot;orientation&quot;:&quot;1&quot;}\" data-image-title=\"fabian_Schmalbachtal#5\" data-image-description=\"\" data-image-caption=\"&lt;p&gt;Wildschwinspur&lt;\/p&gt;\n\" data-large-file=\"https:\/\/i0.wp.com\/www.taumelland.de\/wp-content\/uploads\/2025\/02\/fabian_Schmalbachtal5.jpg?fit=700%2C466&amp;ssl=1\" data-id=\"3573\" src=\"https:\/\/i0.wp.com\/www.taumelland.de\/wp-content\/uploads\/2025\/02\/fabian_Schmalbachtal5.jpg?resize=700%2C466&#038;ssl=1\" alt=\"\" class=\"wp-image-3573\" srcset=\"https:\/\/i0.wp.com\/www.taumelland.de\/wp-content\/uploads\/2025\/02\/fabian_Schmalbachtal5.jpg?w=800&amp;ssl=1 800w, https:\/\/i0.wp.com\/www.taumelland.de\/wp-content\/uploads\/2025\/02\/fabian_Schmalbachtal5.jpg?resize=300%2C200&amp;ssl=1 300w, https:\/\/i0.wp.com\/www.taumelland.de\/wp-content\/uploads\/2025\/02\/fabian_Schmalbachtal5.jpg?resize=150%2C100&amp;ssl=1 150w, https:\/\/i0.wp.com\/www.taumelland.de\/wp-content\/uploads\/2025\/02\/fabian_Schmalbachtal5.jpg?resize=580%2C386&amp;ssl=1 580w\" sizes=\"auto, (max-width: 700px) 100vw, 700px\" \/><\/a><\/figure>\n\n\n\n<figure class=\"wp-block-image size-large\"><a href=\"https:\/\/i0.wp.com\/www.taumelland.de\/wp-content\/uploads\/2025\/02\/fabian_Schmalbachtal4.jpg?ssl=1\" target=\"_blank\"  rel=\"lightbox[3568]  noreferrer noopener\"><img data-recalc-dims=\"1\" loading=\"lazy\" decoding=\"async\" width=\"700\" height=\"466\" data-attachment-id=\"3572\" data-permalink=\"https:\/\/www.taumelland.de\/fabian_schmalbachtal4\/\" data-orig-file=\"https:\/\/i0.wp.com\/www.taumelland.de\/wp-content\/uploads\/2025\/02\/fabian_Schmalbachtal4.jpg?fit=800%2C532&amp;ssl=1\" data-orig-size=\"800,532\" data-comments-opened=\"1\" data-image-meta=\"{&quot;aperture&quot;:&quot;9&quot;,&quot;credit&quot;:&quot;&quot;,&quot;camera&quot;:&quot;LEICA Q3&quot;,&quot;caption&quot;:&quot;&quot;,&quot;created_timestamp&quot;:&quot;1735898187&quot;,&quot;copyright&quot;:&quot;&quot;,&quot;focal_length&quot;:&quot;28&quot;,&quot;iso&quot;:&quot;320&quot;,&quot;shutter_speed&quot;:&quot;0.02&quot;,&quot;title&quot;:&quot;&quot;,&quot;orientation&quot;:&quot;1&quot;}\" data-image-title=\"fabian_Schmalbachtal#4\" data-image-description=\"&lt;p&gt;Schmalbachtal, Wispertaunus, Tierspuren&lt;\/p&gt;\n\" data-image-caption=\"&lt;p&gt;Fuchsspur&lt;\/p&gt;\n\" data-large-file=\"https:\/\/i0.wp.com\/www.taumelland.de\/wp-content\/uploads\/2025\/02\/fabian_Schmalbachtal4.jpg?fit=700%2C466&amp;ssl=1\" data-id=\"3572\" src=\"https:\/\/i0.wp.com\/www.taumelland.de\/wp-content\/uploads\/2025\/02\/fabian_Schmalbachtal4.jpg?resize=700%2C466&#038;ssl=1\" alt=\"Schmalbachtal, Wispertaunus, Tierspuren\" class=\"wp-image-3572\" srcset=\"https:\/\/i0.wp.com\/www.taumelland.de\/wp-content\/uploads\/2025\/02\/fabian_Schmalbachtal4.jpg?w=800&amp;ssl=1 800w, https:\/\/i0.wp.com\/www.taumelland.de\/wp-content\/uploads\/2025\/02\/fabian_Schmalbachtal4.jpg?resize=300%2C200&amp;ssl=1 300w, https:\/\/i0.wp.com\/www.taumelland.de\/wp-content\/uploads\/2025\/02\/fabian_Schmalbachtal4.jpg?resize=150%2C100&amp;ssl=1 150w, https:\/\/i0.wp.com\/www.taumelland.de\/wp-content\/uploads\/2025\/02\/fabian_Schmalbachtal4.jpg?resize=580%2C386&amp;ssl=1 580w\" sizes=\"auto, (max-width: 700px) 100vw, 700px\" \/><\/a><\/figure>\n<figcaption class=\"blocks-gallery-caption wp-element-caption\">Wo sich Wildschwein und Fuchs Gute Nacht sagen, Schmalbachtal, Wispertaunus, Januar 2025<\/figcaption><\/figure>\n\n\n\n<figure class=\"wp-block-image size-full\"><a href=\"https:\/\/i0.wp.com\/www.taumelland.de\/wp-content\/uploads\/2025\/02\/fabian_Schmalbachtal3.jpg?ssl=1\" target=\"_blank\"  rel=\"lightbox[3568]  noreferrer noopener\"><img data-recalc-dims=\"1\" loading=\"lazy\" decoding=\"async\" width=\"700\" height=\"466\" data-attachment-id=\"3571\" data-permalink=\"https:\/\/www.taumelland.de\/fabian_schmalbachtal3\/\" data-orig-file=\"https:\/\/i0.wp.com\/www.taumelland.de\/wp-content\/uploads\/2025\/02\/fabian_Schmalbachtal3.jpg?fit=800%2C532&amp;ssl=1\" data-orig-size=\"800,532\" data-comments-opened=\"1\" data-image-meta=\"{&quot;aperture&quot;:&quot;1.8&quot;,&quot;credit&quot;:&quot;&quot;,&quot;camera&quot;:&quot;LEICA Q3&quot;,&quot;caption&quot;:&quot;&quot;,&quot;created_timestamp&quot;:&quot;1735898651&quot;,&quot;copyright&quot;:&quot;&quot;,&quot;focal_length&quot;:&quot;28&quot;,&quot;iso&quot;:&quot;100&quot;,&quot;shutter_speed&quot;:&quot;0.002&quot;,&quot;title&quot;:&quot;&quot;,&quot;orientation&quot;:&quot;1&quot;}\" data-image-title=\"fabian_Schmalbachtal#3\" data-image-description=\"&lt;p&gt;Schmalbachtal, vom Eichenprachtk\u00e4fer gesch\u00e4digte Eiche,&lt;\/p&gt;\n\" data-image-caption=\"&lt;p&gt;Vom Eichenprachtk\u00e4fer gesch\u00e4digte Eiche, Schmalbachtal, Wispertaunus, 2025&lt;\/p&gt;\n\" data-large-file=\"https:\/\/i0.wp.com\/www.taumelland.de\/wp-content\/uploads\/2025\/02\/fabian_Schmalbachtal3.jpg?fit=700%2C466&amp;ssl=1\" src=\"https:\/\/i0.wp.com\/www.taumelland.de\/wp-content\/uploads\/2025\/02\/fabian_Schmalbachtal3.jpg?resize=700%2C466&#038;ssl=1\" alt=\"Schmalbachtal, vom Eichenprachtk\u00e4fer gesch\u00e4digte Eiche,\" class=\"wp-image-3571\" srcset=\"https:\/\/i0.wp.com\/www.taumelland.de\/wp-content\/uploads\/2025\/02\/fabian_Schmalbachtal3.jpg?w=800&amp;ssl=1 800w, https:\/\/i0.wp.com\/www.taumelland.de\/wp-content\/uploads\/2025\/02\/fabian_Schmalbachtal3.jpg?resize=300%2C200&amp;ssl=1 300w, https:\/\/i0.wp.com\/www.taumelland.de\/wp-content\/uploads\/2025\/02\/fabian_Schmalbachtal3.jpg?resize=150%2C100&amp;ssl=1 150w, https:\/\/i0.wp.com\/www.taumelland.de\/wp-content\/uploads\/2025\/02\/fabian_Schmalbachtal3.jpg?resize=580%2C386&amp;ssl=1 580w\" sizes=\"auto, (max-width: 700px) 100vw, 700px\" \/><\/a><figcaption class=\"wp-element-caption\">Vom Eichenprachtk\u00e4fer befallene Eiche, Schmalbachtal, Wispertaunus, 2025<\/figcaption><\/figure>\n\n\n\n<p>Auf Grund seiner Abgeschiedenheit ist er einer der gr\u00f6\u00dften R\u00fcckzugsgebiete f\u00fcr Wildtiere in Hessen. Es ist auch eines der abgeschiedensten Gebiete in der N\u00e4he von Frankfurt. Obwohl nicht weit vom Rhein-Main Gebiet entfernt, findet kaum eine Menschenseele den Weg hierher. Besonders im Winter nicht.<br>\u00a0Im Winter kann es mehrere Tage lang dauern bis sich Irgendjemand in die tiefen T\u00e4ler des Hinterlandswald verirrt. So erz\u00e4hlt es mir meine Begleitung. Hier im Ernstbachtal gebe es Raben, F\u00fcchse, Wildscheine und W\u00f6lfe. Das glaube ich gerne. Wir konnten die Spuren von Wildschweinen, die Schn\u00fcrung von F\u00fcchsen im Schnee bestimmen und die Raben rufen h\u00f6ren. \u00a0Aber Wolfsspuren haben wir leider keine gefunden. \u00a0Daf\u00fcr aber eine \u201eWolfkamera\u201c an der Wickersheller-Br\u00fccke -einem \u201eZwangs-Wildwechsel\u201c zwischen Wickertal und Applbachtal. Die Kamera wurde samt Erkl\u00e4rung von dem Hlnug (Hessisches Landesamt f\u00fcr Naturschutz, Umwelt und Geologie) und dem Wolfszentrum Hessen aufgestellt.\u00a0 Erstmals wurden W\u00f6lfe 2021 im Hinterlandswald nachgewiesen, es handelte sich um das erste Wolfsrudel in Hessen. (<a href=\"https:\/\/de.wikipedia.org\/wiki\/Hinterlandswald\" target=\"_blank\" rel=\"noreferrer noopener\">Wikipedia<\/a>). Aber wie schon gesagt, so gerne ich sie treffen w\u00fcrde, so wenig scheinen sie auf meine (unsere) Gesellschaft wertzulegen. Zum Gl\u00fcck habe ich einen guten Freund, der die seltenen Wildtiere nur so anzieht und das auch schon \u00f6fter unter Beweis gestellt hat. So hat er bei einem gemeinsamen Urlaub, B\u00e4ren, Kojoten und noch viel mehr, was kreucht und fleucht und Selten ist ersp\u00e4ht, wo ich erstmals gar nichts zu Gesicht bekommen habe. Ich werde ihn mal zu einem gemeinsamen Ausflug zu den W\u00f6lfen des Hinterlandwaldes \u00fcberreden. \u00a0<\/p>\n\n\n\n<figure class=\"wp-block-image size-full\"><a href=\"https:\/\/i0.wp.com\/www.taumelland.de\/wp-content\/uploads\/2025\/02\/fabian_Schmalbachtal12.jpg?ssl=1\" target=\"_blank\"  rel=\"lightbox[3568]  noreferrer noopener\"><img data-recalc-dims=\"1\" loading=\"lazy\" decoding=\"async\" width=\"700\" height=\"466\" data-attachment-id=\"3580\" data-permalink=\"https:\/\/www.taumelland.de\/fabian_schmalbachtal12\/\" data-orig-file=\"https:\/\/i0.wp.com\/www.taumelland.de\/wp-content\/uploads\/2025\/02\/fabian_Schmalbachtal12.jpg?fit=800%2C532&amp;ssl=1\" data-orig-size=\"800,532\" data-comments-opened=\"1\" data-image-meta=\"{&quot;aperture&quot;:&quot;11&quot;,&quot;credit&quot;:&quot;&quot;,&quot;camera&quot;:&quot;LEICA Q3&quot;,&quot;caption&quot;:&quot;&quot;,&quot;created_timestamp&quot;:&quot;1735901754&quot;,&quot;copyright&quot;:&quot;&quot;,&quot;focal_length&quot;:&quot;28&quot;,&quot;iso&quot;:&quot;250&quot;,&quot;shutter_speed&quot;:&quot;0.02&quot;,&quot;title&quot;:&quot;&quot;,&quot;orientation&quot;:&quot;1&quot;}\" data-image-title=\"fabian_Schmalbachtal#12\" data-image-description=\"&lt;p&gt;Eichensch\u00e4lwald, bedeckt die H\u00f6henz\u00fcge, Schmalbachtal, Wispertaunus, Januar 2025&lt;\/p&gt;\n\" data-image-caption=\"&lt;p&gt;Eichensch\u00e4lwald, bedeckt die H\u00f6henz\u00fcge, Schmalbachtal, Wispertaunus, Januar 2025&lt;\/p&gt;\n\" data-large-file=\"https:\/\/i0.wp.com\/www.taumelland.de\/wp-content\/uploads\/2025\/02\/fabian_Schmalbachtal12.jpg?fit=700%2C466&amp;ssl=1\" src=\"https:\/\/i0.wp.com\/www.taumelland.de\/wp-content\/uploads\/2025\/02\/fabian_Schmalbachtal12.jpg?resize=700%2C466&#038;ssl=1\" alt=\"Schmalbachtal, eichen Lohwald, eichensch\u00e4lwald\" class=\"wp-image-3580\" srcset=\"https:\/\/i0.wp.com\/www.taumelland.de\/wp-content\/uploads\/2025\/02\/fabian_Schmalbachtal12.jpg?w=800&amp;ssl=1 800w, https:\/\/i0.wp.com\/www.taumelland.de\/wp-content\/uploads\/2025\/02\/fabian_Schmalbachtal12.jpg?resize=300%2C200&amp;ssl=1 300w, https:\/\/i0.wp.com\/www.taumelland.de\/wp-content\/uploads\/2025\/02\/fabian_Schmalbachtal12.jpg?resize=150%2C100&amp;ssl=1 150w, https:\/\/i0.wp.com\/www.taumelland.de\/wp-content\/uploads\/2025\/02\/fabian_Schmalbachtal12.jpg?resize=580%2C386&amp;ssl=1 580w\" sizes=\"auto, (max-width: 700px) 100vw, 700px\" \/><\/a><figcaption class=\"wp-element-caption\">Eichensch\u00e4lwald (Lohwald), bedeckt die H\u00f6henz\u00fcge, Schmalbachtal, Wispertaunus, Januar 2025<\/figcaption><\/figure>\n\n\n\n<figure class=\"wp-block-image size-full\"><a href=\"https:\/\/i0.wp.com\/www.taumelland.de\/wp-content\/uploads\/2025\/02\/fabian_Schmalbachtal10.jpg?ssl=1\" target=\"_blank\"  rel=\"lightbox[3568]  noreferrer noopener\"><img data-recalc-dims=\"1\" loading=\"lazy\" decoding=\"async\" width=\"700\" height=\"466\" data-attachment-id=\"3578\" data-permalink=\"https:\/\/www.taumelland.de\/fabian_schmalbachtal10\/\" data-orig-file=\"https:\/\/i0.wp.com\/www.taumelland.de\/wp-content\/uploads\/2025\/02\/fabian_Schmalbachtal10.jpg?fit=800%2C532&amp;ssl=1\" data-orig-size=\"800,532\" data-comments-opened=\"1\" data-image-meta=\"{&quot;aperture&quot;:&quot;11&quot;,&quot;credit&quot;:&quot;&quot;,&quot;camera&quot;:&quot;LEICA Q3&quot;,&quot;caption&quot;:&quot;&quot;,&quot;created_timestamp&quot;:&quot;1735901292&quot;,&quot;copyright&quot;:&quot;&quot;,&quot;focal_length&quot;:&quot;28&quot;,&quot;iso&quot;:&quot;800&quot;,&quot;shutter_speed&quot;:&quot;0.02&quot;,&quot;title&quot;:&quot;&quot;,&quot;orientation&quot;:&quot;1&quot;}\" data-image-title=\"fabian_Schmalbachtal#10\" data-image-description=\"&lt;p&gt;Hinter verf\u00fchrt uns der Weg. Schmalbachtal, Wispertaunus, Janu&lt;\/p&gt;\n\" data-image-caption=\"&lt;p&gt;Hinter verf\u00fchrt uns der Weg. Schmalbachtal, Wispertaunus, Januar 2025&lt;\/p&gt;\n\" data-large-file=\"https:\/\/i0.wp.com\/www.taumelland.de\/wp-content\/uploads\/2025\/02\/fabian_Schmalbachtal10.jpg?fit=700%2C466&amp;ssl=1\" src=\"https:\/\/i0.wp.com\/www.taumelland.de\/wp-content\/uploads\/2025\/02\/fabian_Schmalbachtal10.jpg?resize=700%2C466&#038;ssl=1\" alt=\"Schmalbachtal, hinunter f\u00fchrt der Weg\" class=\"wp-image-3578\" srcset=\"https:\/\/i0.wp.com\/www.taumelland.de\/wp-content\/uploads\/2025\/02\/fabian_Schmalbachtal10.jpg?w=800&amp;ssl=1 800w, https:\/\/i0.wp.com\/www.taumelland.de\/wp-content\/uploads\/2025\/02\/fabian_Schmalbachtal10.jpg?resize=300%2C200&amp;ssl=1 300w, https:\/\/i0.wp.com\/www.taumelland.de\/wp-content\/uploads\/2025\/02\/fabian_Schmalbachtal10.jpg?resize=150%2C100&amp;ssl=1 150w, https:\/\/i0.wp.com\/www.taumelland.de\/wp-content\/uploads\/2025\/02\/fabian_Schmalbachtal10.jpg?resize=580%2C386&amp;ssl=1 580w\" sizes=\"auto, (max-width: 700px) 100vw, 700px\" \/><\/a><figcaption class=\"wp-element-caption\">Hinunter f\u00fchrt uns der Weg. Schmalbachtal, Wispertaunus, Januar 2025<\/figcaption><\/figure>\n\n\n\n<figure class=\"wp-block-image size-full\"><a href=\"https:\/\/i0.wp.com\/www.taumelland.de\/wp-content\/uploads\/2025\/02\/fabian_Schmalbachtal14.jpg?ssl=1\" target=\"_blank\"  rel=\"lightbox[3568]  noreferrer noopener\"><img data-recalc-dims=\"1\" loading=\"lazy\" decoding=\"async\" width=\"700\" height=\"466\" data-attachment-id=\"3581\" data-permalink=\"https:\/\/www.taumelland.de\/fabian_schmalbachtal14\/\" data-orig-file=\"https:\/\/i0.wp.com\/www.taumelland.de\/wp-content\/uploads\/2025\/02\/fabian_Schmalbachtal14.jpg?fit=800%2C532&amp;ssl=1\" data-orig-size=\"800,532\" data-comments-opened=\"1\" data-image-meta=\"{&quot;aperture&quot;:&quot;8&quot;,&quot;credit&quot;:&quot;&quot;,&quot;camera&quot;:&quot;LEICA Q3&quot;,&quot;caption&quot;:&quot;&quot;,&quot;created_timestamp&quot;:&quot;1735902956&quot;,&quot;copyright&quot;:&quot;&quot;,&quot;focal_length&quot;:&quot;28&quot;,&quot;iso&quot;:&quot;100&quot;,&quot;shutter_speed&quot;:&quot;0.008&quot;,&quot;title&quot;:&quot;&quot;,&quot;orientation&quot;:&quot;1&quot;}\" data-image-title=\"fabian_Schmalbachtal#14\" data-image-description=\"&lt;p&gt;An der Kreuzung Applbachtal\/Wickerbachtal, Schmalbachtal, Wispertaunus, Januar 2025&lt;\/p&gt;\n\" data-image-caption=\"&lt;p&gt;An der Kreuzung Applbachtal\/Wickershellertal, Schmalbachtal, wispertaunus, Januar 2025&lt;\/p&gt;\n\" data-large-file=\"https:\/\/i0.wp.com\/www.taumelland.de\/wp-content\/uploads\/2025\/02\/fabian_Schmalbachtal14.jpg?fit=700%2C466&amp;ssl=1\" src=\"https:\/\/i0.wp.com\/www.taumelland.de\/wp-content\/uploads\/2025\/02\/fabian_Schmalbachtal14.jpg?resize=700%2C466&#038;ssl=1\" alt=\"An der Kreuzung Applbachtal\/Wickerhellertal\" class=\"wp-image-3581\" srcset=\"https:\/\/i0.wp.com\/www.taumelland.de\/wp-content\/uploads\/2025\/02\/fabian_Schmalbachtal14.jpg?w=800&amp;ssl=1 800w, https:\/\/i0.wp.com\/www.taumelland.de\/wp-content\/uploads\/2025\/02\/fabian_Schmalbachtal14.jpg?resize=300%2C200&amp;ssl=1 300w, https:\/\/i0.wp.com\/www.taumelland.de\/wp-content\/uploads\/2025\/02\/fabian_Schmalbachtal14.jpg?resize=150%2C100&amp;ssl=1 150w, https:\/\/i0.wp.com\/www.taumelland.de\/wp-content\/uploads\/2025\/02\/fabian_Schmalbachtal14.jpg?resize=580%2C386&amp;ssl=1 580w\" sizes=\"auto, (max-width: 700px) 100vw, 700px\" \/><\/a><figcaption class=\"wp-element-caption\">An der Kreuzung Applbachtal\/Wickershellertal, Schmalbachtal, Wispertaunus, Januar 2025<\/figcaption><\/figure>\n\n\n\n<figure class=\"wp-block-image size-full\"><a href=\"https:\/\/i0.wp.com\/www.taumelland.de\/wp-content\/uploads\/2025\/02\/fabian_Schmalbachtal15.jpg?ssl=1\" target=\"_blank\"  rel=\"lightbox[3568]  noreferrer noopener\"><img data-recalc-dims=\"1\" loading=\"lazy\" decoding=\"async\" width=\"700\" height=\"466\" data-attachment-id=\"3582\" data-permalink=\"https:\/\/www.taumelland.de\/fabian_schmalbachtal15\/\" data-orig-file=\"https:\/\/i0.wp.com\/www.taumelland.de\/wp-content\/uploads\/2025\/02\/fabian_Schmalbachtal15.jpg?fit=800%2C532&amp;ssl=1\" data-orig-size=\"800,532\" data-comments-opened=\"1\" data-image-meta=\"{&quot;aperture&quot;:&quot;8&quot;,&quot;credit&quot;:&quot;&quot;,&quot;camera&quot;:&quot;LEICA Q3&quot;,&quot;caption&quot;:&quot;&quot;,&quot;created_timestamp&quot;:&quot;1735903106&quot;,&quot;copyright&quot;:&quot;&quot;,&quot;focal_length&quot;:&quot;28&quot;,&quot;iso&quot;:&quot;320&quot;,&quot;shutter_speed&quot;:&quot;0.02&quot;,&quot;title&quot;:&quot;&quot;,&quot;orientation&quot;:&quot;1&quot;}\" data-image-title=\"fabian_Schmalbachtal#15\" data-image-description=\"&lt;p&gt;Blick ins Applbachtal, Schmalbachtal, Wispertaunus, Januar 2025&lt;\/p&gt;\n\" data-image-caption=\"&lt;p&gt;Blick ins Applbachtal, Schmalbachtal, Wispertaunus, Januar 2025&lt;\/p&gt;\n\" data-large-file=\"https:\/\/i0.wp.com\/www.taumelland.de\/wp-content\/uploads\/2025\/02\/fabian_Schmalbachtal15.jpg?fit=700%2C466&amp;ssl=1\" src=\"https:\/\/i0.wp.com\/www.taumelland.de\/wp-content\/uploads\/2025\/02\/fabian_Schmalbachtal15.jpg?resize=700%2C466&#038;ssl=1\" alt=\"Blick ins Applbachtal, \" class=\"wp-image-3582\" srcset=\"https:\/\/i0.wp.com\/www.taumelland.de\/wp-content\/uploads\/2025\/02\/fabian_Schmalbachtal15.jpg?w=800&amp;ssl=1 800w, https:\/\/i0.wp.com\/www.taumelland.de\/wp-content\/uploads\/2025\/02\/fabian_Schmalbachtal15.jpg?resize=300%2C200&amp;ssl=1 300w, https:\/\/i0.wp.com\/www.taumelland.de\/wp-content\/uploads\/2025\/02\/fabian_Schmalbachtal15.jpg?resize=150%2C100&amp;ssl=1 150w, https:\/\/i0.wp.com\/www.taumelland.de\/wp-content\/uploads\/2025\/02\/fabian_Schmalbachtal15.jpg?resize=580%2C386&amp;ssl=1 580w\" sizes=\"auto, (max-width: 700px) 100vw, 700px\" \/><\/a><figcaption class=\"wp-element-caption\">Blick ins Applbachtal, Schmalbachtal, Wispertaunus, Januar 2025<\/figcaption><\/figure>\n\n\n\n<figure class=\"wp-block-image size-full\"><a href=\"https:\/\/i0.wp.com\/www.taumelland.de\/wp-content\/uploads\/2025\/02\/fabian_Schmalbachtal16.jpg?ssl=1\" target=\"_blank\"  rel=\"lightbox[3568]  noreferrer noopener\"><img data-recalc-dims=\"1\" loading=\"lazy\" decoding=\"async\" width=\"700\" height=\"466\" data-attachment-id=\"3583\" data-permalink=\"https:\/\/www.taumelland.de\/fabian_schmalbachtal16\/\" data-orig-file=\"https:\/\/i0.wp.com\/www.taumelland.de\/wp-content\/uploads\/2025\/02\/fabian_Schmalbachtal16.jpg?fit=800%2C532&amp;ssl=1\" data-orig-size=\"800,532\" data-comments-opened=\"1\" data-image-meta=\"{&quot;aperture&quot;:&quot;8&quot;,&quot;credit&quot;:&quot;&quot;,&quot;camera&quot;:&quot;LEICA Q3&quot;,&quot;caption&quot;:&quot;&quot;,&quot;created_timestamp&quot;:&quot;1735906319&quot;,&quot;copyright&quot;:&quot;&quot;,&quot;focal_length&quot;:&quot;28&quot;,&quot;iso&quot;:&quot;1000&quot;,&quot;shutter_speed&quot;:&quot;0.02&quot;,&quot;title&quot;:&quot;&quot;,&quot;orientation&quot;:&quot;1&quot;}\" data-image-title=\"fabian_Schmalbachtal#16\" data-image-description=\"&lt;p&gt;Im Ernstbachtal, Schmalbachtal,Wispertaunus, Januar 2025&lt;\/p&gt;\n\" data-image-caption=\"&lt;p&gt;Im Ernstbachtal, Schmalbachtal,Wispertaunus, Januar 2025&lt;\/p&gt;\n\" data-large-file=\"https:\/\/i0.wp.com\/www.taumelland.de\/wp-content\/uploads\/2025\/02\/fabian_Schmalbachtal16.jpg?fit=700%2C466&amp;ssl=1\" src=\"https:\/\/i0.wp.com\/www.taumelland.de\/wp-content\/uploads\/2025\/02\/fabian_Schmalbachtal16.jpg?resize=700%2C466&#038;ssl=1\" alt=\"Im Ernstbachtal, Wispertaunus\" class=\"wp-image-3583\" srcset=\"https:\/\/i0.wp.com\/www.taumelland.de\/wp-content\/uploads\/2025\/02\/fabian_Schmalbachtal16.jpg?w=800&amp;ssl=1 800w, https:\/\/i0.wp.com\/www.taumelland.de\/wp-content\/uploads\/2025\/02\/fabian_Schmalbachtal16.jpg?resize=300%2C200&amp;ssl=1 300w, https:\/\/i0.wp.com\/www.taumelland.de\/wp-content\/uploads\/2025\/02\/fabian_Schmalbachtal16.jpg?resize=150%2C100&amp;ssl=1 150w, https:\/\/i0.wp.com\/www.taumelland.de\/wp-content\/uploads\/2025\/02\/fabian_Schmalbachtal16.jpg?resize=580%2C386&amp;ssl=1 580w\" sizes=\"auto, (max-width: 700px) 100vw, 700px\" \/><\/a><figcaption class=\"wp-element-caption\">Im Ernstbachtal, Schmalbachtal,Wispertaunus, Januar 2025<\/figcaption><\/figure>\n\n\n\n<p>Der Hinterlandswald hat seinen Namen von seiner Lage au\u00dferhalb des Rheingauer Geb\u00fccks, einen ehemaligen schwer zu durchdringenden Schutzwall aus Hainbuchen-Hecken, die zur Zugangskontrolle des Rheingaus errichtet worden war. Hinterlandswald bezeichnete die zur Landallmende geh\u00f6renden W\u00e4lder au\u00dferhalb des Geb\u00fccks. Im Unterschied zum Vorderlandswald, dessen Nutzungsrechte unter den Rheingau Gemeinden aufgeteilt worden war (<a href=\"https:\/\/de.wikipedia.org\/wiki\/Hinterlandswald\" target=\"_blank\" rel=\"noreferrer noopener\">Wikipedia<\/a>). \u00a0Taumellands gef\u00fchrte, winterliche Wanderung f\u00fchrte von Stephanshausen einmal rund um das Schmalbachtal. Technisch ist die Wanderung weitestgehend unproblematisch und als leicht zu bezeichnen. Aber eine kleine Schwierigkeit gilt es doch zu bew\u00e4ltigen. Auf dem Weg hinab ins Ernstbachtal \u00fcberquert man den gleichnamigen Bach an der schon erw\u00e4hnten Wickersheller-Br\u00fccke \u2013 kein Problem, nur muss man den Ernstbach \u2013 wenn man das Schmalbachtal wieder hinaufwill, um zum Ausgangspunkt zur\u00fcckzukehren- ein zweiten Mal \u00fcberqueren und hier gibt es nur eine Furt. F\u00fchrt der Ernstbach Hochwasser kann das Furten sich als schwierig erweisen und man muss vielleicht wieder umdrehen, oder dem Ernstbach talabw\u00e4rts folgend weiter unten sein Gl\u00fcck versuchen. \u00a0<\/p>\n\n\n\n<figure class=\"wp-block-image size-full\"><a href=\"https:\/\/i0.wp.com\/www.taumelland.de\/wp-content\/uploads\/2025\/02\/fabian_Schmalbachtal20.jpg?ssl=1\" target=\"_blank\"  rel=\"lightbox[3568]  noreferrer noopener\"><img data-recalc-dims=\"1\" loading=\"lazy\" decoding=\"async\" width=\"700\" height=\"466\" data-attachment-id=\"3585\" data-permalink=\"https:\/\/www.taumelland.de\/fabian_schmalbachtal20\/\" data-orig-file=\"https:\/\/i0.wp.com\/www.taumelland.de\/wp-content\/uploads\/2025\/02\/fabian_Schmalbachtal20.jpg?fit=800%2C532&amp;ssl=1\" data-orig-size=\"800,532\" data-comments-opened=\"1\" data-image-meta=\"{&quot;aperture&quot;:&quot;8&quot;,&quot;credit&quot;:&quot;&quot;,&quot;camera&quot;:&quot;LEICA Q3&quot;,&quot;caption&quot;:&quot;&quot;,&quot;created_timestamp&quot;:&quot;1735908451&quot;,&quot;copyright&quot;:&quot;&quot;,&quot;focal_length&quot;:&quot;28&quot;,&quot;iso&quot;:&quot;160&quot;,&quot;shutter_speed&quot;:&quot;0.02&quot;,&quot;title&quot;:&quot;&quot;,&quot;orientation&quot;:&quot;1&quot;}\" data-image-title=\"fabian_Schmalbachtal#20\" data-image-description=\"&lt;p&gt;Ausgedehnte Brombeerhecken dominieren die Rodungsfl\u00e4chen. sie bieten jungen Trieben einen guten Schutz vor Wildverbiss, so dass die Forstwirtschaft das zum Teil auch aktiv nutzt. Man muss nur schnell genug sein.&lt;\/p&gt;\n\" data-image-caption=\"&lt;p&gt;Ausgedehnte Brombeerhecken dominieren die Rodungsfl\u00e4chen. sie bieten jungen Trieben einen guten Schutz vor Wildverbiss, so dass die Forstwirtschaft das zum Teil auch aktiv nutzt. Man muss nur schnell genug sein.&lt;\/p&gt;\n\" data-large-file=\"https:\/\/i0.wp.com\/www.taumelland.de\/wp-content\/uploads\/2025\/02\/fabian_Schmalbachtal20.jpg?fit=700%2C466&amp;ssl=1\" src=\"https:\/\/i0.wp.com\/www.taumelland.de\/wp-content\/uploads\/2025\/02\/fabian_Schmalbachtal20.jpg?resize=700%2C466&#038;ssl=1\" alt=\"Brombeerhecken bedecken die Rodungsfl\u00e4chen\" class=\"wp-image-3585\" srcset=\"https:\/\/i0.wp.com\/www.taumelland.de\/wp-content\/uploads\/2025\/02\/fabian_Schmalbachtal20.jpg?w=800&amp;ssl=1 800w, https:\/\/i0.wp.com\/www.taumelland.de\/wp-content\/uploads\/2025\/02\/fabian_Schmalbachtal20.jpg?resize=300%2C200&amp;ssl=1 300w, https:\/\/i0.wp.com\/www.taumelland.de\/wp-content\/uploads\/2025\/02\/fabian_Schmalbachtal20.jpg?resize=150%2C100&amp;ssl=1 150w, https:\/\/i0.wp.com\/www.taumelland.de\/wp-content\/uploads\/2025\/02\/fabian_Schmalbachtal20.jpg?resize=580%2C386&amp;ssl=1 580w\" sizes=\"auto, (max-width: 700px) 100vw, 700px\" \/><\/a><figcaption class=\"wp-element-caption\">Ausgedehnte Brombeerhecken dominieren die Rodungsfl\u00e4chen. Sie bieten jungen Baum-Trieben einen guten Schutz vor Wildverbiss. Schmalbachtal, Wispertaunus, Januar 2025<\/figcaption><\/figure>\n\n\n\n<figure class=\"wp-block-image size-full\"><a href=\"https:\/\/i0.wp.com\/www.taumelland.de\/wp-content\/uploads\/2025\/02\/fabian_Schmalbachtal21.jpg?ssl=1\" target=\"_blank\"  rel=\"lightbox[3568]  noreferrer noopener\"><img data-recalc-dims=\"1\" loading=\"lazy\" decoding=\"async\" width=\"700\" height=\"466\" data-attachment-id=\"3586\" data-permalink=\"https:\/\/www.taumelland.de\/fabian_schmalbachtal21\/\" data-orig-file=\"https:\/\/i0.wp.com\/www.taumelland.de\/wp-content\/uploads\/2025\/02\/fabian_Schmalbachtal21.jpg?fit=800%2C532&amp;ssl=1\" data-orig-size=\"800,532\" data-comments-opened=\"1\" data-image-meta=\"{&quot;aperture&quot;:&quot;8&quot;,&quot;credit&quot;:&quot;&quot;,&quot;camera&quot;:&quot;LEICA Q3&quot;,&quot;caption&quot;:&quot;&quot;,&quot;created_timestamp&quot;:&quot;1735911370&quot;,&quot;copyright&quot;:&quot;&quot;,&quot;focal_length&quot;:&quot;28&quot;,&quot;iso&quot;:&quot;100&quot;,&quot;shutter_speed&quot;:&quot;0.0166666666667&quot;,&quot;title&quot;:&quot;&quot;,&quot;orientation&quot;:&quot;1&quot;}\" data-image-title=\"fabian_Schmalbachtal#21\" data-image-description=\"&lt;p&gt;toten Fichten bleiben noch circa drei Jahre nach ihrem Absterben als Baumgerippe stehen. Danach fallen sie endg\u00fcltig in sich zusammen. &lt;\/p&gt;\n\" data-image-caption=\"&lt;p&gt;Baumgerippe, die toten Fichten bleiben noch circa drei Jahre nach ihrem Absterben als Baumgerippe stehen. Danach fallen sie endg\u00fcltig in sich zusammen. &lt;\/p&gt;\n\" data-large-file=\"https:\/\/i0.wp.com\/www.taumelland.de\/wp-content\/uploads\/2025\/02\/fabian_Schmalbachtal21.jpg?fit=700%2C466&amp;ssl=1\" src=\"https:\/\/i0.wp.com\/www.taumelland.de\/wp-content\/uploads\/2025\/02\/fabian_Schmalbachtal21.jpg?resize=700%2C466&#038;ssl=1\" alt=\"Baumgerippe.\" class=\"wp-image-3586\" srcset=\"https:\/\/i0.wp.com\/www.taumelland.de\/wp-content\/uploads\/2025\/02\/fabian_Schmalbachtal21.jpg?w=800&amp;ssl=1 800w, https:\/\/i0.wp.com\/www.taumelland.de\/wp-content\/uploads\/2025\/02\/fabian_Schmalbachtal21.jpg?resize=300%2C200&amp;ssl=1 300w, https:\/\/i0.wp.com\/www.taumelland.de\/wp-content\/uploads\/2025\/02\/fabian_Schmalbachtal21.jpg?resize=150%2C100&amp;ssl=1 150w, https:\/\/i0.wp.com\/www.taumelland.de\/wp-content\/uploads\/2025\/02\/fabian_Schmalbachtal21.jpg?resize=580%2C386&amp;ssl=1 580w\" sizes=\"auto, (max-width: 700px) 100vw, 700px\" \/><\/a><figcaption class=\"wp-element-caption\">Baumgerippe, die toten Fichten bleiben noch circa drei Jahre nach ihrem Absterben als Baumgerippe stehen. Danach fallen sie endg\u00fcltig in sich zusammen. Schmalbachtal, Wispertaunus, Januar 2025<\/figcaption><\/figure>\n\n\n\n<p>Zum Schluss noch ein Song der mir schon seit Tagen im Kopf rum spukt: <br>Zwar unpassend zum Beitrag aber umso passender zum Zeitgesehen (in den 60zigern hatten sie es auch nicht leicht):<\/p>\n\n\n\n<blockquote class=\"wp-block-quote is-layout-flow wp-block-quote-is-layout-flow\">\n<p>I see the bad moon a-rising<br>I see trouble on the way<br>I see earthquakes and lightning<br>I see bad times today<br><br>( &#8230; )<br><br>Hope you got your things together<br>Hope you are quite prepared to die<br>Looks like we&#8217;re in for nasty weather<br>One eye is taken for an eye<br><br>Well, don&#8217;t go around tonight<br>Well, it&#8217;s bound to take your life<br>There&#8217;s a bad moon on the rise<\/p>\n<cite>Bad Moon Rising, Creedence Clearwater Revival, Green River,  1969<\/cite><\/blockquote>\n","protected":false},"excerpt":{"rendered":"<p>Rund um das Schmalbachtal Taumelland war mit fachkundiger Begleitung wandern im Hinterlandswald. Der Hinterlandswald bildet das gr\u00f6\u00dfte zusammenh\u00e4ngende \u2013 nicht durch Stra\u00dfen zerschnittene &#8211; Waldgebiet Hessens. Im Wesentlichen besteht es aus dem Ernstbachtal und seinen Nebent\u00e4lern bis hinunter zum Wispertal. Auf Grund seiner Abgeschiedenheit ist&hellip;<\/p>\n","protected":false},"author":1,"featured_media":3584,"comment_status":"open","ping_status":"open","sticky":false,"template":"","format":"standard","meta":{"_themeisle_gutenberg_block_has_review":false,"jetpack_post_was_ever_published":false,"_jetpack_newsletter_access":"","_jetpack_dont_email_post_to_subs":false,"_jetpack_newsletter_tier_id":0,"_jetpack_memberships_contains_paywalled_content":false,"_jetpack_memberships_contains_paid_content":false,"footnotes":"","jetpack_publicize_message":"","jetpack_publicize_feature_enabled":true,"jetpack_social_post_already_shared":true,"jetpack_social_options":{"image_generator_settings":{"template":"highway","default_image_id":0,"font":"","enabled":false},"version":2}},"categories":[1,2,47],"tags":[291,388,21,20,387],"class_list":["post-3568","post","type-post","status-publish","format-standard","has-post-thumbnail","hentry","category-allgemein","category-wald","category-waldeinsamkeit","tag-ernstbachtal","tag-schmalbachtal","tag-schnee","tag-winter","tag-wispertaunus"],"yoast_head":"<!-- This site is optimized with the Yoast SEO plugin v27.5 - https:\/\/yoast.com\/product\/yoast-seo-wordpress\/ -->\n<title>Im Rheingau: Der Hinterlandswald - taumelland.de<\/title>\n<meta name=\"description\" content=\"Taumelland war mit fachkundiger Begleitung wandern im Hinterlandswald. Der Hinterlandswald bildet das gr\u00f6\u00dfte zusammenh\u00e4ngende \u2013 nicht durch Stra\u00dfen zerschnittene - Waldgebiet Hessens. Im Wesentlichen besteht es aus dem Ernstbachtal und seinen Nebent\u00e4lern bis hinunter zum Wispertal.\" \/>\n<meta name=\"robots\" content=\"index, follow, max-snippet:-1, max-image-preview:large, max-video-preview:-1\" \/>\n<link rel=\"canonical\" href=\"https:\/\/www.taumelland.de\/index.php\/2025\/02\/23\/im-rheingau-der-hinterlandswald\/\" \/>\n<meta property=\"og:locale\" content=\"de_DE\" \/>\n<meta property=\"og:type\" content=\"article\" \/>\n<meta property=\"og:title\" content=\"Im Rheingau: Der Hinterlandswald - taumelland.de\" \/>\n<meta property=\"og:description\" content=\"Taumelland war mit fachkundiger Begleitung wandern im Hinterlandswald. Der Hinterlandswald bildet das gr\u00f6\u00dfte zusammenh\u00e4ngende \u2013 nicht durch Stra\u00dfen zerschnittene - Waldgebiet Hessens. Im Wesentlichen besteht es aus dem Ernstbachtal und seinen Nebent\u00e4lern bis hinunter zum Wispertal.\" \/>\n<meta property=\"og:url\" content=\"https:\/\/www.taumelland.de\/index.php\/2025\/02\/23\/im-rheingau-der-hinterlandswald\/\" \/>\n<meta property=\"og:site_name\" content=\"taumelland.de\" \/>\n<meta property=\"article:published_time\" content=\"2025-02-23T15:45:39+00:00\" \/>\n<meta property=\"article:modified_time\" content=\"2025-02-23T16:58:13+00:00\" \/>\n<meta property=\"og:image\" content=\"https:\/\/www.taumelland.de\/wp-content\/uploads\/2025\/02\/fabian_Schmalbachtal19.jpg\" \/>\n\t<meta property=\"og:image:width\" content=\"800\" \/>\n\t<meta property=\"og:image:height\" content=\"532\" \/>\n\t<meta property=\"og:image:type\" content=\"image\/jpeg\" \/>\n<meta name=\"author\" content=\"Mbolee\" \/>\n<meta name=\"twitter:card\" content=\"summary_large_image\" \/>\n<meta name=\"twitter:label1\" content=\"Verfasst von\" \/>\n\t<meta name=\"twitter:data1\" content=\"Mbolee\" \/>\n\t<meta name=\"twitter:label2\" content=\"Gesch\u00e4tzte Lesezeit\" \/>\n\t<meta name=\"twitter:data2\" content=\"6\u00a0Minuten\" \/>\n<script type=\"application\/ld+json\" class=\"yoast-schema-graph\">{\"@context\":\"https:\\\/\\\/schema.org\",\"@graph\":[{\"@type\":\"Article\",\"@id\":\"https:\\\/\\\/www.taumelland.de\\\/index.php\\\/2025\\\/02\\\/23\\\/im-rheingau-der-hinterlandswald\\\/#article\",\"isPartOf\":{\"@id\":\"https:\\\/\\\/www.taumelland.de\\\/index.php\\\/2025\\\/02\\\/23\\\/im-rheingau-der-hinterlandswald\\\/\"},\"author\":{\"name\":\"Mbolee\",\"@id\":\"https:\\\/\\\/www.taumelland.de\\\/#\\\/schema\\\/person\\\/7c3bfb4fefffd1a6bd38e8c18f296dbf\"},\"headline\":\"Im Rheingau: Der Hinterlandswald\",\"datePublished\":\"2025-02-23T15:45:39+00:00\",\"dateModified\":\"2025-02-23T16:58:13+00:00\",\"mainEntityOfPage\":{\"@id\":\"https:\\\/\\\/www.taumelland.de\\\/index.php\\\/2025\\\/02\\\/23\\\/im-rheingau-der-hinterlandswald\\\/\"},\"wordCount\":700,\"commentCount\":0,\"publisher\":{\"@id\":\"https:\\\/\\\/www.taumelland.de\\\/#\\\/schema\\\/person\\\/d408cfcd33462b0f8d9e9356cfef1aab\"},\"image\":{\"@id\":\"https:\\\/\\\/www.taumelland.de\\\/index.php\\\/2025\\\/02\\\/23\\\/im-rheingau-der-hinterlandswald\\\/#primaryimage\"},\"thumbnailUrl\":\"https:\\\/\\\/i0.wp.com\\\/www.taumelland.de\\\/wp-content\\\/uploads\\\/2025\\\/02\\\/fabian_Schmalbachtal19.jpg?fit=800%2C532&ssl=1\",\"keywords\":[\"Ernstbachtal\",\"Schmalbachtal\",\"Schnee\",\"Winter\",\"Wispertaunus\"],\"articleSection\":{\"1\":\"Wald\",\"2\":\"Waldeinsamkeit\"},\"inLanguage\":\"de\",\"potentialAction\":[{\"@type\":\"CommentAction\",\"name\":\"Comment\",\"target\":[\"https:\\\/\\\/www.taumelland.de\\\/index.php\\\/2025\\\/02\\\/23\\\/im-rheingau-der-hinterlandswald\\\/#respond\"]}]},{\"@type\":\"WebPage\",\"@id\":\"https:\\\/\\\/www.taumelland.de\\\/index.php\\\/2025\\\/02\\\/23\\\/im-rheingau-der-hinterlandswald\\\/\",\"url\":\"https:\\\/\\\/www.taumelland.de\\\/index.php\\\/2025\\\/02\\\/23\\\/im-rheingau-der-hinterlandswald\\\/\",\"name\":\"Im Rheingau: Der Hinterlandswald - taumelland.de\",\"isPartOf\":{\"@id\":\"https:\\\/\\\/www.taumelland.de\\\/#website\"},\"primaryImageOfPage\":{\"@id\":\"https:\\\/\\\/www.taumelland.de\\\/index.php\\\/2025\\\/02\\\/23\\\/im-rheingau-der-hinterlandswald\\\/#primaryimage\"},\"image\":{\"@id\":\"https:\\\/\\\/www.taumelland.de\\\/index.php\\\/2025\\\/02\\\/23\\\/im-rheingau-der-hinterlandswald\\\/#primaryimage\"},\"thumbnailUrl\":\"https:\\\/\\\/i0.wp.com\\\/www.taumelland.de\\\/wp-content\\\/uploads\\\/2025\\\/02\\\/fabian_Schmalbachtal19.jpg?fit=800%2C532&ssl=1\",\"datePublished\":\"2025-02-23T15:45:39+00:00\",\"dateModified\":\"2025-02-23T16:58:13+00:00\",\"description\":\"Taumelland war mit fachkundiger Begleitung wandern im Hinterlandswald. Der Hinterlandswald bildet das gr\u00f6\u00dfte zusammenh\u00e4ngende \u2013 nicht durch Stra\u00dfen zerschnittene - Waldgebiet Hessens. Im Wesentlichen besteht es aus dem Ernstbachtal und seinen Nebent\u00e4lern bis hinunter zum Wispertal.\",\"breadcrumb\":{\"@id\":\"https:\\\/\\\/www.taumelland.de\\\/index.php\\\/2025\\\/02\\\/23\\\/im-rheingau-der-hinterlandswald\\\/#breadcrumb\"},\"inLanguage\":\"de\",\"potentialAction\":[{\"@type\":\"ReadAction\",\"target\":[\"https:\\\/\\\/www.taumelland.de\\\/index.php\\\/2025\\\/02\\\/23\\\/im-rheingau-der-hinterlandswald\\\/\"]}]},{\"@type\":\"ImageObject\",\"inLanguage\":\"de\",\"@id\":\"https:\\\/\\\/www.taumelland.de\\\/index.php\\\/2025\\\/02\\\/23\\\/im-rheingau-der-hinterlandswald\\\/#primaryimage\",\"url\":\"https:\\\/\\\/i0.wp.com\\\/www.taumelland.de\\\/wp-content\\\/uploads\\\/2025\\\/02\\\/fabian_Schmalbachtal19.jpg?fit=800%2C532&ssl=1\",\"contentUrl\":\"https:\\\/\\\/i0.wp.com\\\/www.taumelland.de\\\/wp-content\\\/uploads\\\/2025\\\/02\\\/fabian_Schmalbachtal19.jpg?fit=800%2C532&ssl=1\",\"width\":800,\"height\":532,\"caption\":\"Schmalbachtal, Ernstbachtal, Wispertaunus\"},{\"@type\":\"BreadcrumbList\",\"@id\":\"https:\\\/\\\/www.taumelland.de\\\/index.php\\\/2025\\\/02\\\/23\\\/im-rheingau-der-hinterlandswald\\\/#breadcrumb\",\"itemListElement\":[{\"@type\":\"ListItem\",\"position\":1,\"name\":\"Home\",\"item\":\"https:\\\/\\\/www.taumelland.de\\\/\"},{\"@type\":\"ListItem\",\"position\":2,\"name\":\"Im Rheingau: Der Hinterlandswald\"}]},{\"@type\":\"WebSite\",\"@id\":\"https:\\\/\\\/www.taumelland.de\\\/#website\",\"url\":\"https:\\\/\\\/www.taumelland.de\\\/\",\"name\":\"taumelland.de\",\"description\":\"der romantische Fotoblog\",\"publisher\":{\"@id\":\"https:\\\/\\\/www.taumelland.de\\\/#\\\/schema\\\/person\\\/d408cfcd33462b0f8d9e9356cfef1aab\"},\"potentialAction\":[{\"@type\":\"SearchAction\",\"target\":{\"@type\":\"EntryPoint\",\"urlTemplate\":\"https:\\\/\\\/www.taumelland.de\\\/?s={search_term_string}\"},\"query-input\":{\"@type\":\"PropertyValueSpecification\",\"valueRequired\":true,\"valueName\":\"search_term_string\"}}],\"inLanguage\":\"de\"},{\"@type\":[\"Person\",\"Organization\"],\"@id\":\"https:\\\/\\\/www.taumelland.de\\\/#\\\/schema\\\/person\\\/d408cfcd33462b0f8d9e9356cfef1aab\",\"name\":\"Marcus Bohl\",\"image\":{\"@type\":\"ImageObject\",\"inLanguage\":\"de\",\"@id\":\"https:\\\/\\\/i0.wp.com\\\/www.taumelland.de\\\/wp-content\\\/uploads\\\/2022\\\/04\\\/rosa3.jpg?fit=960%2C639&ssl=1\",\"url\":\"https:\\\/\\\/i0.wp.com\\\/www.taumelland.de\\\/wp-content\\\/uploads\\\/2022\\\/04\\\/rosa3.jpg?fit=960%2C639&ssl=1\",\"contentUrl\":\"https:\\\/\\\/i0.wp.com\\\/www.taumelland.de\\\/wp-content\\\/uploads\\\/2022\\\/04\\\/rosa3.jpg?fit=960%2C639&ssl=1\",\"width\":960,\"height\":639,\"caption\":\"Marcus Bohl\"},\"logo\":{\"@id\":\"https:\\\/\\\/i0.wp.com\\\/www.taumelland.de\\\/wp-content\\\/uploads\\\/2022\\\/04\\\/rosa3.jpg?fit=960%2C639&ssl=1\"},\"sameAs\":[\"https:\\\/\\\/www.instagram.com\\\/taumelland\\\/?hl=de\"]},{\"@type\":\"Person\",\"@id\":\"https:\\\/\\\/www.taumelland.de\\\/#\\\/schema\\\/person\\\/7c3bfb4fefffd1a6bd38e8c18f296dbf\",\"name\":\"Mbolee\",\"sameAs\":[\"http:\\\/\\\/taumelland.de\"],\"url\":\"https:\\\/\\\/www.taumelland.de\\\/index.php\\\/author\\\/mbolee\\\/\"}]}<\/script>\n<!-- \/ Yoast SEO plugin. -->","yoast_head_json":{"title":"Im Rheingau: Der Hinterlandswald - taumelland.de","description":"Taumelland war mit fachkundiger Begleitung wandern im Hinterlandswald. Der Hinterlandswald bildet das gr\u00f6\u00dfte zusammenh\u00e4ngende \u2013 nicht durch Stra\u00dfen zerschnittene - Waldgebiet Hessens. Im Wesentlichen besteht es aus dem Ernstbachtal und seinen Nebent\u00e4lern bis hinunter zum Wispertal.","robots":{"index":"index","follow":"follow","max-snippet":"max-snippet:-1","max-image-preview":"max-image-preview:large","max-video-preview":"max-video-preview:-1"},"canonical":"https:\/\/www.taumelland.de\/index.php\/2025\/02\/23\/im-rheingau-der-hinterlandswald\/","og_locale":"de_DE","og_type":"article","og_title":"Im Rheingau: Der Hinterlandswald - taumelland.de","og_description":"Taumelland war mit fachkundiger Begleitung wandern im Hinterlandswald. Der Hinterlandswald bildet das gr\u00f6\u00dfte zusammenh\u00e4ngende \u2013 nicht durch Stra\u00dfen zerschnittene - Waldgebiet Hessens. Im Wesentlichen besteht es aus dem Ernstbachtal und seinen Nebent\u00e4lern bis hinunter zum Wispertal.","og_url":"https:\/\/www.taumelland.de\/index.php\/2025\/02\/23\/im-rheingau-der-hinterlandswald\/","og_site_name":"taumelland.de","article_published_time":"2025-02-23T15:45:39+00:00","article_modified_time":"2025-02-23T16:58:13+00:00","og_image":[{"width":800,"height":532,"url":"https:\/\/www.taumelland.de\/wp-content\/uploads\/2025\/02\/fabian_Schmalbachtal19.jpg","type":"image\/jpeg"}],"author":"Mbolee","twitter_card":"summary_large_image","twitter_misc":{"Verfasst von":"Mbolee","Gesch\u00e4tzte Lesezeit":"6\u00a0Minuten"},"schema":{"@context":"https:\/\/schema.org","@graph":[{"@type":"Article","@id":"https:\/\/www.taumelland.de\/index.php\/2025\/02\/23\/im-rheingau-der-hinterlandswald\/#article","isPartOf":{"@id":"https:\/\/www.taumelland.de\/index.php\/2025\/02\/23\/im-rheingau-der-hinterlandswald\/"},"author":{"name":"Mbolee","@id":"https:\/\/www.taumelland.de\/#\/schema\/person\/7c3bfb4fefffd1a6bd38e8c18f296dbf"},"headline":"Im Rheingau: Der Hinterlandswald","datePublished":"2025-02-23T15:45:39+00:00","dateModified":"2025-02-23T16:58:13+00:00","mainEntityOfPage":{"@id":"https:\/\/www.taumelland.de\/index.php\/2025\/02\/23\/im-rheingau-der-hinterlandswald\/"},"wordCount":700,"commentCount":0,"publisher":{"@id":"https:\/\/www.taumelland.de\/#\/schema\/person\/d408cfcd33462b0f8d9e9356cfef1aab"},"image":{"@id":"https:\/\/www.taumelland.de\/index.php\/2025\/02\/23\/im-rheingau-der-hinterlandswald\/#primaryimage"},"thumbnailUrl":"https:\/\/i0.wp.com\/www.taumelland.de\/wp-content\/uploads\/2025\/02\/fabian_Schmalbachtal19.jpg?fit=800%2C532&ssl=1","keywords":["Ernstbachtal","Schmalbachtal","Schnee","Winter","Wispertaunus"],"articleSection":{"1":"Wald","2":"Waldeinsamkeit"},"inLanguage":"de","potentialAction":[{"@type":"CommentAction","name":"Comment","target":["https:\/\/www.taumelland.de\/index.php\/2025\/02\/23\/im-rheingau-der-hinterlandswald\/#respond"]}]},{"@type":"WebPage","@id":"https:\/\/www.taumelland.de\/index.php\/2025\/02\/23\/im-rheingau-der-hinterlandswald\/","url":"https:\/\/www.taumelland.de\/index.php\/2025\/02\/23\/im-rheingau-der-hinterlandswald\/","name":"Im Rheingau: Der Hinterlandswald - taumelland.de","isPartOf":{"@id":"https:\/\/www.taumelland.de\/#website"},"primaryImageOfPage":{"@id":"https:\/\/www.taumelland.de\/index.php\/2025\/02\/23\/im-rheingau-der-hinterlandswald\/#primaryimage"},"image":{"@id":"https:\/\/www.taumelland.de\/index.php\/2025\/02\/23\/im-rheingau-der-hinterlandswald\/#primaryimage"},"thumbnailUrl":"https:\/\/i0.wp.com\/www.taumelland.de\/wp-content\/uploads\/2025\/02\/fabian_Schmalbachtal19.jpg?fit=800%2C532&ssl=1","datePublished":"2025-02-23T15:45:39+00:00","dateModified":"2025-02-23T16:58:13+00:00","description":"Taumelland war mit fachkundiger Begleitung wandern im Hinterlandswald. Der Hinterlandswald bildet das gr\u00f6\u00dfte zusammenh\u00e4ngende \u2013 nicht durch Stra\u00dfen zerschnittene - Waldgebiet Hessens. Im Wesentlichen besteht es aus dem Ernstbachtal und seinen Nebent\u00e4lern bis hinunter zum Wispertal.","breadcrumb":{"@id":"https:\/\/www.taumelland.de\/index.php\/2025\/02\/23\/im-rheingau-der-hinterlandswald\/#breadcrumb"},"inLanguage":"de","potentialAction":[{"@type":"ReadAction","target":["https:\/\/www.taumelland.de\/index.php\/2025\/02\/23\/im-rheingau-der-hinterlandswald\/"]}]},{"@type":"ImageObject","inLanguage":"de","@id":"https:\/\/www.taumelland.de\/index.php\/2025\/02\/23\/im-rheingau-der-hinterlandswald\/#primaryimage","url":"https:\/\/i0.wp.com\/www.taumelland.de\/wp-content\/uploads\/2025\/02\/fabian_Schmalbachtal19.jpg?fit=800%2C532&ssl=1","contentUrl":"https:\/\/i0.wp.com\/www.taumelland.de\/wp-content\/uploads\/2025\/02\/fabian_Schmalbachtal19.jpg?fit=800%2C532&ssl=1","width":800,"height":532,"caption":"Schmalbachtal, Ernstbachtal, Wispertaunus"},{"@type":"BreadcrumbList","@id":"https:\/\/www.taumelland.de\/index.php\/2025\/02\/23\/im-rheingau-der-hinterlandswald\/#breadcrumb","itemListElement":[{"@type":"ListItem","position":1,"name":"Home","item":"https:\/\/www.taumelland.de\/"},{"@type":"ListItem","position":2,"name":"Im Rheingau: Der Hinterlandswald"}]},{"@type":"WebSite","@id":"https:\/\/www.taumelland.de\/#website","url":"https:\/\/www.taumelland.de\/","name":"taumelland.de","description":"der romantische Fotoblog","publisher":{"@id":"https:\/\/www.taumelland.de\/#\/schema\/person\/d408cfcd33462b0f8d9e9356cfef1aab"},"potentialAction":[{"@type":"SearchAction","target":{"@type":"EntryPoint","urlTemplate":"https:\/\/www.taumelland.de\/?s={search_term_string}"},"query-input":{"@type":"PropertyValueSpecification","valueRequired":true,"valueName":"search_term_string"}}],"inLanguage":"de"},{"@type":["Person","Organization"],"@id":"https:\/\/www.taumelland.de\/#\/schema\/person\/d408cfcd33462b0f8d9e9356cfef1aab","name":"Marcus Bohl","image":{"@type":"ImageObject","inLanguage":"de","@id":"https:\/\/i0.wp.com\/www.taumelland.de\/wp-content\/uploads\/2022\/04\/rosa3.jpg?fit=960%2C639&ssl=1","url":"https:\/\/i0.wp.com\/www.taumelland.de\/wp-content\/uploads\/2022\/04\/rosa3.jpg?fit=960%2C639&ssl=1","contentUrl":"https:\/\/i0.wp.com\/www.taumelland.de\/wp-content\/uploads\/2022\/04\/rosa3.jpg?fit=960%2C639&ssl=1","width":960,"height":639,"caption":"Marcus Bohl"},"logo":{"@id":"https:\/\/i0.wp.com\/www.taumelland.de\/wp-content\/uploads\/2022\/04\/rosa3.jpg?fit=960%2C639&ssl=1"},"sameAs":["https:\/\/www.instagram.com\/taumelland\/?hl=de"]},{"@type":"Person","@id":"https:\/\/www.taumelland.de\/#\/schema\/person\/7c3bfb4fefffd1a6bd38e8c18f296dbf","name":"Mbolee","sameAs":["http:\/\/taumelland.de"],"url":"https:\/\/www.taumelland.de\/index.php\/author\/mbolee\/"}]}},"jetpack_publicize_connections":[],"jetpack_featured_media_url":"https:\/\/i0.wp.com\/www.taumelland.de\/wp-content\/uploads\/2025\/02\/fabian_Schmalbachtal19.jpg?fit=800%2C532&ssl=1","jetpack_sharing_enabled":true,"jetpack_shortlink":"https:\/\/wp.me\/p77Evr-Vy","jetpack-related-posts":[],"_links":{"self":[{"href":"https:\/\/www.taumelland.de\/index.php\/wp-json\/wp\/v2\/posts\/3568","targetHints":{"allow":["GET"]}}],"collection":[{"href":"https:\/\/www.taumelland.de\/index.php\/wp-json\/wp\/v2\/posts"}],"about":[{"href":"https:\/\/www.taumelland.de\/index.php\/wp-json\/wp\/v2\/types\/post"}],"author":[{"embeddable":true,"href":"https:\/\/www.taumelland.de\/index.php\/wp-json\/wp\/v2\/users\/1"}],"replies":[{"embeddable":true,"href":"https:\/\/www.taumelland.de\/index.php\/wp-json\/wp\/v2\/comments?post=3568"}],"version-history":[{"count":11,"href":"https:\/\/www.taumelland.de\/index.php\/wp-json\/wp\/v2\/posts\/3568\/revisions"}],"predecessor-version":[{"id":3600,"href":"https:\/\/www.taumelland.de\/index.php\/wp-json\/wp\/v2\/posts\/3568\/revisions\/3600"}],"wp:featuredmedia":[{"embeddable":true,"href":"https:\/\/www.taumelland.de\/index.php\/wp-json\/wp\/v2\/media\/3584"}],"wp:attachment":[{"href":"https:\/\/www.taumelland.de\/index.php\/wp-json\/wp\/v2\/media?parent=3568"}],"wp:term":[{"taxonomy":"category","embeddable":true,"href":"https:\/\/www.taumelland.de\/index.php\/wp-json\/wp\/v2\/categories?post=3568"},{"taxonomy":"post_tag","embeddable":true,"href":"https:\/\/www.taumelland.de\/index.php\/wp-json\/wp\/v2\/tags?post=3568"}],"curies":[{"name":"wp","href":"https:\/\/api.w.org\/{rel}","templated":true}]}}