{"id":3326,"date":"2023-08-25T14:55:23","date_gmt":"2023-08-25T12:55:23","guid":{"rendered":"https:\/\/www.taumelland.de\/?p=3326"},"modified":"2023-08-25T15:47:32","modified_gmt":"2023-08-25T13:47:32","slug":"unterwegs-im-atomium","status":"publish","type":"post","link":"https:\/\/www.taumelland.de\/index.php\/2023\/08\/25\/unterwegs-im-atomium\/","title":{"rendered":"Unterwegs im Atomium"},"content":{"rendered":"\n<h4 class=\"wp-block-heading\">Assoziationen<\/h4>\n\n\n\n<figure class=\"wp-block-image size-full\"><img data-recalc-dims=\"1\" loading=\"lazy\" decoding=\"async\" width=\"700\" height=\"466\" data-attachment-id=\"3313\" data-permalink=\"https:\/\/www.taumelland.de\/atomium1\/\" data-orig-file=\"https:\/\/i0.wp.com\/www.taumelland.de\/wp-content\/uploads\/2023\/08\/Atomium1.jpg?fit=960%2C639&amp;ssl=1\" data-orig-size=\"960,639\" data-comments-opened=\"1\" data-image-meta=\"{&quot;aperture&quot;:&quot;7.1&quot;,&quot;credit&quot;:&quot;Marcus Bohl bolee(at)bolee.de&quot;,&quot;camera&quot;:&quot;NIKON Z 6&quot;,&quot;caption&quot;:&quot;&quot;,&quot;created_timestamp&quot;:&quot;1680008736&quot;,&quot;copyright&quot;:&quot;Marcus Bohl&quot;,&quot;focal_length&quot;:&quot;24&quot;,&quot;iso&quot;:&quot;400&quot;,&quot;shutter_speed&quot;:&quot;0.0002&quot;,&quot;title&quot;:&quot;&quot;,&quot;orientation&quot;:&quot;1&quot;}\" data-image-title=\"Atomium#1\" data-image-description=\"&lt;p&gt;Atomium#1 Br\u00fcssel&lt;\/p&gt;\n\" data-image-caption=\"&lt;p&gt;Atomium #1 Br\u00fcssel, M\u00e4rz 2023&lt;\/p&gt;\n\" data-large-file=\"https:\/\/i0.wp.com\/www.taumelland.de\/wp-content\/uploads\/2023\/08\/Atomium1.jpg?fit=700%2C466&amp;ssl=1\" src=\"https:\/\/i0.wp.com\/www.taumelland.de\/wp-content\/uploads\/2023\/08\/Atomium1.jpg?resize=700%2C466&#038;ssl=1\" alt=\"\" class=\"wp-image-3313\" srcset=\"https:\/\/i0.wp.com\/www.taumelland.de\/wp-content\/uploads\/2023\/08\/Atomium1.jpg?w=960&amp;ssl=1 960w, https:\/\/i0.wp.com\/www.taumelland.de\/wp-content\/uploads\/2023\/08\/Atomium1.jpg?resize=300%2C200&amp;ssl=1 300w, https:\/\/i0.wp.com\/www.taumelland.de\/wp-content\/uploads\/2023\/08\/Atomium1.jpg?resize=150%2C100&amp;ssl=1 150w, https:\/\/i0.wp.com\/www.taumelland.de\/wp-content\/uploads\/2023\/08\/Atomium1.jpg?resize=580%2C386&amp;ssl=1 580w, https:\/\/i0.wp.com\/www.taumelland.de\/wp-content\/uploads\/2023\/08\/Atomium1.jpg?resize=800%2C533&amp;ssl=1 800w\" sizes=\"auto, (max-width: 700px) 100vw, 700px\" \/><figcaption class=\"wp-element-caption\">Atomium #1 Br\u00fcssel, M\u00e4rz 2023\n<\/figcaption><\/figure>\n\n\n\n<p>Das Atomium in Br\u00fcssel braucht wohl keine besondere Vorstellung. Anl\u00e4sslich der Weltausstellung 1958 in Br\u00fcssel errichtet, ist es heute eines der bekanntesten Geb\u00e4ude Europas und neben der Schokolade und vielleicht noch der EU die Top-Attraktion Br\u00fcssels. Das behaupte ich jetzt einfach mal so! Zu seiner Bauzeit waren es aber sicherlich noch die \u201eBr\u00fcsseler Spitze\u201c f\u00fcr die man nach Br\u00fcssel kam.<br>Das Atomium stellt an sich gar kein einzelnes Atom dar, sondern ein aus Neun Atomen bestehendes Eisenkristall genauer gesagt dessen 165 milliardenfache Vergr\u00f6\u00dferung.<\/p>\n\n\n\n<figure class=\"wp-block-image size-full\"><img data-recalc-dims=\"1\" loading=\"lazy\" decoding=\"async\" width=\"700\" height=\"466\" data-attachment-id=\"3314\" data-permalink=\"https:\/\/www.taumelland.de\/atomium3\/\" data-orig-file=\"https:\/\/i0.wp.com\/www.taumelland.de\/wp-content\/uploads\/2023\/08\/Atomium3.jpg?fit=960%2C639&amp;ssl=1\" data-orig-size=\"960,639\" data-comments-opened=\"1\" data-image-meta=\"{&quot;aperture&quot;:&quot;7.1&quot;,&quot;credit&quot;:&quot;Marcus Bohl bolee(at)bolee.de&quot;,&quot;camera&quot;:&quot;NIKON Z 6&quot;,&quot;caption&quot;:&quot;&quot;,&quot;created_timestamp&quot;:&quot;1680016591&quot;,&quot;copyright&quot;:&quot;Marcus Bohl&quot;,&quot;focal_length&quot;:&quot;24.5&quot;,&quot;iso&quot;:&quot;1600&quot;,&quot;shutter_speed&quot;:&quot;0.01&quot;,&quot;title&quot;:&quot;&quot;,&quot;orientation&quot;:&quot;1&quot;}\" data-image-title=\"Atomium#3\" data-image-description=\"\" data-image-caption=\"&lt;p&gt;Unterwegs im Atomium #1, Br\u00fcssel, M\u00e4rz 2023&lt;\/p&gt;\n\" data-large-file=\"https:\/\/i0.wp.com\/www.taumelland.de\/wp-content\/uploads\/2023\/08\/Atomium3.jpg?fit=700%2C466&amp;ssl=1\" src=\"https:\/\/i0.wp.com\/www.taumelland.de\/wp-content\/uploads\/2023\/08\/Atomium3.jpg?resize=700%2C466&#038;ssl=1\" alt=\"\" class=\"wp-image-3314\" srcset=\"https:\/\/i0.wp.com\/www.taumelland.de\/wp-content\/uploads\/2023\/08\/Atomium3.jpg?w=960&amp;ssl=1 960w, https:\/\/i0.wp.com\/www.taumelland.de\/wp-content\/uploads\/2023\/08\/Atomium3.jpg?resize=300%2C200&amp;ssl=1 300w, https:\/\/i0.wp.com\/www.taumelland.de\/wp-content\/uploads\/2023\/08\/Atomium3.jpg?resize=150%2C100&amp;ssl=1 150w, https:\/\/i0.wp.com\/www.taumelland.de\/wp-content\/uploads\/2023\/08\/Atomium3.jpg?resize=580%2C386&amp;ssl=1 580w, https:\/\/i0.wp.com\/www.taumelland.de\/wp-content\/uploads\/2023\/08\/Atomium3.jpg?resize=800%2C533&amp;ssl=1 800w\" sizes=\"auto, (max-width: 700px) 100vw, 700px\" \/><figcaption class=\"wp-element-caption\">Unterwegs im Atomium #1, Br\u00fcssel, M\u00e4rz 2023\n<\/figcaption><\/figure>\n\n\n\n<p>Es sollte nach seinen Erbauern das Atomzeitalter symbolisieren und die friedliche Nutzung der Kernenergie demonstrieren. So war dann auch w\u00e4hrend der Weltausstellung unter dem Atomium ein kleiner Atomreaktor zu besichtigen.<br>Ich musste beim Anblick des Atomiums unwillk\u00fcrlich an den ebenfalls anl\u00e4sslich einer Weltausstellung errichteten Eifelturm in Paris denken. Die Weltausstellung von 1889 in Paris feierte 100 Jahre franz\u00f6sische Revolution und der Eiffelturm \u2013 das damals h\u00f6chste Geb\u00e4ude der Welt &#8211;&nbsp; war ihr Wahrzeichen. Das Motto \u201e100 Jahre franz\u00f6sische Revolution\u201c stie\u00df bei vielen der europ\u00e4ischen Monarchien auf Ablehnung. Frankreich war zu der Zeit die einzige gro\u00dfe europ\u00e4ische Republik.<br>So wurde die Weltausstellung von 1889 von vielen der europ\u00e4ischen Monarchien schlichtweg boykottiert.<br>Der Eiffelturm ist auch eine auf die Spitze getriebene Zurschaustellung b\u00fcrgerlichen Selbstbewusstseins und Herrschaftsanspruchs.<\/p>\n\n\n\n<p>Der Eiffelturm besteht haupts\u00e4chliche aus Eisen und Stahl und hier kommt das Atomium ins Spiel. <br>Man kann das Atomium, das ja&nbsp; &#8211; wie schon geschrieben &#8211; &nbsp;die milliardenfache Vergr\u00f6\u00dferung eines&nbsp;Eisenkristalles ist, auch als die Darstellung eines winzigen Teiles des Eiffelturms begreifen.<br>Ein Monumentales: \u201eThe Devil lies in the Details\u201c !<\/p>\n\n\n\n<figure class=\"wp-block-image size-full\"><img data-recalc-dims=\"1\" loading=\"lazy\" decoding=\"async\" width=\"700\" height=\"466\" data-attachment-id=\"3319\" data-permalink=\"https:\/\/www.taumelland.de\/atomium12\/\" data-orig-file=\"https:\/\/i0.wp.com\/www.taumelland.de\/wp-content\/uploads\/2023\/08\/Atomium12.jpg?fit=960%2C639&amp;ssl=1\" data-orig-size=\"960,639\" data-comments-opened=\"1\" data-image-meta=\"{&quot;aperture&quot;:&quot;7.1&quot;,&quot;credit&quot;:&quot;Marcus Bohl bolee(at)bolee.de&quot;,&quot;camera&quot;:&quot;NIKON Z 6&quot;,&quot;caption&quot;:&quot;&quot;,&quot;created_timestamp&quot;:&quot;1680016292&quot;,&quot;copyright&quot;:&quot;Marcus Bohl&quot;,&quot;focal_length&quot;:&quot;25.5&quot;,&quot;iso&quot;:&quot;1600&quot;,&quot;shutter_speed&quot;:&quot;0.0008&quot;,&quot;title&quot;:&quot;&quot;,&quot;orientation&quot;:&quot;1&quot;}\" data-image-title=\"Atomium#12\" data-image-description=\"\" data-image-caption=\"&lt;p&gt;Atomium Fensterblick, Br\u00fcssel, M\u00e4rz 2023&lt;\/p&gt;\n\" data-large-file=\"https:\/\/i0.wp.com\/www.taumelland.de\/wp-content\/uploads\/2023\/08\/Atomium12.jpg?fit=700%2C466&amp;ssl=1\" src=\"https:\/\/i0.wp.com\/www.taumelland.de\/wp-content\/uploads\/2023\/08\/Atomium12.jpg?resize=700%2C466&#038;ssl=1\" alt=\"\" class=\"wp-image-3319\" srcset=\"https:\/\/i0.wp.com\/www.taumelland.de\/wp-content\/uploads\/2023\/08\/Atomium12.jpg?w=960&amp;ssl=1 960w, https:\/\/i0.wp.com\/www.taumelland.de\/wp-content\/uploads\/2023\/08\/Atomium12.jpg?resize=300%2C200&amp;ssl=1 300w, https:\/\/i0.wp.com\/www.taumelland.de\/wp-content\/uploads\/2023\/08\/Atomium12.jpg?resize=150%2C100&amp;ssl=1 150w, https:\/\/i0.wp.com\/www.taumelland.de\/wp-content\/uploads\/2023\/08\/Atomium12.jpg?resize=580%2C386&amp;ssl=1 580w, https:\/\/i0.wp.com\/www.taumelland.de\/wp-content\/uploads\/2023\/08\/Atomium12.jpg?resize=800%2C533&amp;ssl=1 800w\" sizes=\"auto, (max-width: 700px) 100vw, 700px\" \/><figcaption class=\"wp-element-caption\">Atomium Fensterblick, Br\u00fcssel, M\u00e4rz 2023<\/figcaption><\/figure>\n\n\n\n<p>Zwei Weltkriege sp\u00e4ter sind sowohl die Monarchien wie auch die b\u00fcrgerliche Gesellschaft hinweggefegt worden. Aber es war in dem Zeitraum gelungen den kleinsten Bestandsteil des Eifelturms das Eisenmolek\u00fcl\/Atom \u2013 zu spalten und daraus eine furchtbare Waffe zu schmieden. Die nat\u00fcrlich auch umgehend \u00fcber Hiroshima und Nagasaki ausprobiert worden war. Das besch\u00e4ftigte die Gesellschaften im Jahre 1958 sehr, denn zum ersten Mal in der Menschheitsgeschichte war es m\u00f6glich, dass sich die Menschheit einfach &#8211; aus Versehen oder aus Kalk\u00fcl \u2013 selbst ausrottet.<\/p>\n\n\n\n<p>So war das Motto der Expo 1958&nbsp; \u201cA World View: A New Humanism\u201d und der damalige belgische K\u00f6nig Baudouin sagte in seiner Er\u00f6ffnungsrede:<\/p>\n\n\n\n<p>\u201ctechnology is not enough to make a civilisation, it requires a parallel development of our moral conceptions\u201d.<br><\/p>\n\n\n\n<p><a href=\"https:\/\/www.bie-paris.org\/site\/en\/1958-brussels\" target=\"_blank\" rel=\"noreferrer noopener\">https:\/\/www.bie-paris.org\/site\/en\/1958-brussels<\/a><\/p>\n\n\n\n<figure class=\"wp-block-image size-full\"><img data-recalc-dims=\"1\" loading=\"lazy\" decoding=\"async\" width=\"700\" height=\"466\" data-attachment-id=\"3316\" data-permalink=\"https:\/\/www.taumelland.de\/atomium7\/\" data-orig-file=\"https:\/\/i0.wp.com\/www.taumelland.de\/wp-content\/uploads\/2023\/08\/Atomium7.jpg?fit=960%2C639&amp;ssl=1\" data-orig-size=\"960,639\" data-comments-opened=\"1\" data-image-meta=\"{&quot;aperture&quot;:&quot;5&quot;,&quot;credit&quot;:&quot;Marcus Bohl bolee(at)bolee.de&quot;,&quot;camera&quot;:&quot;NIKON Z 6&quot;,&quot;caption&quot;:&quot;&quot;,&quot;created_timestamp&quot;:&quot;1680015312&quot;,&quot;copyright&quot;:&quot;Marcus Bohl&quot;,&quot;focal_length&quot;:&quot;24&quot;,&quot;iso&quot;:&quot;1600&quot;,&quot;shutter_speed&quot;:&quot;0.0125&quot;,&quot;title&quot;:&quot;&quot;,&quot;orientation&quot;:&quot;1&quot;}\" data-image-title=\"Atomium#7\" data-image-description=\"\" data-image-caption=\"&lt;p&gt;Atomium, Restart by Visual Systems, Br\u00fcssel, M\u00e4rz 2023&lt;\/p&gt;\n\" data-large-file=\"https:\/\/i0.wp.com\/www.taumelland.de\/wp-content\/uploads\/2023\/08\/Atomium7.jpg?fit=700%2C466&amp;ssl=1\" src=\"https:\/\/i0.wp.com\/www.taumelland.de\/wp-content\/uploads\/2023\/08\/Atomium7.jpg?resize=700%2C466&#038;ssl=1\" alt=\"\" class=\"wp-image-3316\" srcset=\"https:\/\/i0.wp.com\/www.taumelland.de\/wp-content\/uploads\/2023\/08\/Atomium7.jpg?w=960&amp;ssl=1 960w, https:\/\/i0.wp.com\/www.taumelland.de\/wp-content\/uploads\/2023\/08\/Atomium7.jpg?resize=300%2C200&amp;ssl=1 300w, https:\/\/i0.wp.com\/www.taumelland.de\/wp-content\/uploads\/2023\/08\/Atomium7.jpg?resize=150%2C100&amp;ssl=1 150w, https:\/\/i0.wp.com\/www.taumelland.de\/wp-content\/uploads\/2023\/08\/Atomium7.jpg?resize=580%2C386&amp;ssl=1 580w, https:\/\/i0.wp.com\/www.taumelland.de\/wp-content\/uploads\/2023\/08\/Atomium7.jpg?resize=800%2C533&amp;ssl=1 800w\" sizes=\"auto, (max-width: 700px) 100vw, 700px\" \/><figcaption class=\"wp-element-caption\">Atomium, Restart by Visual Systems, Br\u00fcssel, M\u00e4rz 2023<\/figcaption><\/figure>\n\n\n\n<p>Nur zur Erinnerung: Belgien war damals noch tief in den finstersten Kolonialismus verstrickt. Es war im Kongo Kolonialmacht, der von 1885 \u2013 1908 sogar mal Privatbesitz der belgischen K\u00f6nigs Leopold des Zweiten gewesen war. Nach dessen Unabh\u00e4ngigkeit 1960 lie\u00df der belgische Geheimdienst den Panafrikanisten und ersten Pr\u00e4sident des Kongo Patrice Lumumba ermorden und damit das Land ins Chaos st\u00fcrzen. Der an Bodensch\u00e4tzen reiche Kongo wurde im Folgenden zum Spielball verschiedenster Gro\u00df- und Regionalm\u00e4chte. Davon hat er sich bis heute nicht erholt. &nbsp;<br><\/p>\n\n\n\n<figure class=\"wp-block-gallery has-nested-images columns-default is-cropped wp-block-gallery-1 is-layout-flex wp-block-gallery-is-layout-flex\">\n<figure class=\"wp-block-image size-large\"><img data-recalc-dims=\"1\" loading=\"lazy\" decoding=\"async\" width=\"700\" height=\"929\" data-attachment-id=\"3325\" data-permalink=\"https:\/\/www.taumelland.de\/atomium_sp\/\" data-orig-file=\"https:\/\/i0.wp.com\/www.taumelland.de\/wp-content\/uploads\/2023\/08\/Atomium_SP.jpg?fit=723%2C960&amp;ssl=1\" data-orig-size=\"723,960\" data-comments-opened=\"1\" data-image-meta=\"{&quot;aperture&quot;:&quot;0&quot;,&quot;credit&quot;:&quot;&quot;,&quot;camera&quot;:&quot;&quot;,&quot;caption&quot;:&quot;&quot;,&quot;created_timestamp&quot;:&quot;0&quot;,&quot;copyright&quot;:&quot;&quot;,&quot;focal_length&quot;:&quot;0&quot;,&quot;iso&quot;:&quot;0&quot;,&quot;shutter_speed&quot;:&quot;0&quot;,&quot;title&quot;:&quot;&quot;,&quot;orientation&quot;:&quot;1&quot;}\" data-image-title=\"Atomium_SP\" data-image-description=\"\" data-image-caption=\"&lt;p&gt;Atomium, Restart by Visual Systems, M\u00e4rz 2023&lt;\/p&gt;\n\" data-large-file=\"https:\/\/i0.wp.com\/www.taumelland.de\/wp-content\/uploads\/2023\/08\/Atomium_SP.jpg?fit=700%2C929&amp;ssl=1\" data-id=\"3325\" src=\"https:\/\/i0.wp.com\/www.taumelland.de\/wp-content\/uploads\/2023\/08\/Atomium_SP.jpg?resize=700%2C929&#038;ssl=1\" alt=\"\" class=\"wp-image-3325\" srcset=\"https:\/\/i0.wp.com\/www.taumelland.de\/wp-content\/uploads\/2023\/08\/Atomium_SP.jpg?w=723&amp;ssl=1 723w, https:\/\/i0.wp.com\/www.taumelland.de\/wp-content\/uploads\/2023\/08\/Atomium_SP.jpg?resize=226%2C300&amp;ssl=1 226w, https:\/\/i0.wp.com\/www.taumelland.de\/wp-content\/uploads\/2023\/08\/Atomium_SP.jpg?resize=113%2C150&amp;ssl=1 113w, https:\/\/i0.wp.com\/www.taumelland.de\/wp-content\/uploads\/2023\/08\/Atomium_SP.jpg?resize=580%2C770&amp;ssl=1 580w\" sizes=\"auto, (max-width: 700px) 100vw, 700px\" \/><figcaption class=\"wp-element-caption\">Atomium, Restart by Visual Systems, M\u00e4rz 2023<\/figcaption><\/figure>\n\n\n\n<figure class=\"wp-block-image size-large\"><img data-recalc-dims=\"1\" loading=\"lazy\" decoding=\"async\" width=\"639\" height=\"960\" data-attachment-id=\"3315\" data-permalink=\"https:\/\/www.taumelland.de\/atomium4\/\" data-orig-file=\"https:\/\/i0.wp.com\/www.taumelland.de\/wp-content\/uploads\/2023\/08\/Atomium4.jpg?fit=639%2C960&amp;ssl=1\" data-orig-size=\"639,960\" data-comments-opened=\"1\" data-image-meta=\"{&quot;aperture&quot;:&quot;8&quot;,&quot;credit&quot;:&quot;Marcus Bohl bolee(at)bolee.de&quot;,&quot;camera&quot;:&quot;NIKON Z 6&quot;,&quot;caption&quot;:&quot;&quot;,&quot;created_timestamp&quot;:&quot;1680013131&quot;,&quot;copyright&quot;:&quot;Marcus Bohl&quot;,&quot;focal_length&quot;:&quot;40&quot;,&quot;iso&quot;:&quot;1600&quot;,&quot;shutter_speed&quot;:&quot;0.05&quot;,&quot;title&quot;:&quot;&quot;,&quot;orientation&quot;:&quot;1&quot;}\" data-image-title=\"Atomium#4\" data-image-description=\"\" data-image-caption=\"&lt;p&gt;Atomium Verbindungsgang, Br\u00fcssel, m\u00e4rz 2023&lt;\/p&gt;\n\" data-large-file=\"https:\/\/i0.wp.com\/www.taumelland.de\/wp-content\/uploads\/2023\/08\/Atomium4.jpg?fit=639%2C960&amp;ssl=1\" data-id=\"3315\" src=\"https:\/\/i0.wp.com\/www.taumelland.de\/wp-content\/uploads\/2023\/08\/Atomium4.jpg?resize=639%2C960&#038;ssl=1\" alt=\"\" class=\"wp-image-3315\" srcset=\"https:\/\/i0.wp.com\/www.taumelland.de\/wp-content\/uploads\/2023\/08\/Atomium4.jpg?w=639&amp;ssl=1 639w, https:\/\/i0.wp.com\/www.taumelland.de\/wp-content\/uploads\/2023\/08\/Atomium4.jpg?resize=200%2C300&amp;ssl=1 200w, https:\/\/i0.wp.com\/www.taumelland.de\/wp-content\/uploads\/2023\/08\/Atomium4.jpg?resize=100%2C150&amp;ssl=1 100w, https:\/\/i0.wp.com\/www.taumelland.de\/wp-content\/uploads\/2023\/08\/Atomium4.jpg?resize=580%2C871&amp;ssl=1 580w\" sizes=\"auto, (max-width: 639px) 100vw, 639px\" \/><figcaption class=\"wp-element-caption\">Atomium Verbindungsgang, Br\u00fcssel, m\u00e4rz 2023<\/figcaption><\/figure>\n<\/figure>\n\n\n\n<p>Mit der friedlichen Nutzung der Kernenergie ist es dann auch nichts geworden. Als ein Beispiel soll der Uran-Abbau auf dem Gebiet der Navajo dienen: &nbsp;Hier wurde&nbsp; Jahrzehnte lang &#8211; unter anderem auch f\u00fcr die Atombomben des Manhattan Projekts &#8211; Uranerz gewonnen. F\u00fcr die Arbeiter, vornehmlich Navajo gab es nicht den geringsten Schutz vor Radioaktivit\u00e4t. Hier ereignete sich auch der schwerwiegendste zivile Nuklearunfall der amerikanischen Geschichte:<br>Am 16. Juli 1979 kam es bei einer Uranm\u00fchle bei Church Rock im Navajo Reservat zu einem Dammbruch, durch den riesige Mengen radioaktives Material und andere hochtoxische Abw\u00e4sser \u00fcber eine weite Fl\u00e4che ins Grundwasser gelangten. Die Bev\u00f6lkerung des Reservat wurde erst Tage sp\u00e4ter \u00fcber die Verseuchung des Grundwassers informiert. Bis heute leidet die Navajo-Bev\u00f6lkerung unter einer \u00fcberdurchschnittlich hohen Zahl an Strahlenkrankheiten. &nbsp;Nach einem \u201eNeuen Humanismus\u201c klingt das nicht.<br><a href=\"https:\/\/www.nzz.ch\/international\/usa-atomare-verseuchung-im-navajo-reservat-wurde-lange-ignoriert-ld.1705285\" target=\"_blank\" rel=\"noreferrer noopener\">https:\/\/www.nzz.ch\/international\/usa-atomare-verseuchung-im-navajo-reservat-wurde-lange-ignoriert-ld.1705285<\/a><\/p>\n\n\n\n<figure class=\"wp-block-image size-full\"><img data-recalc-dims=\"1\" loading=\"lazy\" decoding=\"async\" width=\"700\" height=\"466\" data-attachment-id=\"3318\" data-permalink=\"https:\/\/www.taumelland.de\/atomium11\/\" data-orig-file=\"https:\/\/i0.wp.com\/www.taumelland.de\/wp-content\/uploads\/2023\/08\/Atomium11.jpg?fit=960%2C639&amp;ssl=1\" data-orig-size=\"960,639\" data-comments-opened=\"1\" data-image-meta=\"{&quot;aperture&quot;:&quot;7.1&quot;,&quot;credit&quot;:&quot;Marcus Bohl bolee(at)bolee.de&quot;,&quot;camera&quot;:&quot;NIKON Z 6&quot;,&quot;caption&quot;:&quot;&quot;,&quot;created_timestamp&quot;:&quot;1680016236&quot;,&quot;copyright&quot;:&quot;Marcus Bohl&quot;,&quot;focal_length&quot;:&quot;27.5&quot;,&quot;iso&quot;:&quot;1600&quot;,&quot;shutter_speed&quot;:&quot;0.0025&quot;,&quot;title&quot;:&quot;&quot;,&quot;orientation&quot;:&quot;1&quot;}\" data-image-title=\"Atomium#11\" data-image-description=\"\" data-image-caption=\"&lt;p&gt;Atomium Heizung, Br\u00fcssel, M\u00e4rz 2023&lt;\/p&gt;\n\" data-large-file=\"https:\/\/i0.wp.com\/www.taumelland.de\/wp-content\/uploads\/2023\/08\/Atomium11.jpg?fit=700%2C466&amp;ssl=1\" src=\"https:\/\/i0.wp.com\/www.taumelland.de\/wp-content\/uploads\/2023\/08\/Atomium11.jpg?resize=700%2C466&#038;ssl=1\" alt=\"\" class=\"wp-image-3318\" srcset=\"https:\/\/i0.wp.com\/www.taumelland.de\/wp-content\/uploads\/2023\/08\/Atomium11.jpg?w=960&amp;ssl=1 960w, https:\/\/i0.wp.com\/www.taumelland.de\/wp-content\/uploads\/2023\/08\/Atomium11.jpg?resize=300%2C200&amp;ssl=1 300w, https:\/\/i0.wp.com\/www.taumelland.de\/wp-content\/uploads\/2023\/08\/Atomium11.jpg?resize=150%2C100&amp;ssl=1 150w, https:\/\/i0.wp.com\/www.taumelland.de\/wp-content\/uploads\/2023\/08\/Atomium11.jpg?resize=580%2C386&amp;ssl=1 580w, https:\/\/i0.wp.com\/www.taumelland.de\/wp-content\/uploads\/2023\/08\/Atomium11.jpg?resize=800%2C533&amp;ssl=1 800w\" sizes=\"auto, (max-width: 700px) 100vw, 700px\" \/><figcaption class=\"wp-element-caption\">Atomium Heizung, Br\u00fcssel, M\u00e4rz 2023<\/figcaption><\/figure>\n\n\n\n<p>Gerade erst (22.08.2023) musste ich lesen, das Japan damit beginnen will \u2013 gegen den Protest der ortsans\u00e4ssigen Fischer und Anrainerstaaten &#8211; radioaktiv kontaminiertes Wasser aus der Atomruine Fukushima in den Pazifik zu leiten. Die 1,3 Millionen Tonnen Wasser sollen \u00fcber die n\u00e4chsten drei\u00dfig Jahre hinweg \u00fcber einen eigens daf\u00fcr gebauten Tunnel ins Meer geleitet werden. Tepco \u2013 die Betreiberfirma des zerst\u00f6rten AKW &#8211; wei\u00df einfach nicht mehr wohin mit dem&nbsp; durch das radioaktive Isotop Tritium verseuchten Wasser.&nbsp; Zwar soll das Wasser beim Einleiten in den Pazifik so verd\u00fcnnt werden, dass die Tritium Konzentration unter die gesundheitsgef\u00e4hrdende Norm sinkt, aber mit \u201efriedlicher Nutzung\u201c hat auch das wenig zu tun \u2013 es erscheint mir eher wie eine \u201eBankrott-Erkl\u00e4rung\u201c,&nbsp; und \u201eweiterentwickelte moralische Konzepte\u201c kann ich da auch beim besten Willen nicht erkennen \u2013 eher die antiquierten christlichen Tots\u00fcnden Habgier und Tr\u00e4gheit!<\/p>\n\n\n\n<p><a href=\"https:\/\/www.tagesschau.de\/ausland\/asien\/fukushima-abwasser-meer-100.html\" target=\"_blank\" rel=\"noreferrer noopener\">https:\/\/www.tagesschau.de\/ausland\/asien\/fukushima-abwasser-meer-100.html<\/a> (22.08.2023)<\/p>\n\n\n\n<figure class=\"wp-block-image size-full\"><img data-recalc-dims=\"1\" loading=\"lazy\" decoding=\"async\" width=\"700\" height=\"466\" data-attachment-id=\"3320\" data-permalink=\"https:\/\/www.taumelland.de\/atomium13\/\" data-orig-file=\"https:\/\/i0.wp.com\/www.taumelland.de\/wp-content\/uploads\/2023\/08\/Atomium13.jpg?fit=960%2C639&amp;ssl=1\" data-orig-size=\"960,639\" data-comments-opened=\"1\" data-image-meta=\"{&quot;aperture&quot;:&quot;7.1&quot;,&quot;credit&quot;:&quot;Marcus Bohl bolee(at)bolee.de&quot;,&quot;camera&quot;:&quot;NIKON Z 6&quot;,&quot;caption&quot;:&quot;&quot;,&quot;created_timestamp&quot;:&quot;1680016315&quot;,&quot;copyright&quot;:&quot;Marcus Bohl&quot;,&quot;focal_length&quot;:&quot;25.5&quot;,&quot;iso&quot;:&quot;1600&quot;,&quot;shutter_speed&quot;:&quot;0.002&quot;,&quot;title&quot;:&quot;&quot;,&quot;orientation&quot;:&quot;1&quot;}\" data-image-title=\"Atomium#13\" data-image-description=\"\" data-image-caption=\"&lt;p&gt;Atomium, eisen und Stahl, Br\u00fcssel, M\u00e4rz 2023&lt;\/p&gt;\n\" data-large-file=\"https:\/\/i0.wp.com\/www.taumelland.de\/wp-content\/uploads\/2023\/08\/Atomium13.jpg?fit=700%2C466&amp;ssl=1\" src=\"https:\/\/i0.wp.com\/www.taumelland.de\/wp-content\/uploads\/2023\/08\/Atomium13.jpg?resize=700%2C466&#038;ssl=1\" alt=\"\" class=\"wp-image-3320\" srcset=\"https:\/\/i0.wp.com\/www.taumelland.de\/wp-content\/uploads\/2023\/08\/Atomium13.jpg?w=960&amp;ssl=1 960w, https:\/\/i0.wp.com\/www.taumelland.de\/wp-content\/uploads\/2023\/08\/Atomium13.jpg?resize=300%2C200&amp;ssl=1 300w, https:\/\/i0.wp.com\/www.taumelland.de\/wp-content\/uploads\/2023\/08\/Atomium13.jpg?resize=150%2C100&amp;ssl=1 150w, https:\/\/i0.wp.com\/www.taumelland.de\/wp-content\/uploads\/2023\/08\/Atomium13.jpg?resize=580%2C386&amp;ssl=1 580w, https:\/\/i0.wp.com\/www.taumelland.de\/wp-content\/uploads\/2023\/08\/Atomium13.jpg?resize=800%2C533&amp;ssl=1 800w\" sizes=\"auto, (max-width: 700px) 100vw, 700px\" \/><figcaption class=\"wp-element-caption\">Atomium, eisen und Stahl, Br\u00fcssel, M\u00e4rz 2023<\/figcaption><\/figure>\n\n\n\n<p>Die Expo von 1958 ist Geschichte, die Sonntagsreden verflogen aber das Atomium ist zum Gl\u00fcck geblieben. Als Symbol taugt es heute nicht mehr, aber es ist immer noch ein wundersch\u00f6nes Geb\u00e4ude. F\u00fcr mich ist es jetzt eher eine Mahnung vor allzu naiver Fortschrittsgl\u00e4ubigkeit. Nach seinem Betreten f\u00e4hrt man mit einem Aufzug in die oberste Kugel und von da aus kann man dann die anderen begehbaren Kugeln erkunden. Man lernt zum Beispiel etwas \u00fcber seine Erbauung oder kann eine Vielzahl von zur Weltausstellung 1958 produzierte Souvenirs bestaunen. Allem \u00c4u\u00dferen zum Trotz dominieren Stahl und Eisen seine Konstruktion. Ich w\u00fcrde sagen das Atomium ruht in sich selbst, indem es&nbsp; seine \u00e4u\u00dfere Form milliardenfach in sich selbst tr\u00e4gt. Wer kann das schon von sich behaupten?<\/p>\n\n\n\n<p>Drei der Bilder zeigen die Licht und Sound Installation Restart des K\u00fcnstlerkollektivs Visual Systems:<\/p>\n\n\n\n<p><a href=\"https:\/\/atomium.be\/expo_restart\">https:\/\/atomium.be\/expo_restart<\/a><\/p>\n\n\n\n<p>Eine wirklich sehr beeindruckende Installation sehr gut in die Architektur des Atomiums integriert<\/p>\n\n\n\n<p>wurde. Ich habe den wechseln von Licht und Musik gef\u00fchlt ein Ewigkeit lang zugeschaut. (Noch bis zum 24\/09\/2023)<\/p>\n\n\n\n<figure class=\"wp-block-image size-full\"><img data-recalc-dims=\"1\" loading=\"lazy\" decoding=\"async\" width=\"700\" height=\"466\" data-attachment-id=\"3321\" data-permalink=\"https:\/\/www.taumelland.de\/atomium14\/\" data-orig-file=\"https:\/\/i0.wp.com\/www.taumelland.de\/wp-content\/uploads\/2023\/08\/Atomium14.jpg?fit=960%2C639&amp;ssl=1\" data-orig-size=\"960,639\" data-comments-opened=\"1\" data-image-meta=\"{&quot;aperture&quot;:&quot;7.1&quot;,&quot;credit&quot;:&quot;Marcus Bohl bolee(at)bolee.de&quot;,&quot;camera&quot;:&quot;NIKON Z 6&quot;,&quot;caption&quot;:&quot;&quot;,&quot;created_timestamp&quot;:&quot;1680016546&quot;,&quot;copyright&quot;:&quot;Marcus Bohl&quot;,&quot;focal_length&quot;:&quot;40&quot;,&quot;iso&quot;:&quot;1600&quot;,&quot;shutter_speed&quot;:&quot;0.005&quot;,&quot;title&quot;:&quot;&quot;,&quot;orientation&quot;:&quot;1&quot;}\" data-image-title=\"Atomium#14\" data-image-description=\"\" data-image-caption=\"&lt;p&gt;Atomium #3, Br\u00fcssel, M\u00e4rz 2023&lt;\/p&gt;\n\" data-large-file=\"https:\/\/i0.wp.com\/www.taumelland.de\/wp-content\/uploads\/2023\/08\/Atomium14.jpg?fit=700%2C466&amp;ssl=1\" src=\"https:\/\/i0.wp.com\/www.taumelland.de\/wp-content\/uploads\/2023\/08\/Atomium14.jpg?resize=700%2C466&#038;ssl=1\" alt=\"\" class=\"wp-image-3321\" srcset=\"https:\/\/i0.wp.com\/www.taumelland.de\/wp-content\/uploads\/2023\/08\/Atomium14.jpg?w=960&amp;ssl=1 960w, https:\/\/i0.wp.com\/www.taumelland.de\/wp-content\/uploads\/2023\/08\/Atomium14.jpg?resize=300%2C200&amp;ssl=1 300w, https:\/\/i0.wp.com\/www.taumelland.de\/wp-content\/uploads\/2023\/08\/Atomium14.jpg?resize=150%2C100&amp;ssl=1 150w, https:\/\/i0.wp.com\/www.taumelland.de\/wp-content\/uploads\/2023\/08\/Atomium14.jpg?resize=580%2C386&amp;ssl=1 580w, https:\/\/i0.wp.com\/www.taumelland.de\/wp-content\/uploads\/2023\/08\/Atomium14.jpg?resize=800%2C533&amp;ssl=1 800w\" sizes=\"auto, (max-width: 700px) 100vw, 700px\" \/><figcaption class=\"wp-element-caption\">Atomium #3, Br\u00fcssel, M\u00e4rz 2023<\/figcaption><\/figure>\n\n\n\n<p>Als Musik zu diesem Beitrag habe ich Kraftwerk Radio-Aktivit\u00e4t ausgew\u00e4hlt. Der Song erschien 1975 auf dem gleichnamigen Album mit folgendem Text:<\/p>\n\n\n\n<blockquote class=\"wp-block-quote is-layout-flow wp-block-quote-is-layout-flow\">\n<p>Radioactivity<br>Is in the air for you and me<br>Radioactivity<br>Discovered by Madame Curie<\/p>\n\n\n\n<p>( \u2026 )<\/p>\n\n\n\n<p>Radio Aktivit\u00e4t<br>F\u00fcr dich und mich im All entsteht<br>Radio Aktivit\u00e4t<br>Strahlt Wellen zum Empfangsger\u00e4t<\/p>\n\n\n\n<p>Radio Aktivit\u00e4t<br>Wenn&#8217;s um unsere Zukunft geht<br>( \u2026 )<\/p>\n<cite>Radioaktivit\u00e4t, Kraftwerk, Radio-Aktivit\u00e4t, 1975<\/cite><\/blockquote>\n\n\n\n<p>Mit der Ver\u00f6ffentlichung Ihres Remix Albums \u201eThe Mix\u201c von 1991 \u00e4nderten Sie den Text in:<\/p>\n\n\n\n<blockquote class=\"wp-block-quote is-layout-flow wp-block-quote-is-layout-flow\">\n<p>Stop Radioaktivit\u00e4t<br>Weil\u2019s um uns&#8217;re Zukunft geht<br>Stop Radioaktivit\u00e4t<br>F\u00fcr dich und mich in All entsteht<br>Strahlentod und Mutation<br>Durch die schnelle Kernfusion<br>Stop Radioaktivit\u00e4t<br>Weil\u2019s um uns&#8217;re Zukunft geht<\/p>\n<cite>Radioaktivit\u00e4t, Kraftwerk, The Mix, 1991<\/cite><\/blockquote>\n\n\n\n<p>Und mit diesem Text spielen sie Ihn bis heute. Es ist das einzige Mal, dass Kraftwerk in ihren Texten offen politisch wurden.<\/p>\n\n\n\n<figure class=\"wp-block-image size-full\"><img data-recalc-dims=\"1\" loading=\"lazy\" decoding=\"async\" width=\"700\" height=\"466\" data-attachment-id=\"3332\" data-permalink=\"https:\/\/www.taumelland.de\/index.php\/2023\/08\/25\/unterwegs-im-atomium\/atomium2\/\" data-orig-file=\"https:\/\/i0.wp.com\/www.taumelland.de\/wp-content\/uploads\/2023\/08\/Atomium2.jpg?fit=960%2C639&amp;ssl=1\" data-orig-size=\"960,639\" data-comments-opened=\"1\" data-image-meta=\"{&quot;aperture&quot;:&quot;0&quot;,&quot;credit&quot;:&quot;&quot;,&quot;camera&quot;:&quot;&quot;,&quot;caption&quot;:&quot;&quot;,&quot;created_timestamp&quot;:&quot;0&quot;,&quot;copyright&quot;:&quot;Marcus Bohl&quot;,&quot;focal_length&quot;:&quot;0&quot;,&quot;iso&quot;:&quot;0&quot;,&quot;shutter_speed&quot;:&quot;0&quot;,&quot;title&quot;:&quot;&quot;,&quot;orientation&quot;:&quot;0&quot;}\" data-image-title=\"Atomium2\" data-image-description=\"\" data-image-caption=\"\" data-large-file=\"https:\/\/i0.wp.com\/www.taumelland.de\/wp-content\/uploads\/2023\/08\/Atomium2.jpg?fit=700%2C466&amp;ssl=1\" src=\"https:\/\/i0.wp.com\/www.taumelland.de\/wp-content\/uploads\/2023\/08\/Atomium2.jpg?resize=700%2C466&#038;ssl=1\" alt=\"\" class=\"wp-image-3332\" style=\"object-fit:cover\" srcset=\"https:\/\/i0.wp.com\/www.taumelland.de\/wp-content\/uploads\/2023\/08\/Atomium2.jpg?w=960&amp;ssl=1 960w, https:\/\/i0.wp.com\/www.taumelland.de\/wp-content\/uploads\/2023\/08\/Atomium2.jpg?resize=300%2C200&amp;ssl=1 300w, https:\/\/i0.wp.com\/www.taumelland.de\/wp-content\/uploads\/2023\/08\/Atomium2.jpg?resize=150%2C100&amp;ssl=1 150w, https:\/\/i0.wp.com\/www.taumelland.de\/wp-content\/uploads\/2023\/08\/Atomium2.jpg?resize=580%2C386&amp;ssl=1 580w, https:\/\/i0.wp.com\/www.taumelland.de\/wp-content\/uploads\/2023\/08\/Atomium2.jpg?resize=800%2C533&amp;ssl=1 800w\" sizes=\"auto, (max-width: 700px) 100vw, 700px\" \/><figcaption class=\"wp-element-caption\">Unterwegs im Atomium, Exit via Shop, Br\u00fcssel, M\u00e4rz 2023<\/figcaption><\/figure>\n","protected":false},"excerpt":{"rendered":"<p>Assoziationen Das Atomium in Br\u00fcssel braucht wohl keine besondere Vorstellung. Anl\u00e4sslich der Weltausstellung 1958 in Br\u00fcssel errichtet, ist es heute eines der bekanntesten Geb\u00e4ude Europas und neben der Schokolade und vielleicht noch der EU die Top-Attraktion Br\u00fcssels. Das behaupte ich jetzt einfach mal so! Zu&hellip;<\/p>\n","protected":false},"author":1,"featured_media":3324,"comment_status":"open","ping_status":"open","sticky":false,"template":"","format":"standard","meta":{"_themeisle_gutenberg_block_has_review":false,"jetpack_post_was_ever_published":false,"_jetpack_newsletter_access":"","_jetpack_dont_email_post_to_subs":false,"_jetpack_newsletter_tier_id":0,"_jetpack_memberships_contains_paywalled_content":false,"_jetpack_memberships_contains_paid_content":false,"footnotes":"","jetpack_publicize_message":"","jetpack_publicize_feature_enabled":true,"jetpack_social_post_already_shared":true,"jetpack_social_options":{"image_generator_settings":{"template":"highway","default_image_id":0,"font":"","enabled":false},"version":2}},"categories":[1,151],"tags":[326,373,48],"class_list":["post-3326","post","type-post","status-publish","format-standard","has-post-thumbnail","hentry","category-allgemein","category-geschichten","tag-belgien","tag-bruessel","tag-museum"],"yoast_head":"<!-- This site is optimized with the Yoast SEO plugin v27.5 - https:\/\/yoast.com\/product\/yoast-seo-wordpress\/ -->\n<title>Unterwegs im Atomium - taumelland.de<\/title>\n<meta name=\"description\" content=\"Das Atomium in Br\u00fcssel braucht wohl keine besondere Vorstellung. Anl\u00e4sslich der Weltausstellung 1958 in Br\u00fcssel errichtet, ist es heute eines der bekanntesten Geb\u00e4ude Europas und neben der Schokolade und vielleicht noch der EU die Top-Attraktion Br\u00fcssels. Das behaupte ich jetzt einfach mal so! Zu seiner Bauzeit waren es aber sicherlich noch die \u201eBr\u00fcsseler Spitze\u201c f\u00fcr die man nach Br\u00fcssel kam.Das Atomium stellt an sich gar kein einzelnes Atom dar, sondern ein aus Neun Atomen bestehendes Eisenkristall genauer gesagt dessen 165 milliardenfache Vergr\u00f6\u00dferung.\" \/>\n<meta name=\"robots\" content=\"index, follow, max-snippet:-1, max-image-preview:large, max-video-preview:-1\" \/>\n<link rel=\"canonical\" href=\"https:\/\/www.taumelland.de\/index.php\/2023\/08\/25\/unterwegs-im-atomium\/\" \/>\n<meta property=\"og:locale\" content=\"de_DE\" \/>\n<meta property=\"og:type\" content=\"article\" \/>\n<meta property=\"og:title\" content=\"Unterwegs im Atomium - taumelland.de\" \/>\n<meta property=\"og:description\" content=\"Das Atomium in Br\u00fcssel braucht wohl keine besondere Vorstellung. Anl\u00e4sslich der Weltausstellung 1958 in Br\u00fcssel errichtet, ist es heute eines der bekanntesten Geb\u00e4ude Europas und neben der Schokolade und vielleicht noch der EU die Top-Attraktion Br\u00fcssels. Das behaupte ich jetzt einfach mal so! Zu seiner Bauzeit waren es aber sicherlich noch die \u201eBr\u00fcsseler Spitze\u201c f\u00fcr die man nach Br\u00fcssel kam.Das Atomium stellt an sich gar kein einzelnes Atom dar, sondern ein aus Neun Atomen bestehendes Eisenkristall genauer gesagt dessen 165 milliardenfache Vergr\u00f6\u00dferung.\" \/>\n<meta property=\"og:url\" content=\"https:\/\/www.taumelland.de\/index.php\/2023\/08\/25\/unterwegs-im-atomium\/\" \/>\n<meta property=\"og:site_name\" content=\"taumelland.de\" \/>\n<meta property=\"article:published_time\" content=\"2023-08-25T12:55:23+00:00\" \/>\n<meta property=\"article:modified_time\" content=\"2023-08-25T13:47:32+00:00\" \/>\n<meta property=\"og:image\" content=\"https:\/\/www.taumelland.de\/wp-content\/uploads\/2023\/08\/Atomium17.jpg\" \/>\n\t<meta property=\"og:image:width\" content=\"960\" \/>\n\t<meta property=\"og:image:height\" content=\"639\" \/>\n\t<meta property=\"og:image:type\" content=\"image\/jpeg\" \/>\n<meta name=\"author\" content=\"Mbolee\" \/>\n<meta name=\"twitter:card\" content=\"summary_large_image\" \/>\n<meta name=\"twitter:label1\" content=\"Verfasst von\" \/>\n\t<meta name=\"twitter:data1\" content=\"Mbolee\" \/>\n\t<meta name=\"twitter:label2\" content=\"Gesch\u00e4tzte Lesezeit\" \/>\n\t<meta name=\"twitter:data2\" content=\"8\u00a0Minuten\" \/>\n<script type=\"application\/ld+json\" class=\"yoast-schema-graph\">{\"@context\":\"https:\\\/\\\/schema.org\",\"@graph\":[{\"@type\":\"Article\",\"@id\":\"https:\\\/\\\/www.taumelland.de\\\/index.php\\\/2023\\\/08\\\/25\\\/unterwegs-im-atomium\\\/#article\",\"isPartOf\":{\"@id\":\"https:\\\/\\\/www.taumelland.de\\\/index.php\\\/2023\\\/08\\\/25\\\/unterwegs-im-atomium\\\/\"},\"author\":{\"name\":\"Mbolee\",\"@id\":\"https:\\\/\\\/www.taumelland.de\\\/#\\\/schema\\\/person\\\/7c3bfb4fefffd1a6bd38e8c18f296dbf\"},\"headline\":\"Unterwegs im Atomium\",\"datePublished\":\"2023-08-25T12:55:23+00:00\",\"dateModified\":\"2023-08-25T13:47:32+00:00\",\"mainEntityOfPage\":{\"@id\":\"https:\\\/\\\/www.taumelland.de\\\/index.php\\\/2023\\\/08\\\/25\\\/unterwegs-im-atomium\\\/\"},\"wordCount\":1189,\"commentCount\":0,\"publisher\":{\"@id\":\"https:\\\/\\\/www.taumelland.de\\\/#\\\/schema\\\/person\\\/d408cfcd33462b0f8d9e9356cfef1aab\"},\"image\":{\"@id\":\"https:\\\/\\\/www.taumelland.de\\\/index.php\\\/2023\\\/08\\\/25\\\/unterwegs-im-atomium\\\/#primaryimage\"},\"thumbnailUrl\":\"https:\\\/\\\/i0.wp.com\\\/www.taumelland.de\\\/wp-content\\\/uploads\\\/2023\\\/08\\\/Atomium17.jpg?fit=960%2C639&ssl=1\",\"keywords\":[\"Belgien\",\"Br\u00fcssel\",\"Museum\"],\"articleSection\":{\"1\":\"Geschichten\"},\"inLanguage\":\"de\",\"potentialAction\":[{\"@type\":\"CommentAction\",\"name\":\"Comment\",\"target\":[\"https:\\\/\\\/www.taumelland.de\\\/index.php\\\/2023\\\/08\\\/25\\\/unterwegs-im-atomium\\\/#respond\"]}]},{\"@type\":\"WebPage\",\"@id\":\"https:\\\/\\\/www.taumelland.de\\\/index.php\\\/2023\\\/08\\\/25\\\/unterwegs-im-atomium\\\/\",\"url\":\"https:\\\/\\\/www.taumelland.de\\\/index.php\\\/2023\\\/08\\\/25\\\/unterwegs-im-atomium\\\/\",\"name\":\"Unterwegs im Atomium - taumelland.de\",\"isPartOf\":{\"@id\":\"https:\\\/\\\/www.taumelland.de\\\/#website\"},\"primaryImageOfPage\":{\"@id\":\"https:\\\/\\\/www.taumelland.de\\\/index.php\\\/2023\\\/08\\\/25\\\/unterwegs-im-atomium\\\/#primaryimage\"},\"image\":{\"@id\":\"https:\\\/\\\/www.taumelland.de\\\/index.php\\\/2023\\\/08\\\/25\\\/unterwegs-im-atomium\\\/#primaryimage\"},\"thumbnailUrl\":\"https:\\\/\\\/i0.wp.com\\\/www.taumelland.de\\\/wp-content\\\/uploads\\\/2023\\\/08\\\/Atomium17.jpg?fit=960%2C639&ssl=1\",\"datePublished\":\"2023-08-25T12:55:23+00:00\",\"dateModified\":\"2023-08-25T13:47:32+00:00\",\"description\":\"Das Atomium in Br\u00fcssel braucht wohl keine besondere Vorstellung. Anl\u00e4sslich der Weltausstellung 1958 in Br\u00fcssel errichtet, ist es heute eines der bekanntesten Geb\u00e4ude Europas und neben der Schokolade und vielleicht noch der EU die Top-Attraktion Br\u00fcssels. Das behaupte ich jetzt einfach mal so! Zu seiner Bauzeit waren es aber sicherlich noch die \u201eBr\u00fcsseler Spitze\u201c f\u00fcr die man nach Br\u00fcssel kam.Das Atomium stellt an sich gar kein einzelnes Atom dar, sondern ein aus Neun Atomen bestehendes Eisenkristall genauer gesagt dessen 165 milliardenfache Vergr\u00f6\u00dferung.\",\"breadcrumb\":{\"@id\":\"https:\\\/\\\/www.taumelland.de\\\/index.php\\\/2023\\\/08\\\/25\\\/unterwegs-im-atomium\\\/#breadcrumb\"},\"inLanguage\":\"de\",\"potentialAction\":[{\"@type\":\"ReadAction\",\"target\":[\"https:\\\/\\\/www.taumelland.de\\\/index.php\\\/2023\\\/08\\\/25\\\/unterwegs-im-atomium\\\/\"]}]},{\"@type\":\"ImageObject\",\"inLanguage\":\"de\",\"@id\":\"https:\\\/\\\/www.taumelland.de\\\/index.php\\\/2023\\\/08\\\/25\\\/unterwegs-im-atomium\\\/#primaryimage\",\"url\":\"https:\\\/\\\/i0.wp.com\\\/www.taumelland.de\\\/wp-content\\\/uploads\\\/2023\\\/08\\\/Atomium17.jpg?fit=960%2C639&ssl=1\",\"contentUrl\":\"https:\\\/\\\/i0.wp.com\\\/www.taumelland.de\\\/wp-content\\\/uploads\\\/2023\\\/08\\\/Atomium17.jpg?fit=960%2C639&ssl=1\",\"width\":960,\"height\":639},{\"@type\":\"BreadcrumbList\",\"@id\":\"https:\\\/\\\/www.taumelland.de\\\/index.php\\\/2023\\\/08\\\/25\\\/unterwegs-im-atomium\\\/#breadcrumb\",\"itemListElement\":[{\"@type\":\"ListItem\",\"position\":1,\"name\":\"Home\",\"item\":\"https:\\\/\\\/www.taumelland.de\\\/\"},{\"@type\":\"ListItem\",\"position\":2,\"name\":\"Unterwegs im Atomium\"}]},{\"@type\":\"WebSite\",\"@id\":\"https:\\\/\\\/www.taumelland.de\\\/#website\",\"url\":\"https:\\\/\\\/www.taumelland.de\\\/\",\"name\":\"taumelland.de\",\"description\":\"der romantische Fotoblog\",\"publisher\":{\"@id\":\"https:\\\/\\\/www.taumelland.de\\\/#\\\/schema\\\/person\\\/d408cfcd33462b0f8d9e9356cfef1aab\"},\"potentialAction\":[{\"@type\":\"SearchAction\",\"target\":{\"@type\":\"EntryPoint\",\"urlTemplate\":\"https:\\\/\\\/www.taumelland.de\\\/?s={search_term_string}\"},\"query-input\":{\"@type\":\"PropertyValueSpecification\",\"valueRequired\":true,\"valueName\":\"search_term_string\"}}],\"inLanguage\":\"de\"},{\"@type\":[\"Person\",\"Organization\"],\"@id\":\"https:\\\/\\\/www.taumelland.de\\\/#\\\/schema\\\/person\\\/d408cfcd33462b0f8d9e9356cfef1aab\",\"name\":\"Marcus Bohl\",\"image\":{\"@type\":\"ImageObject\",\"inLanguage\":\"de\",\"@id\":\"https:\\\/\\\/i0.wp.com\\\/www.taumelland.de\\\/wp-content\\\/uploads\\\/2022\\\/04\\\/rosa3.jpg?fit=960%2C639&ssl=1\",\"url\":\"https:\\\/\\\/i0.wp.com\\\/www.taumelland.de\\\/wp-content\\\/uploads\\\/2022\\\/04\\\/rosa3.jpg?fit=960%2C639&ssl=1\",\"contentUrl\":\"https:\\\/\\\/i0.wp.com\\\/www.taumelland.de\\\/wp-content\\\/uploads\\\/2022\\\/04\\\/rosa3.jpg?fit=960%2C639&ssl=1\",\"width\":960,\"height\":639,\"caption\":\"Marcus Bohl\"},\"logo\":{\"@id\":\"https:\\\/\\\/i0.wp.com\\\/www.taumelland.de\\\/wp-content\\\/uploads\\\/2022\\\/04\\\/rosa3.jpg?fit=960%2C639&ssl=1\"},\"sameAs\":[\"https:\\\/\\\/www.instagram.com\\\/taumelland\\\/?hl=de\"]},{\"@type\":\"Person\",\"@id\":\"https:\\\/\\\/www.taumelland.de\\\/#\\\/schema\\\/person\\\/7c3bfb4fefffd1a6bd38e8c18f296dbf\",\"name\":\"Mbolee\",\"sameAs\":[\"http:\\\/\\\/taumelland.de\"],\"url\":\"https:\\\/\\\/www.taumelland.de\\\/index.php\\\/author\\\/mbolee\\\/\"}]}<\/script>\n<!-- \/ Yoast SEO plugin. -->","yoast_head_json":{"title":"Unterwegs im Atomium - taumelland.de","description":"Das Atomium in Br\u00fcssel braucht wohl keine besondere Vorstellung. Anl\u00e4sslich der Weltausstellung 1958 in Br\u00fcssel errichtet, ist es heute eines der bekanntesten Geb\u00e4ude Europas und neben der Schokolade und vielleicht noch der EU die Top-Attraktion Br\u00fcssels. Das behaupte ich jetzt einfach mal so! Zu seiner Bauzeit waren es aber sicherlich noch die \u201eBr\u00fcsseler Spitze\u201c f\u00fcr die man nach Br\u00fcssel kam.Das Atomium stellt an sich gar kein einzelnes Atom dar, sondern ein aus Neun Atomen bestehendes Eisenkristall genauer gesagt dessen 165 milliardenfache Vergr\u00f6\u00dferung.","robots":{"index":"index","follow":"follow","max-snippet":"max-snippet:-1","max-image-preview":"max-image-preview:large","max-video-preview":"max-video-preview:-1"},"canonical":"https:\/\/www.taumelland.de\/index.php\/2023\/08\/25\/unterwegs-im-atomium\/","og_locale":"de_DE","og_type":"article","og_title":"Unterwegs im Atomium - taumelland.de","og_description":"Das Atomium in Br\u00fcssel braucht wohl keine besondere Vorstellung. Anl\u00e4sslich der Weltausstellung 1958 in Br\u00fcssel errichtet, ist es heute eines der bekanntesten Geb\u00e4ude Europas und neben der Schokolade und vielleicht noch der EU die Top-Attraktion Br\u00fcssels. Das behaupte ich jetzt einfach mal so! Zu seiner Bauzeit waren es aber sicherlich noch die \u201eBr\u00fcsseler Spitze\u201c f\u00fcr die man nach Br\u00fcssel kam.Das Atomium stellt an sich gar kein einzelnes Atom dar, sondern ein aus Neun Atomen bestehendes Eisenkristall genauer gesagt dessen 165 milliardenfache Vergr\u00f6\u00dferung.","og_url":"https:\/\/www.taumelland.de\/index.php\/2023\/08\/25\/unterwegs-im-atomium\/","og_site_name":"taumelland.de","article_published_time":"2023-08-25T12:55:23+00:00","article_modified_time":"2023-08-25T13:47:32+00:00","og_image":[{"width":960,"height":639,"url":"https:\/\/www.taumelland.de\/wp-content\/uploads\/2023\/08\/Atomium17.jpg","type":"image\/jpeg"}],"author":"Mbolee","twitter_card":"summary_large_image","twitter_misc":{"Verfasst von":"Mbolee","Gesch\u00e4tzte Lesezeit":"8\u00a0Minuten"},"schema":{"@context":"https:\/\/schema.org","@graph":[{"@type":"Article","@id":"https:\/\/www.taumelland.de\/index.php\/2023\/08\/25\/unterwegs-im-atomium\/#article","isPartOf":{"@id":"https:\/\/www.taumelland.de\/index.php\/2023\/08\/25\/unterwegs-im-atomium\/"},"author":{"name":"Mbolee","@id":"https:\/\/www.taumelland.de\/#\/schema\/person\/7c3bfb4fefffd1a6bd38e8c18f296dbf"},"headline":"Unterwegs im Atomium","datePublished":"2023-08-25T12:55:23+00:00","dateModified":"2023-08-25T13:47:32+00:00","mainEntityOfPage":{"@id":"https:\/\/www.taumelland.de\/index.php\/2023\/08\/25\/unterwegs-im-atomium\/"},"wordCount":1189,"commentCount":0,"publisher":{"@id":"https:\/\/www.taumelland.de\/#\/schema\/person\/d408cfcd33462b0f8d9e9356cfef1aab"},"image":{"@id":"https:\/\/www.taumelland.de\/index.php\/2023\/08\/25\/unterwegs-im-atomium\/#primaryimage"},"thumbnailUrl":"https:\/\/i0.wp.com\/www.taumelland.de\/wp-content\/uploads\/2023\/08\/Atomium17.jpg?fit=960%2C639&ssl=1","keywords":["Belgien","Br\u00fcssel","Museum"],"articleSection":{"1":"Geschichten"},"inLanguage":"de","potentialAction":[{"@type":"CommentAction","name":"Comment","target":["https:\/\/www.taumelland.de\/index.php\/2023\/08\/25\/unterwegs-im-atomium\/#respond"]}]},{"@type":"WebPage","@id":"https:\/\/www.taumelland.de\/index.php\/2023\/08\/25\/unterwegs-im-atomium\/","url":"https:\/\/www.taumelland.de\/index.php\/2023\/08\/25\/unterwegs-im-atomium\/","name":"Unterwegs im Atomium - taumelland.de","isPartOf":{"@id":"https:\/\/www.taumelland.de\/#website"},"primaryImageOfPage":{"@id":"https:\/\/www.taumelland.de\/index.php\/2023\/08\/25\/unterwegs-im-atomium\/#primaryimage"},"image":{"@id":"https:\/\/www.taumelland.de\/index.php\/2023\/08\/25\/unterwegs-im-atomium\/#primaryimage"},"thumbnailUrl":"https:\/\/i0.wp.com\/www.taumelland.de\/wp-content\/uploads\/2023\/08\/Atomium17.jpg?fit=960%2C639&ssl=1","datePublished":"2023-08-25T12:55:23+00:00","dateModified":"2023-08-25T13:47:32+00:00","description":"Das Atomium in Br\u00fcssel braucht wohl keine besondere Vorstellung. Anl\u00e4sslich der Weltausstellung 1958 in Br\u00fcssel errichtet, ist es heute eines der bekanntesten Geb\u00e4ude Europas und neben der Schokolade und vielleicht noch der EU die Top-Attraktion Br\u00fcssels. Das behaupte ich jetzt einfach mal so! Zu seiner Bauzeit waren es aber sicherlich noch die \u201eBr\u00fcsseler Spitze\u201c f\u00fcr die man nach Br\u00fcssel kam.Das Atomium stellt an sich gar kein einzelnes Atom dar, sondern ein aus Neun Atomen bestehendes Eisenkristall genauer gesagt dessen 165 milliardenfache Vergr\u00f6\u00dferung.","breadcrumb":{"@id":"https:\/\/www.taumelland.de\/index.php\/2023\/08\/25\/unterwegs-im-atomium\/#breadcrumb"},"inLanguage":"de","potentialAction":[{"@type":"ReadAction","target":["https:\/\/www.taumelland.de\/index.php\/2023\/08\/25\/unterwegs-im-atomium\/"]}]},{"@type":"ImageObject","inLanguage":"de","@id":"https:\/\/www.taumelland.de\/index.php\/2023\/08\/25\/unterwegs-im-atomium\/#primaryimage","url":"https:\/\/i0.wp.com\/www.taumelland.de\/wp-content\/uploads\/2023\/08\/Atomium17.jpg?fit=960%2C639&ssl=1","contentUrl":"https:\/\/i0.wp.com\/www.taumelland.de\/wp-content\/uploads\/2023\/08\/Atomium17.jpg?fit=960%2C639&ssl=1","width":960,"height":639},{"@type":"BreadcrumbList","@id":"https:\/\/www.taumelland.de\/index.php\/2023\/08\/25\/unterwegs-im-atomium\/#breadcrumb","itemListElement":[{"@type":"ListItem","position":1,"name":"Home","item":"https:\/\/www.taumelland.de\/"},{"@type":"ListItem","position":2,"name":"Unterwegs im Atomium"}]},{"@type":"WebSite","@id":"https:\/\/www.taumelland.de\/#website","url":"https:\/\/www.taumelland.de\/","name":"taumelland.de","description":"der romantische Fotoblog","publisher":{"@id":"https:\/\/www.taumelland.de\/#\/schema\/person\/d408cfcd33462b0f8d9e9356cfef1aab"},"potentialAction":[{"@type":"SearchAction","target":{"@type":"EntryPoint","urlTemplate":"https:\/\/www.taumelland.de\/?s={search_term_string}"},"query-input":{"@type":"PropertyValueSpecification","valueRequired":true,"valueName":"search_term_string"}}],"inLanguage":"de"},{"@type":["Person","Organization"],"@id":"https:\/\/www.taumelland.de\/#\/schema\/person\/d408cfcd33462b0f8d9e9356cfef1aab","name":"Marcus Bohl","image":{"@type":"ImageObject","inLanguage":"de","@id":"https:\/\/i0.wp.com\/www.taumelland.de\/wp-content\/uploads\/2022\/04\/rosa3.jpg?fit=960%2C639&ssl=1","url":"https:\/\/i0.wp.com\/www.taumelland.de\/wp-content\/uploads\/2022\/04\/rosa3.jpg?fit=960%2C639&ssl=1","contentUrl":"https:\/\/i0.wp.com\/www.taumelland.de\/wp-content\/uploads\/2022\/04\/rosa3.jpg?fit=960%2C639&ssl=1","width":960,"height":639,"caption":"Marcus Bohl"},"logo":{"@id":"https:\/\/i0.wp.com\/www.taumelland.de\/wp-content\/uploads\/2022\/04\/rosa3.jpg?fit=960%2C639&ssl=1"},"sameAs":["https:\/\/www.instagram.com\/taumelland\/?hl=de"]},{"@type":"Person","@id":"https:\/\/www.taumelland.de\/#\/schema\/person\/7c3bfb4fefffd1a6bd38e8c18f296dbf","name":"Mbolee","sameAs":["http:\/\/taumelland.de"],"url":"https:\/\/www.taumelland.de\/index.php\/author\/mbolee\/"}]}},"jetpack_publicize_connections":[],"jetpack_featured_media_url":"https:\/\/i0.wp.com\/www.taumelland.de\/wp-content\/uploads\/2023\/08\/Atomium17.jpg?fit=960%2C639&ssl=1","jetpack_sharing_enabled":true,"jetpack_shortlink":"https:\/\/wp.me\/p77Evr-RE","jetpack-related-posts":[],"_links":{"self":[{"href":"https:\/\/www.taumelland.de\/index.php\/wp-json\/wp\/v2\/posts\/3326","targetHints":{"allow":["GET"]}}],"collection":[{"href":"https:\/\/www.taumelland.de\/index.php\/wp-json\/wp\/v2\/posts"}],"about":[{"href":"https:\/\/www.taumelland.de\/index.php\/wp-json\/wp\/v2\/types\/post"}],"author":[{"embeddable":true,"href":"https:\/\/www.taumelland.de\/index.php\/wp-json\/wp\/v2\/users\/1"}],"replies":[{"embeddable":true,"href":"https:\/\/www.taumelland.de\/index.php\/wp-json\/wp\/v2\/comments?post=3326"}],"version-history":[{"count":10,"href":"https:\/\/www.taumelland.de\/index.php\/wp-json\/wp\/v2\/posts\/3326\/revisions"}],"predecessor-version":[{"id":3340,"href":"https:\/\/www.taumelland.de\/index.php\/wp-json\/wp\/v2\/posts\/3326\/revisions\/3340"}],"wp:featuredmedia":[{"embeddable":true,"href":"https:\/\/www.taumelland.de\/index.php\/wp-json\/wp\/v2\/media\/3324"}],"wp:attachment":[{"href":"https:\/\/www.taumelland.de\/index.php\/wp-json\/wp\/v2\/media?parent=3326"}],"wp:term":[{"taxonomy":"category","embeddable":true,"href":"https:\/\/www.taumelland.de\/index.php\/wp-json\/wp\/v2\/categories?post=3326"},{"taxonomy":"post_tag","embeddable":true,"href":"https:\/\/www.taumelland.de\/index.php\/wp-json\/wp\/v2\/tags?post=3326"}],"curies":[{"name":"wp","href":"https:\/\/api.w.org\/{rel}","templated":true}]}}