{"id":3298,"date":"2023-05-06T22:13:38","date_gmt":"2023-05-06T20:13:38","guid":{"rendered":"https:\/\/www.taumelland.de\/?p=3298"},"modified":"2023-05-08T19:00:43","modified_gmt":"2023-05-08T17:00:43","slug":"versuch-ueber-das-vergehen-der-zeit","status":"publish","type":"post","link":"https:\/\/www.taumelland.de\/index.php\/2023\/05\/06\/versuch-ueber-das-vergehen-der-zeit\/","title":{"rendered":"Versuch \u00fcber das Vergehen der Zeit"},"content":{"rendered":"\n<h2 class=\"wp-block-heading\">Fotoessay: Versuch \u00fcber das Vergehen der Zeit<\/h2>\n\n\n\n<figure class=\"wp-block-image size-full is-style-default\"><img data-recalc-dims=\"1\" loading=\"lazy\" decoding=\"async\" width=\"700\" height=\"466\" data-attachment-id=\"3301\" data-permalink=\"https:\/\/www.taumelland.de\/index.php\/2023\/05\/06\/versuch-ueber-das-vergehen-der-zeit\/ontime20-kopie\/\" data-orig-file=\"https:\/\/i0.wp.com\/www.taumelland.de\/wp-content\/uploads\/2023\/05\/ontime20-Kopie.jpg?fit=960%2C639&amp;ssl=1\" data-orig-size=\"960,639\" data-comments-opened=\"1\" data-image-meta=\"{&quot;aperture&quot;:&quot;0&quot;,&quot;credit&quot;:&quot;&quot;,&quot;camera&quot;:&quot;&quot;,&quot;caption&quot;:&quot;&quot;,&quot;created_timestamp&quot;:&quot;0&quot;,&quot;copyright&quot;:&quot;Marcus Bohl&quot;,&quot;focal_length&quot;:&quot;0&quot;,&quot;iso&quot;:&quot;0&quot;,&quot;shutter_speed&quot;:&quot;0&quot;,&quot;title&quot;:&quot;&quot;,&quot;orientation&quot;:&quot;0&quot;}\" data-image-title=\"ontime20-Kopie\" data-image-description=\"\" data-image-caption=\"\" data-large-file=\"https:\/\/i0.wp.com\/www.taumelland.de\/wp-content\/uploads\/2023\/05\/ontime20-Kopie.jpg?fit=700%2C466&amp;ssl=1\" src=\"https:\/\/i0.wp.com\/www.taumelland.de\/wp-content\/uploads\/2023\/05\/ontime20-Kopie.jpg?resize=700%2C466&#038;ssl=1\" alt=\"Fotoessay: Versuch \u00fcber das Vergehen der Zeit\" class=\"wp-image-3301\" srcset=\"https:\/\/i0.wp.com\/www.taumelland.de\/wp-content\/uploads\/2023\/05\/ontime20-Kopie.jpg?w=960&amp;ssl=1 960w, https:\/\/i0.wp.com\/www.taumelland.de\/wp-content\/uploads\/2023\/05\/ontime20-Kopie.jpg?resize=300%2C200&amp;ssl=1 300w, https:\/\/i0.wp.com\/www.taumelland.de\/wp-content\/uploads\/2023\/05\/ontime20-Kopie.jpg?resize=150%2C100&amp;ssl=1 150w, https:\/\/i0.wp.com\/www.taumelland.de\/wp-content\/uploads\/2023\/05\/ontime20-Kopie.jpg?resize=580%2C386&amp;ssl=1 580w, https:\/\/i0.wp.com\/www.taumelland.de\/wp-content\/uploads\/2023\/05\/ontime20-Kopie.jpg?resize=800%2C533&amp;ssl=1 800w\" sizes=\"auto, (max-width: 700px) 100vw, 700px\" \/><figcaption class=\"wp-element-caption\">Fotoessay: Versuch \u00fcber das Vergehen der Zeit #<\/figcaption><\/figure>\n\n\n\n<p>Das Fotoessay&nbsp;<em>Versuch \u00fcber das Vergehen der Zeit&nbsp;<\/em>n\u00e4hert sich dem Ph\u00e4nomen Zeit auf 21 Bildtafeln.<br>Zeit \u2013 Buchhalterin der Ver\u00e4nderung.&nbsp;<br>Die Wirklichkeit \u2013 ein mentaler Schnappschuss, eine geistige Jetzt-Liste.<br>Alles was wir sehen ist Vergangenheit.<br>Fotografien \u2013 Objekte der Melancholie<br>Fotografiert zwischen Januar und M\u00e4rz 2023 <\/p>\n\n\n\n<p>Herausgegeben und gestaltet worden ist es von Sascha B\u00fcttner (Hrsg.) in der von Ihm kuratierten Essay Reihe: <a href=\"http:\/\/grob-magazin.org\/category\/grob-einfach\/\" target=\"_blank\" rel=\"noreferrer noopener\">Grob einfach<\/a>.<\/p>\n\n\n\n<p>Taumelland bedankt sich daf\u00fcr aufs herzlichste bei seinem lieben Freund und freut sich in diese Reihe aufgenommen worden zu sein.<\/p>\n\n\n\n<figure class=\"wp-block-embed is-type-video is-provider-vimeo wp-block-embed-vimeo wp-embed-aspect-16-9 wp-has-aspect-ratio\"><div class=\"wp-block-embed__wrapper\">\n<iframe loading=\"lazy\" title=\"GROB-07-Zeit\" src=\"https:\/\/player.vimeo.com\/video\/824356849?h=5cdcdcfe4e&amp;dnt=1&amp;app_id=122963\" width=\"700\" height=\"394\" frameborder=\"0\" allow=\"autoplay; fullscreen; picture-in-picture\" allowfullscreen><\/iframe>\n<\/div><figcaption class=\"wp-element-caption\">Video: Sascha B\u00fcttner, Music <a href=\"https:\/\/nepomuc.bandcamp.com\/album\/exzerpte-1999\" target=\"_blank\" rel=\"noreferrer noopener\">Nepomuc<\/a><\/figcaption><\/figure>\n\n\n\n<p>Bestellen k\u00f6nnt Ihr das Essay hier: <a href=\"https:\/\/www.bod.de\/buchshop\/versuch-ueber-das-vergehen-der-zeit-9783754331750\" target=\"_blank\" rel=\"noreferrer noopener\">BoD Buchshop<\/a><br>In der Buchhandlung eures Vertrauens: ISBN-13: 9783754331750 <br>Oder schreibt an <a href=\"mailto:bolee@bolee.de?subject=Bestellung Fotoessay\" target=\"_blank\" rel=\"noreferrer noopener\">taumelland<\/a>. <br>Links: <a href=\"http:\/\/grob-magazin.org\/\" target=\"_blank\" rel=\"noreferrer noopener\">GROB Magazin<\/a>: eine gute Adresse f\u00fcr gute Fotob\u00fccher!<\/p>\n\n\n\n<figure class=\"wp-block-image size-full is-resized\"><img data-recalc-dims=\"1\" loading=\"lazy\" decoding=\"async\" data-attachment-id=\"3299\" data-permalink=\"https:\/\/www.taumelland.de\/index.php\/2023\/05\/06\/versuch-ueber-das-vergehen-der-zeit\/versuch-ueber-das-vergehen-der-zeit\/\" data-orig-file=\"https:\/\/i0.wp.com\/www.taumelland.de\/wp-content\/uploads\/2023\/05\/Versuch-ueber-das-Vergehen-der-Zeit.jpg?fit=960%2C960&amp;ssl=1\" data-orig-size=\"960,960\" data-comments-opened=\"1\" data-image-meta=\"{&quot;aperture&quot;:&quot;0&quot;,&quot;credit&quot;:&quot;&quot;,&quot;camera&quot;:&quot;&quot;,&quot;caption&quot;:&quot;&quot;,&quot;created_timestamp&quot;:&quot;0&quot;,&quot;copyright&quot;:&quot;&quot;,&quot;focal_length&quot;:&quot;0&quot;,&quot;iso&quot;:&quot;0&quot;,&quot;shutter_speed&quot;:&quot;0&quot;,&quot;title&quot;:&quot;&quot;,&quot;orientation&quot;:&quot;0&quot;}\" data-image-title=\"Versuch-ueber-das-Vergehen-der-Zeit\" data-image-description=\"&lt;p&gt;Fotoessay: Versuch \u00fcber das Vergehen der Zeit&lt;\/p&gt;\n\" data-image-caption=\"\" data-large-file=\"https:\/\/i0.wp.com\/www.taumelland.de\/wp-content\/uploads\/2023\/05\/Versuch-ueber-das-Vergehen-der-Zeit.jpg?fit=700%2C700&amp;ssl=1\" src=\"https:\/\/i0.wp.com\/www.taumelland.de\/wp-content\/uploads\/2023\/05\/Versuch-ueber-das-Vergehen-der-Zeit.jpg?resize=700%2C700&#038;ssl=1\" alt=\"Fotoessay: Versuch \u00fcber das Vergehen der Zeit\" class=\"wp-image-3299\" width=\"700\" height=\"700\" srcset=\"https:\/\/i0.wp.com\/www.taumelland.de\/wp-content\/uploads\/2023\/05\/Versuch-ueber-das-Vergehen-der-Zeit.jpg?w=960&amp;ssl=1 960w, https:\/\/i0.wp.com\/www.taumelland.de\/wp-content\/uploads\/2023\/05\/Versuch-ueber-das-Vergehen-der-Zeit.jpg?resize=300%2C300&amp;ssl=1 300w, https:\/\/i0.wp.com\/www.taumelland.de\/wp-content\/uploads\/2023\/05\/Versuch-ueber-das-Vergehen-der-Zeit.jpg?resize=150%2C150&amp;ssl=1 150w, https:\/\/i0.wp.com\/www.taumelland.de\/wp-content\/uploads\/2023\/05\/Versuch-ueber-das-Vergehen-der-Zeit.jpg?resize=580%2C580&amp;ssl=1 580w, https:\/\/i0.wp.com\/www.taumelland.de\/wp-content\/uploads\/2023\/05\/Versuch-ueber-das-Vergehen-der-Zeit.jpg?resize=800%2C800&amp;ssl=1 800w\" sizes=\"auto, (max-width: 700px) 100vw, 700px\" \/><\/figure>\n\n\n\n<p><strong>Marcus Bohl (Autor)<\/strong><br>Booklet; 48 Seiten<br>ISBN-13: 9783754331750<br>Verlag: Books on Demand<br>Hrsg.: Sascha B\u00fcttner<br>Preis: 19,99 \u20ac<br><\/p>\n\n\n\n<figure class=\"wp-block-image size-full\"><img data-recalc-dims=\"1\" loading=\"lazy\" decoding=\"async\" width=\"700\" height=\"466\" data-attachment-id=\"3306\" data-permalink=\"https:\/\/www.taumelland.de\/index.php\/2023\/05\/06\/versuch-ueber-das-vergehen-der-zeit\/ontime21-kopie\/\" data-orig-file=\"https:\/\/i0.wp.com\/www.taumelland.de\/wp-content\/uploads\/2023\/05\/ontime21-Kopie.jpg?fit=960%2C639&amp;ssl=1\" data-orig-size=\"960,639\" data-comments-opened=\"1\" data-image-meta=\"{&quot;aperture&quot;:&quot;0&quot;,&quot;credit&quot;:&quot;&quot;,&quot;camera&quot;:&quot;&quot;,&quot;caption&quot;:&quot;&quot;,&quot;created_timestamp&quot;:&quot;0&quot;,&quot;copyright&quot;:&quot;Marcus Bohl&quot;,&quot;focal_length&quot;:&quot;0&quot;,&quot;iso&quot;:&quot;0&quot;,&quot;shutter_speed&quot;:&quot;0&quot;,&quot;title&quot;:&quot;&quot;,&quot;orientation&quot;:&quot;0&quot;}\" data-image-title=\"ontime21-Kopie\" data-image-description=\"\" data-image-caption=\"\" data-large-file=\"https:\/\/i0.wp.com\/www.taumelland.de\/wp-content\/uploads\/2023\/05\/ontime21-Kopie.jpg?fit=700%2C466&amp;ssl=1\" src=\"https:\/\/i0.wp.com\/www.taumelland.de\/wp-content\/uploads\/2023\/05\/ontime21-Kopie.jpg?resize=700%2C466&#038;ssl=1\" alt=\"Fotoessay: Versuch \u00fcber das Vergehen der Zeit #\" class=\"wp-image-3306\" srcset=\"https:\/\/i0.wp.com\/www.taumelland.de\/wp-content\/uploads\/2023\/05\/ontime21-Kopie.jpg?w=960&amp;ssl=1 960w, https:\/\/i0.wp.com\/www.taumelland.de\/wp-content\/uploads\/2023\/05\/ontime21-Kopie.jpg?resize=300%2C200&amp;ssl=1 300w, https:\/\/i0.wp.com\/www.taumelland.de\/wp-content\/uploads\/2023\/05\/ontime21-Kopie.jpg?resize=150%2C100&amp;ssl=1 150w, https:\/\/i0.wp.com\/www.taumelland.de\/wp-content\/uploads\/2023\/05\/ontime21-Kopie.jpg?resize=580%2C386&amp;ssl=1 580w, https:\/\/i0.wp.com\/www.taumelland.de\/wp-content\/uploads\/2023\/05\/ontime21-Kopie.jpg?resize=800%2C533&amp;ssl=1 800w\" sizes=\"auto, (max-width: 700px) 100vw, 700px\" \/><figcaption class=\"wp-element-caption\">Fotoessay: Versuch \u00fcber das Vergehen der Zeit #<\/figcaption><\/figure>\n","protected":false},"excerpt":{"rendered":"<p>Fotoessay: Versuch \u00fcber das Vergehen der Zeit Das Fotoessay&nbsp;Versuch \u00fcber das Vergehen der Zeit&nbsp;n\u00e4hert sich dem Ph\u00e4nomen Zeit auf 21 Bildtafeln.Zeit \u2013 Buchhalterin der Ver\u00e4nderung.&nbsp;Die Wirklichkeit \u2013 ein mentaler Schnappschuss, eine geistige Jetzt-Liste.Alles was wir sehen ist Vergangenheit.Fotografien \u2013 Objekte der MelancholieFotografiert zwischen Januar und&hellip;<\/p>\n","protected":false},"author":1,"featured_media":3310,"comment_status":"open","ping_status":"open","sticky":false,"template":"","format":"standard","meta":{"_themeisle_gutenberg_block_has_review":false,"jetpack_post_was_ever_published":false,"_jetpack_newsletter_access":"","_jetpack_dont_email_post_to_subs":false,"_jetpack_newsletter_tier_id":0,"_jetpack_memberships_contains_paywalled_content":false,"_jetpack_memberships_contains_paid_content":false,"footnotes":"","jetpack_publicize_message":"out now: Versuch \u00fcber das Vergehen der Zeit. #fotoessay, #taumelland #grobmagazin","jetpack_publicize_feature_enabled":true,"jetpack_social_post_already_shared":false,"jetpack_social_options":{"image_generator_settings":{"template":"highway","default_image_id":0,"font":"","enabled":false},"version":2}},"categories":[151],"tags":[371,269,372,370],"class_list":["post-3298","post","type-post","status-publish","format-standard","has-post-thumbnail","hentry","category-geschichten","tag-essay","tag-fotobuch","tag-grobmagazin","tag-versuch-ueber-das-vergehen-der-zeit"],"yoast_head":"<!-- This site is optimized with the Yoast SEO plugin v27.5 - https:\/\/yoast.com\/product\/yoast-seo-wordpress\/ -->\n<title>Versuch \u00fcber das Vergehen der Zeit - taumelland.de<\/title>\n<meta name=\"description\" content=\"Taumelland m\u00f6chte auf das Erscheinen des Fotoessays: Versuch \u00fcber das Vergehen der Zeit hinweisen.Das Fotoessay\u00a0Versuch \u00fcber das Vergehen der Zeit\u00a0n\u00e4hert sich dem Ph\u00e4nomen Zeit auf 21 Bildtafeln.Zeit \u2013 Buchhalterin der Ver\u00e4nderung.\u00a0Die Wirklichkeit \u2013 ein mentaler Schnappschuss, eine geistige Jetzt-Liste. Alles was wir sehen ist Vergangenheit. Fotografien \u2013 Objekte der Melancholie\" \/>\n<meta name=\"robots\" content=\"index, follow, max-snippet:-1, max-image-preview:large, max-video-preview:-1\" \/>\n<link rel=\"canonical\" href=\"https:\/\/www.taumelland.de\/index.php\/2023\/05\/06\/versuch-ueber-das-vergehen-der-zeit\/\" \/>\n<meta property=\"og:locale\" content=\"de_DE\" \/>\n<meta property=\"og:type\" content=\"article\" \/>\n<meta property=\"og:title\" content=\"Versuch \u00fcber das Vergehen der Zeit - taumelland.de\" \/>\n<meta property=\"og:description\" content=\"Taumelland m\u00f6chte auf das Erscheinen des Fotoessays: Versuch \u00fcber das Vergehen der Zeit hinweisen.Das Fotoessay\u00a0Versuch \u00fcber das Vergehen der Zeit\u00a0n\u00e4hert sich dem Ph\u00e4nomen Zeit auf 21 Bildtafeln.Zeit \u2013 Buchhalterin der Ver\u00e4nderung.\u00a0Die Wirklichkeit \u2013 ein mentaler Schnappschuss, eine geistige Jetzt-Liste. Alles was wir sehen ist Vergangenheit. Fotografien \u2013 Objekte der Melancholie\" \/>\n<meta property=\"og:url\" content=\"https:\/\/www.taumelland.de\/index.php\/2023\/05\/06\/versuch-ueber-das-vergehen-der-zeit\/\" \/>\n<meta property=\"og:site_name\" content=\"taumelland.de\" \/>\n<meta property=\"article:published_time\" content=\"2023-05-06T20:13:38+00:00\" \/>\n<meta property=\"article:modified_time\" content=\"2023-05-08T17:00:43+00:00\" \/>\n<meta property=\"og:image\" content=\"https:\/\/www.taumelland.de\/wp-content\/uploads\/2023\/05\/FotoEssay.jpg\" \/>\n\t<meta property=\"og:image:width\" content=\"1200\" \/>\n\t<meta property=\"og:image:height\" content=\"1200\" \/>\n\t<meta property=\"og:image:type\" content=\"image\/jpeg\" \/>\n<meta name=\"author\" content=\"Mbolee\" \/>\n<meta name=\"twitter:card\" content=\"summary_large_image\" \/>\n<meta name=\"twitter:label1\" content=\"Verfasst von\" \/>\n\t<meta name=\"twitter:data1\" content=\"Mbolee\" \/>\n\t<meta name=\"twitter:label2\" content=\"Gesch\u00e4tzte Lesezeit\" \/>\n\t<meta name=\"twitter:data2\" content=\"2\u00a0Minuten\" \/>\n<script type=\"application\/ld+json\" class=\"yoast-schema-graph\">{\"@context\":\"https:\\\/\\\/schema.org\",\"@graph\":[{\"@type\":\"Article\",\"@id\":\"https:\\\/\\\/www.taumelland.de\\\/index.php\\\/2023\\\/05\\\/06\\\/versuch-ueber-das-vergehen-der-zeit\\\/#article\",\"isPartOf\":{\"@id\":\"https:\\\/\\\/www.taumelland.de\\\/index.php\\\/2023\\\/05\\\/06\\\/versuch-ueber-das-vergehen-der-zeit\\\/\"},\"author\":{\"name\":\"Mbolee\",\"@id\":\"https:\\\/\\\/www.taumelland.de\\\/#\\\/schema\\\/person\\\/7c3bfb4fefffd1a6bd38e8c18f296dbf\"},\"headline\":\"Versuch \u00fcber das Vergehen der Zeit\",\"datePublished\":\"2023-05-06T20:13:38+00:00\",\"dateModified\":\"2023-05-08T17:00:43+00:00\",\"mainEntityOfPage\":{\"@id\":\"https:\\\/\\\/www.taumelland.de\\\/index.php\\\/2023\\\/05\\\/06\\\/versuch-ueber-das-vergehen-der-zeit\\\/\"},\"wordCount\":172,\"commentCount\":0,\"publisher\":{\"@id\":\"https:\\\/\\\/www.taumelland.de\\\/#\\\/schema\\\/person\\\/d408cfcd33462b0f8d9e9356cfef1aab\"},\"image\":{\"@id\":\"https:\\\/\\\/www.taumelland.de\\\/index.php\\\/2023\\\/05\\\/06\\\/versuch-ueber-das-vergehen-der-zeit\\\/#primaryimage\"},\"thumbnailUrl\":\"https:\\\/\\\/i0.wp.com\\\/www.taumelland.de\\\/wp-content\\\/uploads\\\/2023\\\/05\\\/FotoEssay.jpg?fit=1200%2C1200&ssl=1\",\"keywords\":[\"Essay\",\"Fotobuch\",\"Grobmagazin\",\"Versuch \u00fcber das Vergehen der Zeit\"],\"articleSection\":[\"Geschichten\"],\"inLanguage\":\"de\",\"potentialAction\":[{\"@type\":\"CommentAction\",\"name\":\"Comment\",\"target\":[\"https:\\\/\\\/www.taumelland.de\\\/index.php\\\/2023\\\/05\\\/06\\\/versuch-ueber-das-vergehen-der-zeit\\\/#respond\"]}]},{\"@type\":\"WebPage\",\"@id\":\"https:\\\/\\\/www.taumelland.de\\\/index.php\\\/2023\\\/05\\\/06\\\/versuch-ueber-das-vergehen-der-zeit\\\/\",\"url\":\"https:\\\/\\\/www.taumelland.de\\\/index.php\\\/2023\\\/05\\\/06\\\/versuch-ueber-das-vergehen-der-zeit\\\/\",\"name\":\"Versuch \u00fcber das Vergehen der Zeit - taumelland.de\",\"isPartOf\":{\"@id\":\"https:\\\/\\\/www.taumelland.de\\\/#website\"},\"primaryImageOfPage\":{\"@id\":\"https:\\\/\\\/www.taumelland.de\\\/index.php\\\/2023\\\/05\\\/06\\\/versuch-ueber-das-vergehen-der-zeit\\\/#primaryimage\"},\"image\":{\"@id\":\"https:\\\/\\\/www.taumelland.de\\\/index.php\\\/2023\\\/05\\\/06\\\/versuch-ueber-das-vergehen-der-zeit\\\/#primaryimage\"},\"thumbnailUrl\":\"https:\\\/\\\/i0.wp.com\\\/www.taumelland.de\\\/wp-content\\\/uploads\\\/2023\\\/05\\\/FotoEssay.jpg?fit=1200%2C1200&ssl=1\",\"datePublished\":\"2023-05-06T20:13:38+00:00\",\"dateModified\":\"2023-05-08T17:00:43+00:00\",\"description\":\"Taumelland m\u00f6chte auf das Erscheinen des Fotoessays: Versuch \u00fcber das Vergehen der Zeit hinweisen.Das Fotoessay\u00a0Versuch \u00fcber das Vergehen der Zeit\u00a0n\u00e4hert sich dem Ph\u00e4nomen Zeit auf 21 Bildtafeln.Zeit \u2013 Buchhalterin der Ver\u00e4nderung.\u00a0Die Wirklichkeit \u2013 ein mentaler Schnappschuss, eine geistige Jetzt-Liste. Alles was wir sehen ist Vergangenheit. Fotografien \u2013 Objekte der Melancholie\",\"breadcrumb\":{\"@id\":\"https:\\\/\\\/www.taumelland.de\\\/index.php\\\/2023\\\/05\\\/06\\\/versuch-ueber-das-vergehen-der-zeit\\\/#breadcrumb\"},\"inLanguage\":\"de\",\"potentialAction\":[{\"@type\":\"ReadAction\",\"target\":[\"https:\\\/\\\/www.taumelland.de\\\/index.php\\\/2023\\\/05\\\/06\\\/versuch-ueber-das-vergehen-der-zeit\\\/\"]}]},{\"@type\":\"ImageObject\",\"inLanguage\":\"de\",\"@id\":\"https:\\\/\\\/www.taumelland.de\\\/index.php\\\/2023\\\/05\\\/06\\\/versuch-ueber-das-vergehen-der-zeit\\\/#primaryimage\",\"url\":\"https:\\\/\\\/i0.wp.com\\\/www.taumelland.de\\\/wp-content\\\/uploads\\\/2023\\\/05\\\/FotoEssay.jpg?fit=1200%2C1200&ssl=1\",\"contentUrl\":\"https:\\\/\\\/i0.wp.com\\\/www.taumelland.de\\\/wp-content\\\/uploads\\\/2023\\\/05\\\/FotoEssay.jpg?fit=1200%2C1200&ssl=1\",\"width\":1200,\"height\":1200,\"caption\":\"Fotoessay \u00dcber das Vergehen der Zeit\"},{\"@type\":\"BreadcrumbList\",\"@id\":\"https:\\\/\\\/www.taumelland.de\\\/index.php\\\/2023\\\/05\\\/06\\\/versuch-ueber-das-vergehen-der-zeit\\\/#breadcrumb\",\"itemListElement\":[{\"@type\":\"ListItem\",\"position\":1,\"name\":\"Home\",\"item\":\"https:\\\/\\\/www.taumelland.de\\\/\"},{\"@type\":\"ListItem\",\"position\":2,\"name\":\"Versuch \u00fcber das Vergehen der Zeit\"}]},{\"@type\":\"WebSite\",\"@id\":\"https:\\\/\\\/www.taumelland.de\\\/#website\",\"url\":\"https:\\\/\\\/www.taumelland.de\\\/\",\"name\":\"taumelland.de\",\"description\":\"der romantische Fotoblog\",\"publisher\":{\"@id\":\"https:\\\/\\\/www.taumelland.de\\\/#\\\/schema\\\/person\\\/d408cfcd33462b0f8d9e9356cfef1aab\"},\"potentialAction\":[{\"@type\":\"SearchAction\",\"target\":{\"@type\":\"EntryPoint\",\"urlTemplate\":\"https:\\\/\\\/www.taumelland.de\\\/?s={search_term_string}\"},\"query-input\":{\"@type\":\"PropertyValueSpecification\",\"valueRequired\":true,\"valueName\":\"search_term_string\"}}],\"inLanguage\":\"de\"},{\"@type\":[\"Person\",\"Organization\"],\"@id\":\"https:\\\/\\\/www.taumelland.de\\\/#\\\/schema\\\/person\\\/d408cfcd33462b0f8d9e9356cfef1aab\",\"name\":\"Marcus Bohl\",\"image\":{\"@type\":\"ImageObject\",\"inLanguage\":\"de\",\"@id\":\"https:\\\/\\\/i0.wp.com\\\/www.taumelland.de\\\/wp-content\\\/uploads\\\/2022\\\/04\\\/rosa3.jpg?fit=960%2C639&ssl=1\",\"url\":\"https:\\\/\\\/i0.wp.com\\\/www.taumelland.de\\\/wp-content\\\/uploads\\\/2022\\\/04\\\/rosa3.jpg?fit=960%2C639&ssl=1\",\"contentUrl\":\"https:\\\/\\\/i0.wp.com\\\/www.taumelland.de\\\/wp-content\\\/uploads\\\/2022\\\/04\\\/rosa3.jpg?fit=960%2C639&ssl=1\",\"width\":960,\"height\":639,\"caption\":\"Marcus Bohl\"},\"logo\":{\"@id\":\"https:\\\/\\\/i0.wp.com\\\/www.taumelland.de\\\/wp-content\\\/uploads\\\/2022\\\/04\\\/rosa3.jpg?fit=960%2C639&ssl=1\"},\"sameAs\":[\"https:\\\/\\\/www.instagram.com\\\/taumelland\\\/?hl=de\"]},{\"@type\":\"Person\",\"@id\":\"https:\\\/\\\/www.taumelland.de\\\/#\\\/schema\\\/person\\\/7c3bfb4fefffd1a6bd38e8c18f296dbf\",\"name\":\"Mbolee\",\"sameAs\":[\"http:\\\/\\\/taumelland.de\"],\"url\":\"https:\\\/\\\/www.taumelland.de\\\/index.php\\\/author\\\/mbolee\\\/\"}]}<\/script>\n<!-- \/ Yoast SEO plugin. -->","yoast_head_json":{"title":"Versuch \u00fcber das Vergehen der Zeit - taumelland.de","description":"Taumelland m\u00f6chte auf das Erscheinen des Fotoessays: Versuch \u00fcber das Vergehen der Zeit hinweisen.Das Fotoessay\u00a0Versuch \u00fcber das Vergehen der Zeit\u00a0n\u00e4hert sich dem Ph\u00e4nomen Zeit auf 21 Bildtafeln.Zeit \u2013 Buchhalterin der Ver\u00e4nderung.\u00a0Die Wirklichkeit \u2013 ein mentaler Schnappschuss, eine geistige Jetzt-Liste. Alles was wir sehen ist Vergangenheit. Fotografien \u2013 Objekte der Melancholie","robots":{"index":"index","follow":"follow","max-snippet":"max-snippet:-1","max-image-preview":"max-image-preview:large","max-video-preview":"max-video-preview:-1"},"canonical":"https:\/\/www.taumelland.de\/index.php\/2023\/05\/06\/versuch-ueber-das-vergehen-der-zeit\/","og_locale":"de_DE","og_type":"article","og_title":"Versuch \u00fcber das Vergehen der Zeit - taumelland.de","og_description":"Taumelland m\u00f6chte auf das Erscheinen des Fotoessays: Versuch \u00fcber das Vergehen der Zeit hinweisen.Das Fotoessay\u00a0Versuch \u00fcber das Vergehen der Zeit\u00a0n\u00e4hert sich dem Ph\u00e4nomen Zeit auf 21 Bildtafeln.Zeit \u2013 Buchhalterin der Ver\u00e4nderung.\u00a0Die Wirklichkeit \u2013 ein mentaler Schnappschuss, eine geistige Jetzt-Liste. Alles was wir sehen ist Vergangenheit. Fotografien \u2013 Objekte der Melancholie","og_url":"https:\/\/www.taumelland.de\/index.php\/2023\/05\/06\/versuch-ueber-das-vergehen-der-zeit\/","og_site_name":"taumelland.de","article_published_time":"2023-05-06T20:13:38+00:00","article_modified_time":"2023-05-08T17:00:43+00:00","og_image":[{"width":1200,"height":1200,"url":"https:\/\/www.taumelland.de\/wp-content\/uploads\/2023\/05\/FotoEssay.jpg","type":"image\/jpeg"}],"author":"Mbolee","twitter_card":"summary_large_image","twitter_misc":{"Verfasst von":"Mbolee","Gesch\u00e4tzte Lesezeit":"2\u00a0Minuten"},"schema":{"@context":"https:\/\/schema.org","@graph":[{"@type":"Article","@id":"https:\/\/www.taumelland.de\/index.php\/2023\/05\/06\/versuch-ueber-das-vergehen-der-zeit\/#article","isPartOf":{"@id":"https:\/\/www.taumelland.de\/index.php\/2023\/05\/06\/versuch-ueber-das-vergehen-der-zeit\/"},"author":{"name":"Mbolee","@id":"https:\/\/www.taumelland.de\/#\/schema\/person\/7c3bfb4fefffd1a6bd38e8c18f296dbf"},"headline":"Versuch \u00fcber das Vergehen der Zeit","datePublished":"2023-05-06T20:13:38+00:00","dateModified":"2023-05-08T17:00:43+00:00","mainEntityOfPage":{"@id":"https:\/\/www.taumelland.de\/index.php\/2023\/05\/06\/versuch-ueber-das-vergehen-der-zeit\/"},"wordCount":172,"commentCount":0,"publisher":{"@id":"https:\/\/www.taumelland.de\/#\/schema\/person\/d408cfcd33462b0f8d9e9356cfef1aab"},"image":{"@id":"https:\/\/www.taumelland.de\/index.php\/2023\/05\/06\/versuch-ueber-das-vergehen-der-zeit\/#primaryimage"},"thumbnailUrl":"https:\/\/i0.wp.com\/www.taumelland.de\/wp-content\/uploads\/2023\/05\/FotoEssay.jpg?fit=1200%2C1200&ssl=1","keywords":["Essay","Fotobuch","Grobmagazin","Versuch \u00fcber das Vergehen der Zeit"],"articleSection":["Geschichten"],"inLanguage":"de","potentialAction":[{"@type":"CommentAction","name":"Comment","target":["https:\/\/www.taumelland.de\/index.php\/2023\/05\/06\/versuch-ueber-das-vergehen-der-zeit\/#respond"]}]},{"@type":"WebPage","@id":"https:\/\/www.taumelland.de\/index.php\/2023\/05\/06\/versuch-ueber-das-vergehen-der-zeit\/","url":"https:\/\/www.taumelland.de\/index.php\/2023\/05\/06\/versuch-ueber-das-vergehen-der-zeit\/","name":"Versuch \u00fcber das Vergehen der Zeit - taumelland.de","isPartOf":{"@id":"https:\/\/www.taumelland.de\/#website"},"primaryImageOfPage":{"@id":"https:\/\/www.taumelland.de\/index.php\/2023\/05\/06\/versuch-ueber-das-vergehen-der-zeit\/#primaryimage"},"image":{"@id":"https:\/\/www.taumelland.de\/index.php\/2023\/05\/06\/versuch-ueber-das-vergehen-der-zeit\/#primaryimage"},"thumbnailUrl":"https:\/\/i0.wp.com\/www.taumelland.de\/wp-content\/uploads\/2023\/05\/FotoEssay.jpg?fit=1200%2C1200&ssl=1","datePublished":"2023-05-06T20:13:38+00:00","dateModified":"2023-05-08T17:00:43+00:00","description":"Taumelland m\u00f6chte auf das Erscheinen des Fotoessays: Versuch \u00fcber das Vergehen der Zeit hinweisen.Das Fotoessay\u00a0Versuch \u00fcber das Vergehen der Zeit\u00a0n\u00e4hert sich dem Ph\u00e4nomen Zeit auf 21 Bildtafeln.Zeit \u2013 Buchhalterin der Ver\u00e4nderung.\u00a0Die Wirklichkeit \u2013 ein mentaler Schnappschuss, eine geistige Jetzt-Liste. Alles was wir sehen ist Vergangenheit. Fotografien \u2013 Objekte der Melancholie","breadcrumb":{"@id":"https:\/\/www.taumelland.de\/index.php\/2023\/05\/06\/versuch-ueber-das-vergehen-der-zeit\/#breadcrumb"},"inLanguage":"de","potentialAction":[{"@type":"ReadAction","target":["https:\/\/www.taumelland.de\/index.php\/2023\/05\/06\/versuch-ueber-das-vergehen-der-zeit\/"]}]},{"@type":"ImageObject","inLanguage":"de","@id":"https:\/\/www.taumelland.de\/index.php\/2023\/05\/06\/versuch-ueber-das-vergehen-der-zeit\/#primaryimage","url":"https:\/\/i0.wp.com\/www.taumelland.de\/wp-content\/uploads\/2023\/05\/FotoEssay.jpg?fit=1200%2C1200&ssl=1","contentUrl":"https:\/\/i0.wp.com\/www.taumelland.de\/wp-content\/uploads\/2023\/05\/FotoEssay.jpg?fit=1200%2C1200&ssl=1","width":1200,"height":1200,"caption":"Fotoessay \u00dcber das Vergehen der Zeit"},{"@type":"BreadcrumbList","@id":"https:\/\/www.taumelland.de\/index.php\/2023\/05\/06\/versuch-ueber-das-vergehen-der-zeit\/#breadcrumb","itemListElement":[{"@type":"ListItem","position":1,"name":"Home","item":"https:\/\/www.taumelland.de\/"},{"@type":"ListItem","position":2,"name":"Versuch \u00fcber das Vergehen der Zeit"}]},{"@type":"WebSite","@id":"https:\/\/www.taumelland.de\/#website","url":"https:\/\/www.taumelland.de\/","name":"taumelland.de","description":"der romantische Fotoblog","publisher":{"@id":"https:\/\/www.taumelland.de\/#\/schema\/person\/d408cfcd33462b0f8d9e9356cfef1aab"},"potentialAction":[{"@type":"SearchAction","target":{"@type":"EntryPoint","urlTemplate":"https:\/\/www.taumelland.de\/?s={search_term_string}"},"query-input":{"@type":"PropertyValueSpecification","valueRequired":true,"valueName":"search_term_string"}}],"inLanguage":"de"},{"@type":["Person","Organization"],"@id":"https:\/\/www.taumelland.de\/#\/schema\/person\/d408cfcd33462b0f8d9e9356cfef1aab","name":"Marcus Bohl","image":{"@type":"ImageObject","inLanguage":"de","@id":"https:\/\/i0.wp.com\/www.taumelland.de\/wp-content\/uploads\/2022\/04\/rosa3.jpg?fit=960%2C639&ssl=1","url":"https:\/\/i0.wp.com\/www.taumelland.de\/wp-content\/uploads\/2022\/04\/rosa3.jpg?fit=960%2C639&ssl=1","contentUrl":"https:\/\/i0.wp.com\/www.taumelland.de\/wp-content\/uploads\/2022\/04\/rosa3.jpg?fit=960%2C639&ssl=1","width":960,"height":639,"caption":"Marcus Bohl"},"logo":{"@id":"https:\/\/i0.wp.com\/www.taumelland.de\/wp-content\/uploads\/2022\/04\/rosa3.jpg?fit=960%2C639&ssl=1"},"sameAs":["https:\/\/www.instagram.com\/taumelland\/?hl=de"]},{"@type":"Person","@id":"https:\/\/www.taumelland.de\/#\/schema\/person\/7c3bfb4fefffd1a6bd38e8c18f296dbf","name":"Mbolee","sameAs":["http:\/\/taumelland.de"],"url":"https:\/\/www.taumelland.de\/index.php\/author\/mbolee\/"}]}},"jetpack_publicize_connections":[],"jetpack_featured_media_url":"https:\/\/i0.wp.com\/www.taumelland.de\/wp-content\/uploads\/2023\/05\/FotoEssay.jpg?fit=1200%2C1200&ssl=1","jetpack_sharing_enabled":true,"jetpack_shortlink":"https:\/\/wp.me\/p77Evr-Rc","jetpack-related-posts":[],"_links":{"self":[{"href":"https:\/\/www.taumelland.de\/index.php\/wp-json\/wp\/v2\/posts\/3298","targetHints":{"allow":["GET"]}}],"collection":[{"href":"https:\/\/www.taumelland.de\/index.php\/wp-json\/wp\/v2\/posts"}],"about":[{"href":"https:\/\/www.taumelland.de\/index.php\/wp-json\/wp\/v2\/types\/post"}],"author":[{"embeddable":true,"href":"https:\/\/www.taumelland.de\/index.php\/wp-json\/wp\/v2\/users\/1"}],"replies":[{"embeddable":true,"href":"https:\/\/www.taumelland.de\/index.php\/wp-json\/wp\/v2\/comments?post=3298"}],"version-history":[{"count":8,"href":"https:\/\/www.taumelland.de\/index.php\/wp-json\/wp\/v2\/posts\/3298\/revisions"}],"predecessor-version":[{"id":3309,"href":"https:\/\/www.taumelland.de\/index.php\/wp-json\/wp\/v2\/posts\/3298\/revisions\/3309"}],"wp:featuredmedia":[{"embeddable":true,"href":"https:\/\/www.taumelland.de\/index.php\/wp-json\/wp\/v2\/media\/3310"}],"wp:attachment":[{"href":"https:\/\/www.taumelland.de\/index.php\/wp-json\/wp\/v2\/media?parent=3298"}],"wp:term":[{"taxonomy":"category","embeddable":true,"href":"https:\/\/www.taumelland.de\/index.php\/wp-json\/wp\/v2\/categories?post=3298"},{"taxonomy":"post_tag","embeddable":true,"href":"https:\/\/www.taumelland.de\/index.php\/wp-json\/wp\/v2\/tags?post=3298"}],"curies":[{"name":"wp","href":"https:\/\/api.w.org\/{rel}","templated":true}]}}