{"id":3173,"date":"2022-10-16T18:15:01","date_gmt":"2022-10-16T16:15:01","guid":{"rendered":"https:\/\/www.taumelland.de\/?p=3173"},"modified":"2022-10-16T18:15:03","modified_gmt":"2022-10-16T16:15:03","slug":"anselm-kiefer-im-dogenpalast","status":"publish","type":"post","link":"https:\/\/www.taumelland.de\/index.php\/2022\/10\/16\/anselm-kiefer-im-dogenpalast\/","title":{"rendered":"Anselm Kiefer im Dogenpalast"},"content":{"rendered":"\n<figure class=\"wp-block-image size-full\"><a href=\"https:\/\/i0.wp.com\/www.taumelland.de\/wp-content\/uploads\/2022\/10\/AnselmKiefer2.jpg?ssl=1\" target=\"_blank\"  rel=\"lightbox[3173] noreferrer noopener\"><img data-recalc-dims=\"1\" loading=\"lazy\" decoding=\"async\" width=\"700\" height=\"466\" data-attachment-id=\"3176\" data-permalink=\"https:\/\/www.taumelland.de\/anselmkiefer2\/\" data-orig-file=\"https:\/\/i0.wp.com\/www.taumelland.de\/wp-content\/uploads\/2022\/10\/AnselmKiefer2.jpg?fit=960%2C639&amp;ssl=1\" data-orig-size=\"960,639\" data-comments-opened=\"1\" data-image-meta=\"{&quot;aperture&quot;:&quot;0&quot;,&quot;credit&quot;:&quot;&quot;,&quot;camera&quot;:&quot;&quot;,&quot;caption&quot;:&quot;&quot;,&quot;created_timestamp&quot;:&quot;0&quot;,&quot;copyright&quot;:&quot;Marcus Bohl&quot;,&quot;focal_length&quot;:&quot;0&quot;,&quot;iso&quot;:&quot;0&quot;,&quot;shutter_speed&quot;:&quot;0&quot;,&quot;title&quot;:&quot;&quot;,&quot;orientation&quot;:&quot;0&quot;}\" data-image-title=\"AnselmKiefer#2\" data-image-description=\"\" data-image-caption=\"\" data-large-file=\"https:\/\/i0.wp.com\/www.taumelland.de\/wp-content\/uploads\/2022\/10\/AnselmKiefer2.jpg?fit=700%2C466&amp;ssl=1\" src=\"https:\/\/i0.wp.com\/www.taumelland.de\/wp-content\/uploads\/2022\/10\/AnselmKiefer2.jpg?resize=700%2C466&#038;ssl=1\" alt=\"Eingang \u00a0\u201eSala dello Scrutinio\u201c, Dogenpalast Venedig August 2022\" class=\"wp-image-3176\" srcset=\"https:\/\/i0.wp.com\/www.taumelland.de\/wp-content\/uploads\/2022\/10\/AnselmKiefer2.jpg?w=960&amp;ssl=1 960w, https:\/\/i0.wp.com\/www.taumelland.de\/wp-content\/uploads\/2022\/10\/AnselmKiefer2.jpg?resize=300%2C200&amp;ssl=1 300w, https:\/\/i0.wp.com\/www.taumelland.de\/wp-content\/uploads\/2022\/10\/AnselmKiefer2.jpg?resize=150%2C100&amp;ssl=1 150w, https:\/\/i0.wp.com\/www.taumelland.de\/wp-content\/uploads\/2022\/10\/AnselmKiefer2.jpg?resize=580%2C386&amp;ssl=1 580w, https:\/\/i0.wp.com\/www.taumelland.de\/wp-content\/uploads\/2022\/10\/AnselmKiefer2.jpg?resize=800%2C533&amp;ssl=1 800w\" sizes=\"auto, (max-width: 700px) 100vw, 700px\" \/><\/a><figcaption>Eingang &nbsp;\u201eSala dello Scrutinio\u201c, Dogenpalast Venedig August 2022<\/figcaption><\/figure>\n\n\n\n<p>Was f\u00fcr ein monumentales Werk! Welch ein Pathos! \u00a0Allein schon der Titel:<\/p>\n\n\n\n<blockquote class=\"wp-block-quote is-layout-flow wp-block-quote-is-layout-flow\"><p>\u201eWenn die Schriften verbrennen, werden sie endlich etwas Licht spenden!\u201c <br>(Original it: questi scritti, quando verranno bruciati, daranno finalmente un po\u2019 di luce\u201d)<\/p><p><\/p><cite>Andrea Emo<\/cite><\/blockquote>\n\n\n\n<figure class=\"wp-block-image size-full\"><a href=\"https:\/\/i0.wp.com\/www.taumelland.de\/wp-content\/uploads\/2022\/10\/AnselmKiefer4.jpg?ssl=1\" target=\"_blank\"  rel=\"lightbox[3173] noreferrer noopener\"><img data-recalc-dims=\"1\" loading=\"lazy\" decoding=\"async\" width=\"700\" height=\"466\" data-attachment-id=\"3178\" data-permalink=\"https:\/\/www.taumelland.de\/anselmkiefer4\/\" data-orig-file=\"https:\/\/i0.wp.com\/www.taumelland.de\/wp-content\/uploads\/2022\/10\/AnselmKiefer4.jpg?fit=960%2C639&amp;ssl=1\" data-orig-size=\"960,639\" data-comments-opened=\"1\" data-image-meta=\"{&quot;aperture&quot;:&quot;0&quot;,&quot;credit&quot;:&quot;&quot;,&quot;camera&quot;:&quot;&quot;,&quot;caption&quot;:&quot;&quot;,&quot;created_timestamp&quot;:&quot;0&quot;,&quot;copyright&quot;:&quot;Marcus Bohl&quot;,&quot;focal_length&quot;:&quot;0&quot;,&quot;iso&quot;:&quot;0&quot;,&quot;shutter_speed&quot;:&quot;0&quot;,&quot;title&quot;:&quot;&quot;,&quot;orientation&quot;:&quot;0&quot;}\" data-image-title=\"AnselmKiefer#4\" data-image-description=\"\" data-image-caption=\"\" data-large-file=\"https:\/\/i0.wp.com\/www.taumelland.de\/wp-content\/uploads\/2022\/10\/AnselmKiefer4.jpg?fit=700%2C466&amp;ssl=1\" src=\"https:\/\/i0.wp.com\/www.taumelland.de\/wp-content\/uploads\/2022\/10\/AnselmKiefer4.jpg?resize=700%2C466&#038;ssl=1\" alt=\"Anselm Kiefer: \u201cquesti scritti, quando verranno bruciati, daranno finalmente un po\u2019 di luce\u201d  Dogenpalast Venedig August 2022\" class=\"wp-image-3178\" srcset=\"https:\/\/i0.wp.com\/www.taumelland.de\/wp-content\/uploads\/2022\/10\/AnselmKiefer4.jpg?w=960&amp;ssl=1 960w, https:\/\/i0.wp.com\/www.taumelland.de\/wp-content\/uploads\/2022\/10\/AnselmKiefer4.jpg?resize=300%2C200&amp;ssl=1 300w, https:\/\/i0.wp.com\/www.taumelland.de\/wp-content\/uploads\/2022\/10\/AnselmKiefer4.jpg?resize=150%2C100&amp;ssl=1 150w, https:\/\/i0.wp.com\/www.taumelland.de\/wp-content\/uploads\/2022\/10\/AnselmKiefer4.jpg?resize=580%2C386&amp;ssl=1 580w, https:\/\/i0.wp.com\/www.taumelland.de\/wp-content\/uploads\/2022\/10\/AnselmKiefer4.jpg?resize=800%2C533&amp;ssl=1 800w\" sizes=\"auto, (max-width: 700px) 100vw, 700px\" \/><\/a><figcaption>Anselm Kiefer: \u201cquesti scritti, quando verranno bruciati, daranno finalmente un po\u2019 di luce\u201d  Dogenpalast Venedig August 2022<\/figcaption><\/figure>\n\n\n\n<p>Das ist nicht die erste Arbeit, in der sich Anselm Kiefer auf den italienischen Philosophen Andrea Emo (1901 \u2013 1983 ) bezieht. So hat er ein Buch dem italienischen Philosophen gewidmet (\u201eF\u00fcr Andrea Emo\u201c) und auch ein paar seiner Bilder beziehen sich direkt auf den italienischen Philosophen. &nbsp;<br>Andrea Emo wurde in Venedig geboren. Seine Philosophie ist wohl vom Existentialismus &nbsp;Heideggers, dem Christentum und dem Nihilismus gepr\u00e4gt. Ich konnte nicht viel \u00fcber Ihn herausfinden \u2013 es scheint als w\u00e4re er au\u00dferhalb Italiens kaum bekannt. Was wohl auch daran liegt, dass er Zeit seines Lebens kaum Wert auf Ber\u00fchmtheit legte. Also er einer Haltung der \u201e\u00f6ffentlichen Einsamkeit\u201c gegen\u00fcber einer modernen populistischen Haltung den Vorzug gab.<\/p>\n\n\n\n<figure class=\"wp-block-image size-full\"><a href=\"https:\/\/i0.wp.com\/www.taumelland.de\/wp-content\/uploads\/2022\/10\/AnselmKiefer6.jpg?ssl=1\" target=\"_blank\"  rel=\"lightbox[3173] noreferrer noopener\"><img data-recalc-dims=\"1\" loading=\"lazy\" decoding=\"async\" width=\"700\" height=\"466\" data-attachment-id=\"3180\" data-permalink=\"https:\/\/www.taumelland.de\/anselmkiefer6\/\" data-orig-file=\"https:\/\/i0.wp.com\/www.taumelland.de\/wp-content\/uploads\/2022\/10\/AnselmKiefer6.jpg?fit=960%2C639&amp;ssl=1\" data-orig-size=\"960,639\" data-comments-opened=\"1\" data-image-meta=\"{&quot;aperture&quot;:&quot;0&quot;,&quot;credit&quot;:&quot;&quot;,&quot;camera&quot;:&quot;&quot;,&quot;caption&quot;:&quot;&quot;,&quot;created_timestamp&quot;:&quot;0&quot;,&quot;copyright&quot;:&quot;Marcus Bohl&quot;,&quot;focal_length&quot;:&quot;0&quot;,&quot;iso&quot;:&quot;0&quot;,&quot;shutter_speed&quot;:&quot;0&quot;,&quot;title&quot;:&quot;&quot;,&quot;orientation&quot;:&quot;0&quot;}\" data-image-title=\"AnselmKiefer#6\" data-image-description=\"\" data-image-caption=\"\" data-large-file=\"https:\/\/i0.wp.com\/www.taumelland.de\/wp-content\/uploads\/2022\/10\/AnselmKiefer6.jpg?fit=700%2C466&amp;ssl=1\" src=\"https:\/\/i0.wp.com\/www.taumelland.de\/wp-content\/uploads\/2022\/10\/AnselmKiefer6.jpg?resize=700%2C466&#038;ssl=1\" alt=\"\u00a0\u201eSala dello Scrutinio\u201c Dogenpalast Venedig, August 2022\" class=\"wp-image-3180\" srcset=\"https:\/\/i0.wp.com\/www.taumelland.de\/wp-content\/uploads\/2022\/10\/AnselmKiefer6.jpg?w=960&amp;ssl=1 960w, https:\/\/i0.wp.com\/www.taumelland.de\/wp-content\/uploads\/2022\/10\/AnselmKiefer6.jpg?resize=300%2C200&amp;ssl=1 300w, https:\/\/i0.wp.com\/www.taumelland.de\/wp-content\/uploads\/2022\/10\/AnselmKiefer6.jpg?resize=150%2C100&amp;ssl=1 150w, https:\/\/i0.wp.com\/www.taumelland.de\/wp-content\/uploads\/2022\/10\/AnselmKiefer6.jpg?resize=580%2C386&amp;ssl=1 580w, https:\/\/i0.wp.com\/www.taumelland.de\/wp-content\/uploads\/2022\/10\/AnselmKiefer6.jpg?resize=800%2C533&amp;ssl=1 800w\" sizes=\"auto, (max-width: 700px) 100vw, 700px\" \/><\/a><figcaption>&nbsp;\u201eSala dello Scrutinio\u201c Dogenpalast Venedig, August 2022<\/figcaption><\/figure>\n\n\n\n<p>Entstanden sind die Bilder von Anselm Kiefer zwischen&nbsp; 2020 und 2021. Sie sind speziell f\u00fcr den \u201eSala dello Scrutinio\u201c &nbsp;&nbsp;und auf Einladung der Fondazione Musei Civici &nbsp;angefertigt worden. Die Gem\u00e4lde von Kiefer sind \u00fcber die alten Wandgem\u00e4lde &nbsp;installiert und noch bis zum 29.10.2022. zu sehen. Dann werden die Arbeiten wieder entfernt.<br>Nach dem Brand des Palastes 1577 wurde der Sala dello Scrutinio von Malern wie Tintoretto, Palma il Giovane und Andrea Vicentino neu gestaltet. Sie sollten den Glanz und die Macht Venedigs in ihren Wandgem\u00e4lden verewigen. Der Saal (ehemaliger Wahl-Saal f\u00fcr wichtige Abstimmungen \u2013 auch der Dogenwahl) repr\u00e4sentierte damals die Herrlichkeit der \u201eSerenissima\u201c Republik \u2013 und heute symbolisiert er deren vergangene Gr\u00f6\u00dfe.<\/p>\n\n\n\n<figure class=\"wp-block-image size-full\"><a href=\"https:\/\/i0.wp.com\/www.taumelland.de\/wp-content\/uploads\/2022\/10\/AnselmKiefer1.jpg?ssl=1\" target=\"_blank\"  rel=\"lightbox[3173] noreferrer noopener\"><img data-recalc-dims=\"1\" loading=\"lazy\" decoding=\"async\" width=\"700\" height=\"466\" data-attachment-id=\"3175\" data-permalink=\"https:\/\/www.taumelland.de\/anselmkiefer1\/\" data-orig-file=\"https:\/\/i0.wp.com\/www.taumelland.de\/wp-content\/uploads\/2022\/10\/AnselmKiefer1.jpg?fit=960%2C639&amp;ssl=1\" data-orig-size=\"960,639\" data-comments-opened=\"1\" data-image-meta=\"{&quot;aperture&quot;:&quot;0&quot;,&quot;credit&quot;:&quot;&quot;,&quot;camera&quot;:&quot;&quot;,&quot;caption&quot;:&quot;&quot;,&quot;created_timestamp&quot;:&quot;0&quot;,&quot;copyright&quot;:&quot;Marcus Bohl&quot;,&quot;focal_length&quot;:&quot;0&quot;,&quot;iso&quot;:&quot;0&quot;,&quot;shutter_speed&quot;:&quot;0&quot;,&quot;title&quot;:&quot;&quot;,&quot;orientation&quot;:&quot;0&quot;}\" data-image-title=\"Brand von 1577\" data-image-description=\"\" data-image-caption=\"\" data-large-file=\"https:\/\/i0.wp.com\/www.taumelland.de\/wp-content\/uploads\/2022\/10\/AnselmKiefer1.jpg?fit=700%2C466&amp;ssl=1\" src=\"https:\/\/i0.wp.com\/www.taumelland.de\/wp-content\/uploads\/2022\/10\/AnselmKiefer1.jpg?resize=700%2C466&#038;ssl=1\" alt=\"Anselm Kiefer Detail: Brand des Dogenpalastes 1577, Dogenpalast Venedig August 2022\" class=\"wp-image-3175\" srcset=\"https:\/\/i0.wp.com\/www.taumelland.de\/wp-content\/uploads\/2022\/10\/AnselmKiefer1.jpg?w=960&amp;ssl=1 960w, https:\/\/i0.wp.com\/www.taumelland.de\/wp-content\/uploads\/2022\/10\/AnselmKiefer1.jpg?resize=300%2C200&amp;ssl=1 300w, https:\/\/i0.wp.com\/www.taumelland.de\/wp-content\/uploads\/2022\/10\/AnselmKiefer1.jpg?resize=150%2C100&amp;ssl=1 150w, https:\/\/i0.wp.com\/www.taumelland.de\/wp-content\/uploads\/2022\/10\/AnselmKiefer1.jpg?resize=580%2C386&amp;ssl=1 580w, https:\/\/i0.wp.com\/www.taumelland.de\/wp-content\/uploads\/2022\/10\/AnselmKiefer1.jpg?resize=800%2C533&amp;ssl=1 800w\" sizes=\"auto, (max-width: 700px) 100vw, 700px\" \/><\/a><figcaption>Anselm Kiefer Detail: Brand des Dogenpalastes 1577, Dogenpalast Venedig August 2022<\/figcaption><\/figure>\n\n\n\n<p>Eigentlich finde ich diese Art von Monumentalkunst aus der Zeit gefallen. Wenn ich es in Musik ausdr\u00fccken sollte, klingen Kiefers Gem\u00e4lde so als h\u00e4tte man eine Wagner Oper mit Rammstein gekreuzt und dazu ein wenig Carmina Burana anger\u00fchrt. Es geht nat\u00fcrlich um die ganz gro\u00dfen Themen wie: Geschichte, Sein, Tod, das Nichts, Verg\u00e4nglichkeit &#8230; etc. \u2013 das ist in meinen Augen nicht besonders originell und kaum der Rede wert. Das gab es alles schon mal. Es erinnerte mich an diese Dino-Skelette &nbsp;aus den gro\u00dfen Naturkunden Museen, die immer noch beindruckend anzusehen sind aber doch schon ein wenig Staub angesetzt haben \u2013 zumindest wenn man sie nicht permanent putzt.<\/p>\n\n\n\n<figure class=\"wp-block-image size-full\"><a href=\"https:\/\/i0.wp.com\/www.taumelland.de\/wp-content\/uploads\/2022\/10\/AnselmKiefer3.jpg?ssl=1\" target=\"_blank\"  rel=\"lightbox[3173] noreferrer noopener\"><img data-recalc-dims=\"1\" loading=\"lazy\" decoding=\"async\" width=\"700\" height=\"466\" data-attachment-id=\"3177\" data-permalink=\"https:\/\/www.taumelland.de\/anselmkiefer3\/\" data-orig-file=\"https:\/\/i0.wp.com\/www.taumelland.de\/wp-content\/uploads\/2022\/10\/AnselmKiefer3.jpg?fit=960%2C639&amp;ssl=1\" data-orig-size=\"960,639\" data-comments-opened=\"1\" data-image-meta=\"{&quot;aperture&quot;:&quot;0&quot;,&quot;credit&quot;:&quot;&quot;,&quot;camera&quot;:&quot;&quot;,&quot;caption&quot;:&quot;&quot;,&quot;created_timestamp&quot;:&quot;0&quot;,&quot;copyright&quot;:&quot;Marcus Bohl&quot;,&quot;focal_length&quot;:&quot;0&quot;,&quot;iso&quot;:&quot;0&quot;,&quot;shutter_speed&quot;:&quot;0&quot;,&quot;title&quot;:&quot;&quot;,&quot;orientation&quot;:&quot;0&quot;}\" data-image-title=\"AnselmKiefer#3\" data-image-description=\"\" data-image-caption=\"\" data-large-file=\"https:\/\/i0.wp.com\/www.taumelland.de\/wp-content\/uploads\/2022\/10\/AnselmKiefer3.jpg?fit=700%2C466&amp;ssl=1\" src=\"https:\/\/i0.wp.com\/www.taumelland.de\/wp-content\/uploads\/2022\/10\/AnselmKiefer3.jpg?resize=700%2C466&#038;ssl=1\" alt=\"\u00dcberlagerung: Blei und \u00d6lfabe, Dogenpalast Venedig August 2022 \" class=\"wp-image-3177\" srcset=\"https:\/\/i0.wp.com\/www.taumelland.de\/wp-content\/uploads\/2022\/10\/AnselmKiefer3.jpg?w=960&amp;ssl=1 960w, https:\/\/i0.wp.com\/www.taumelland.de\/wp-content\/uploads\/2022\/10\/AnselmKiefer3.jpg?resize=300%2C200&amp;ssl=1 300w, https:\/\/i0.wp.com\/www.taumelland.de\/wp-content\/uploads\/2022\/10\/AnselmKiefer3.jpg?resize=150%2C100&amp;ssl=1 150w, https:\/\/i0.wp.com\/www.taumelland.de\/wp-content\/uploads\/2022\/10\/AnselmKiefer3.jpg?resize=580%2C386&amp;ssl=1 580w, https:\/\/i0.wp.com\/www.taumelland.de\/wp-content\/uploads\/2022\/10\/AnselmKiefer3.jpg?resize=800%2C533&amp;ssl=1 800w\" sizes=\"auto, (max-width: 700px) 100vw, 700px\" \/><\/a><figcaption>\u00dcberlagerung: Blei und \u00d6lfabe, Dogenpalast Venedig August 2022 <\/figcaption><\/figure>\n\n\n\n<p>Trotzdem konnte sich taumelland der \u00dcberw\u00e4ltigungs-\u00c4sthetik und dem Pathos Kiefers kaum entziehen.<br>Die Bilder bestehen zum Teil aus sich in die \u00d6lfarbe gefressenes Blei, es gibt Badelatschen die vom Himmel fallen, eine golden Leiter, U-Boote, Einkaufswagen, an denen auf Zetteln die Namen von Dogen herabbaumeln etc \u2026 \u00dcberall \u00fcberlagern sich Farben, Strukturen und Materialien. Das Ganze ist sehr dynamisch, manchmal auch ironisch und das gefiel mir sehr gut. Es passt auch &nbsp;zu den \u00fcberdeckten Bildern wie Tintorettos \u201eSchlacht von Zara\u201c. Aus einem gr\u00f6\u00dferen Abstand heraus &nbsp;betrachtet erinnern Kiefers Gem\u00e4lde auch an Schlachtfelder.<\/p>\n\n\n\n<p>Vielleicht liegt genau in dem unzeitgem\u00e4\u00dfen Pathos der Gem\u00e4lde ihre Anziehungskraft. Die Arbeit ist wie ein Memento Mori aus der Vergangenheit in eine Gegenwart, die sich aktuell mit sehr gestrigen Problemen herumschlagen muss und dabei ebenfalls viel von ihrer alten Herrlichkeit verloren hat.<\/p>\n\n\n\n<figure class=\"wp-block-image size-full\"><a href=\"https:\/\/i0.wp.com\/www.taumelland.de\/wp-content\/uploads\/2022\/10\/venice302.jpg?ssl=1\" target=\"_blank\"  rel=\"lightbox[3173] noreferrer noopener\"><img data-recalc-dims=\"1\" loading=\"lazy\" decoding=\"async\" width=\"700\" height=\"466\" data-attachment-id=\"3185\" data-permalink=\"https:\/\/www.taumelland.de\/venice302\/\" data-orig-file=\"https:\/\/i0.wp.com\/www.taumelland.de\/wp-content\/uploads\/2022\/10\/venice302.jpg?fit=960%2C639&amp;ssl=1\" data-orig-size=\"960,639\" data-comments-opened=\"1\" data-image-meta=\"{&quot;aperture&quot;:&quot;0&quot;,&quot;credit&quot;:&quot;&quot;,&quot;camera&quot;:&quot;&quot;,&quot;caption&quot;:&quot;&quot;,&quot;created_timestamp&quot;:&quot;0&quot;,&quot;copyright&quot;:&quot;Marcus Bohl&quot;,&quot;focal_length&quot;:&quot;0&quot;,&quot;iso&quot;:&quot;0&quot;,&quot;shutter_speed&quot;:&quot;0&quot;,&quot;title&quot;:&quot;&quot;,&quot;orientation&quot;:&quot;0&quot;}\" data-image-title=\"venice#302\" data-image-description=\"\" data-image-caption=\"\" data-large-file=\"https:\/\/i0.wp.com\/www.taumelland.de\/wp-content\/uploads\/2022\/10\/venice302.jpg?fit=700%2C466&amp;ssl=1\" src=\"https:\/\/i0.wp.com\/www.taumelland.de\/wp-content\/uploads\/2022\/10\/venice302.jpg?resize=700%2C466&#038;ssl=1\" alt=\"Detail: Seemacht, Dogenpalast Venedig August 2022\" class=\"wp-image-3185\" srcset=\"https:\/\/i0.wp.com\/www.taumelland.de\/wp-content\/uploads\/2022\/10\/venice302.jpg?w=960&amp;ssl=1 960w, https:\/\/i0.wp.com\/www.taumelland.de\/wp-content\/uploads\/2022\/10\/venice302.jpg?resize=300%2C200&amp;ssl=1 300w, https:\/\/i0.wp.com\/www.taumelland.de\/wp-content\/uploads\/2022\/10\/venice302.jpg?resize=150%2C100&amp;ssl=1 150w, https:\/\/i0.wp.com\/www.taumelland.de\/wp-content\/uploads\/2022\/10\/venice302.jpg?resize=580%2C386&amp;ssl=1 580w, https:\/\/i0.wp.com\/www.taumelland.de\/wp-content\/uploads\/2022\/10\/venice302.jpg?resize=800%2C533&amp;ssl=1 800w\" sizes=\"auto, (max-width: 700px) 100vw, 700px\" \/><\/a><figcaption>Detail: Seemacht, Dogenpalast Venedig August 2022<\/figcaption><\/figure>\n\n\n\n<figure class=\"wp-block-image size-full\"><a href=\"https:\/\/i0.wp.com\/www.taumelland.de\/wp-content\/uploads\/2022\/10\/AnselmKiefer7.jpg?ssl=1\" target=\"_blank\"  rel=\"lightbox[3173] noreferrer noopener\"><img data-recalc-dims=\"1\" loading=\"lazy\" decoding=\"async\" width=\"700\" height=\"466\" data-attachment-id=\"3181\" data-permalink=\"https:\/\/www.taumelland.de\/anselmkiefer7\/\" data-orig-file=\"https:\/\/i0.wp.com\/www.taumelland.de\/wp-content\/uploads\/2022\/10\/AnselmKiefer7.jpg?fit=960%2C639&amp;ssl=1\" data-orig-size=\"960,639\" data-comments-opened=\"1\" data-image-meta=\"{&quot;aperture&quot;:&quot;0&quot;,&quot;credit&quot;:&quot;&quot;,&quot;camera&quot;:&quot;&quot;,&quot;caption&quot;:&quot;&quot;,&quot;created_timestamp&quot;:&quot;0&quot;,&quot;copyright&quot;:&quot;Marcus Bohl&quot;,&quot;focal_length&quot;:&quot;0&quot;,&quot;iso&quot;:&quot;0&quot;,&quot;shutter_speed&quot;:&quot;0&quot;,&quot;title&quot;:&quot;&quot;,&quot;orientation&quot;:&quot;0&quot;}\" data-image-title=\"AnselmKiefer#7\" data-image-description=\"\" data-image-caption=\"\" data-large-file=\"https:\/\/i0.wp.com\/www.taumelland.de\/wp-content\/uploads\/2022\/10\/AnselmKiefer7.jpg?fit=700%2C466&amp;ssl=1\" src=\"https:\/\/i0.wp.com\/www.taumelland.de\/wp-content\/uploads\/2022\/10\/AnselmKiefer7.jpg?resize=700%2C466&#038;ssl=1\" alt=\"Detail: Handelsmacht, Dogenpalast Venedig 2022\" class=\"wp-image-3181\" srcset=\"https:\/\/i0.wp.com\/www.taumelland.de\/wp-content\/uploads\/2022\/10\/AnselmKiefer7.jpg?w=960&amp;ssl=1 960w, https:\/\/i0.wp.com\/www.taumelland.de\/wp-content\/uploads\/2022\/10\/AnselmKiefer7.jpg?resize=300%2C200&amp;ssl=1 300w, https:\/\/i0.wp.com\/www.taumelland.de\/wp-content\/uploads\/2022\/10\/AnselmKiefer7.jpg?resize=150%2C100&amp;ssl=1 150w, https:\/\/i0.wp.com\/www.taumelland.de\/wp-content\/uploads\/2022\/10\/AnselmKiefer7.jpg?resize=580%2C386&amp;ssl=1 580w, https:\/\/i0.wp.com\/www.taumelland.de\/wp-content\/uploads\/2022\/10\/AnselmKiefer7.jpg?resize=800%2C533&amp;ssl=1 800w\" sizes=\"auto, (max-width: 700px) 100vw, 700px\" \/><\/a><figcaption>Detail: Handelsmacht, Dogenpalast Venedig 2022<\/figcaption><\/figure>\n\n\n\n<figure class=\"wp-block-image size-full\"><a href=\"https:\/\/i0.wp.com\/www.taumelland.de\/wp-content\/uploads\/2022\/10\/AnselmKiefer10.jpg?ssl=1\" target=\"_blank\"  rel=\"lightbox[3173] noreferrer noopener\"><img data-recalc-dims=\"1\" loading=\"lazy\" decoding=\"async\" width=\"700\" height=\"466\" data-attachment-id=\"3183\" data-permalink=\"https:\/\/www.taumelland.de\/anselmkiefer10\/\" data-orig-file=\"https:\/\/i0.wp.com\/www.taumelland.de\/wp-content\/uploads\/2022\/10\/AnselmKiefer10.jpg?fit=960%2C639&amp;ssl=1\" data-orig-size=\"960,639\" data-comments-opened=\"1\" data-image-meta=\"{&quot;aperture&quot;:&quot;0&quot;,&quot;credit&quot;:&quot;&quot;,&quot;camera&quot;:&quot;&quot;,&quot;caption&quot;:&quot;&quot;,&quot;created_timestamp&quot;:&quot;0&quot;,&quot;copyright&quot;:&quot;Marcus Bohl&quot;,&quot;focal_length&quot;:&quot;0&quot;,&quot;iso&quot;:&quot;0&quot;,&quot;shutter_speed&quot;:&quot;0&quot;,&quot;title&quot;:&quot;&quot;,&quot;orientation&quot;:&quot;0&quot;}\" data-image-title=\"AnselmKiefer#10\" data-image-description=\"\" data-image-caption=\"\" data-large-file=\"https:\/\/i0.wp.com\/www.taumelland.de\/wp-content\/uploads\/2022\/10\/AnselmKiefer10.jpg?fit=700%2C466&amp;ssl=1\" src=\"https:\/\/i0.wp.com\/www.taumelland.de\/wp-content\/uploads\/2022\/10\/AnselmKiefer10.jpg?resize=700%2C466&#038;ssl=1\" alt=\"Detail: Himmelsleiter, Dogenpalast Venedig August 2022\" class=\"wp-image-3183\" srcset=\"https:\/\/i0.wp.com\/www.taumelland.de\/wp-content\/uploads\/2022\/10\/AnselmKiefer10.jpg?w=960&amp;ssl=1 960w, https:\/\/i0.wp.com\/www.taumelland.de\/wp-content\/uploads\/2022\/10\/AnselmKiefer10.jpg?resize=300%2C200&amp;ssl=1 300w, https:\/\/i0.wp.com\/www.taumelland.de\/wp-content\/uploads\/2022\/10\/AnselmKiefer10.jpg?resize=150%2C100&amp;ssl=1 150w, https:\/\/i0.wp.com\/www.taumelland.de\/wp-content\/uploads\/2022\/10\/AnselmKiefer10.jpg?resize=580%2C386&amp;ssl=1 580w, https:\/\/i0.wp.com\/www.taumelland.de\/wp-content\/uploads\/2022\/10\/AnselmKiefer10.jpg?resize=800%2C533&amp;ssl=1 800w\" sizes=\"auto, (max-width: 700px) 100vw, 700px\" \/><\/a><figcaption>Detail: Himmelsleiter, Dogenpalast Venedig August 2022<\/figcaption><\/figure>\n\n\n\n<figure class=\"wp-block-image size-full\"><a href=\"https:\/\/i0.wp.com\/www.taumelland.de\/wp-content\/uploads\/2022\/10\/AnselmKiefer5.jpg?ssl=1\" target=\"_blank\"  rel=\"lightbox[3173] noreferrer noopener\"><img data-recalc-dims=\"1\" loading=\"lazy\" decoding=\"async\" width=\"700\" height=\"466\" data-attachment-id=\"3179\" data-permalink=\"https:\/\/www.taumelland.de\/anselmkiefer5\/\" data-orig-file=\"https:\/\/i0.wp.com\/www.taumelland.de\/wp-content\/uploads\/2022\/10\/AnselmKiefer5.jpg?fit=960%2C639&amp;ssl=1\" data-orig-size=\"960,639\" data-comments-opened=\"1\" data-image-meta=\"{&quot;aperture&quot;:&quot;0&quot;,&quot;credit&quot;:&quot;&quot;,&quot;camera&quot;:&quot;&quot;,&quot;caption&quot;:&quot;&quot;,&quot;created_timestamp&quot;:&quot;0&quot;,&quot;copyright&quot;:&quot;Marcus Bohl&quot;,&quot;focal_length&quot;:&quot;0&quot;,&quot;iso&quot;:&quot;0&quot;,&quot;shutter_speed&quot;:&quot;0&quot;,&quot;title&quot;:&quot;&quot;,&quot;orientation&quot;:&quot;0&quot;}\" data-image-title=\"AnselmKiefer#5\" data-image-description=\"\" data-image-caption=\"\" data-large-file=\"https:\/\/i0.wp.com\/www.taumelland.de\/wp-content\/uploads\/2022\/10\/AnselmKiefer5.jpg?fit=700%2C466&amp;ssl=1\" src=\"https:\/\/i0.wp.com\/www.taumelland.de\/wp-content\/uploads\/2022\/10\/AnselmKiefer5.jpg?resize=700%2C466&#038;ssl=1\" alt=\"Detail: Himmelsleiter, Dogenpalast Venedig August 2022\" class=\"wp-image-3179\" srcset=\"https:\/\/i0.wp.com\/www.taumelland.de\/wp-content\/uploads\/2022\/10\/AnselmKiefer5.jpg?w=960&amp;ssl=1 960w, https:\/\/i0.wp.com\/www.taumelland.de\/wp-content\/uploads\/2022\/10\/AnselmKiefer5.jpg?resize=300%2C200&amp;ssl=1 300w, https:\/\/i0.wp.com\/www.taumelland.de\/wp-content\/uploads\/2022\/10\/AnselmKiefer5.jpg?resize=150%2C100&amp;ssl=1 150w, https:\/\/i0.wp.com\/www.taumelland.de\/wp-content\/uploads\/2022\/10\/AnselmKiefer5.jpg?resize=580%2C386&amp;ssl=1 580w, https:\/\/i0.wp.com\/www.taumelland.de\/wp-content\/uploads\/2022\/10\/AnselmKiefer5.jpg?resize=800%2C533&amp;ssl=1 800w\" sizes=\"auto, (max-width: 700px) 100vw, 700px\" \/><\/a><figcaption>Detail Buch, Dogenpalast Venedig August 2022<\/figcaption><\/figure>\n","protected":false},"excerpt":{"rendered":"<p>Was f\u00fcr ein monumentales Werk! Welch ein Pathos! \u00a0Allein schon der Titel: \u201eWenn die Schriften verbrennen, werden sie endlich etwas Licht spenden!\u201c (Original it: questi scritti, quando verranno bruciati, daranno finalmente un po\u2019 di luce\u201d) Andrea Emo Das ist nicht die erste Arbeit, in der&hellip;<\/p>\n","protected":false},"author":1,"featured_media":3184,"comment_status":"open","ping_status":"open","sticky":false,"template":"","format":"standard","meta":{"_themeisle_gutenberg_block_has_review":false,"jetpack_post_was_ever_published":false,"_jetpack_newsletter_access":"","_jetpack_dont_email_post_to_subs":false,"_jetpack_newsletter_tier_id":0,"_jetpack_memberships_contains_paywalled_content":false,"_jetpack_memberships_contains_paid_content":false,"footnotes":"","jetpack_publicize_message":"#anselmKiefer #venedig #dogenpalast #Palazzo_Ducale","jetpack_publicize_feature_enabled":true,"jetpack_social_post_already_shared":true,"jetpack_social_options":{"image_generator_settings":{"template":"highway","default_image_id":0,"font":"","enabled":false},"version":2}},"categories":[29],"tags":[357,248,351,358],"class_list":["post-3173","post","type-post","status-publish","format-standard","has-post-thumbnail","hentry","category-erinnerungshorte","tag-anselm-kiefer","tag-ausstellung","tag-biennale-venedig","tag-venedig"],"yoast_head":"<!-- This site is optimized with the Yoast SEO plugin v27.5 - https:\/\/yoast.com\/product\/yoast-seo-wordpress\/ -->\n<title>Anselm Kiefer im Dogenpalast - taumelland.de<\/title>\n<meta name=\"description\" content=\"Entstanden sind die Bilder von Anselm Kiefer zwischen\u00a0 2020 und 2021. Sie sind speziell f\u00fcr den \u201eSala dello Scrutinio\u201c \u00a0\u00a0und auf Einladung der Fondazione Musei Civici \u00a0angefertigt worden. Die Gem\u00e4lde von Kiefer sind \u00fcber die alten Wandgem\u00e4lde \u00a0installiert und noch bis zum 29.10.2022. zu sehen. Dann werden die Arbeiten wieder entfernt.Nach dem Brand des Palastes 1577 wurde der Sala dello Scrutinio von Malern wie Tintoretto, Palma il Giovane und Andrea Vicentino neu gestaltet. Sie sollten den Glanz und die Macht Venedigs in ihren Wandgem\u00e4lden verewigen. Der Saal (ehemaliger Wahl-Saal f\u00fcr wichtige Abstimmungen \u2013 auch der Dogenwahl) repr\u00e4sentierte damals die Herrlichkeit der \u201eSerenissima\u201c Republik \u2013 und heute symbolisiert er deren vergangene Gr\u00f6\u00dfe.\" \/>\n<meta name=\"robots\" content=\"index, follow, max-snippet:-1, max-image-preview:large, max-video-preview:-1\" \/>\n<link rel=\"canonical\" href=\"https:\/\/www.taumelland.de\/index.php\/2022\/10\/16\/anselm-kiefer-im-dogenpalast\/\" \/>\n<meta property=\"og:locale\" content=\"de_DE\" \/>\n<meta property=\"og:type\" content=\"article\" \/>\n<meta property=\"og:title\" content=\"Anselm Kiefer im Dogenpalast - taumelland.de\" \/>\n<meta property=\"og:description\" content=\"Entstanden sind die Bilder von Anselm Kiefer zwischen\u00a0 2020 und 2021. Sie sind speziell f\u00fcr den \u201eSala dello Scrutinio\u201c \u00a0\u00a0und auf Einladung der Fondazione Musei Civici \u00a0angefertigt worden. Die Gem\u00e4lde von Kiefer sind \u00fcber die alten Wandgem\u00e4lde \u00a0installiert und noch bis zum 29.10.2022. zu sehen. Dann werden die Arbeiten wieder entfernt.Nach dem Brand des Palastes 1577 wurde der Sala dello Scrutinio von Malern wie Tintoretto, Palma il Giovane und Andrea Vicentino neu gestaltet. Sie sollten den Glanz und die Macht Venedigs in ihren Wandgem\u00e4lden verewigen. Der Saal (ehemaliger Wahl-Saal f\u00fcr wichtige Abstimmungen \u2013 auch der Dogenwahl) repr\u00e4sentierte damals die Herrlichkeit der \u201eSerenissima\u201c Republik \u2013 und heute symbolisiert er deren vergangene Gr\u00f6\u00dfe.\" \/>\n<meta property=\"og:url\" content=\"https:\/\/www.taumelland.de\/index.php\/2022\/10\/16\/anselm-kiefer-im-dogenpalast\/\" \/>\n<meta property=\"og:site_name\" content=\"taumelland.de\" \/>\n<meta property=\"article:published_time\" content=\"2022-10-16T16:15:01+00:00\" \/>\n<meta property=\"article:modified_time\" content=\"2022-10-16T16:15:03+00:00\" \/>\n<meta property=\"og:image\" content=\"https:\/\/www.taumelland.de\/wp-content\/uploads\/2022\/10\/AnselmKiefer11.jpg\" \/>\n\t<meta property=\"og:image:width\" content=\"960\" \/>\n\t<meta property=\"og:image:height\" content=\"639\" \/>\n\t<meta property=\"og:image:type\" content=\"image\/jpeg\" \/>\n<meta name=\"author\" content=\"Mbolee\" \/>\n<meta name=\"twitter:card\" content=\"summary_large_image\" \/>\n<meta name=\"twitter:label1\" content=\"Verfasst von\" \/>\n\t<meta name=\"twitter:data1\" content=\"Mbolee\" \/>\n\t<meta name=\"twitter:label2\" content=\"Gesch\u00e4tzte Lesezeit\" \/>\n\t<meta name=\"twitter:data2\" content=\"5\u00a0Minuten\" \/>\n<script type=\"application\/ld+json\" class=\"yoast-schema-graph\">{\"@context\":\"https:\\\/\\\/schema.org\",\"@graph\":[{\"@type\":\"Article\",\"@id\":\"https:\\\/\\\/www.taumelland.de\\\/index.php\\\/2022\\\/10\\\/16\\\/anselm-kiefer-im-dogenpalast\\\/#article\",\"isPartOf\":{\"@id\":\"https:\\\/\\\/www.taumelland.de\\\/index.php\\\/2022\\\/10\\\/16\\\/anselm-kiefer-im-dogenpalast\\\/\"},\"author\":{\"name\":\"Mbolee\",\"@id\":\"https:\\\/\\\/www.taumelland.de\\\/#\\\/schema\\\/person\\\/7c3bfb4fefffd1a6bd38e8c18f296dbf\"},\"headline\":\"Anselm Kiefer im Dogenpalast\",\"datePublished\":\"2022-10-16T16:15:01+00:00\",\"dateModified\":\"2022-10-16T16:15:03+00:00\",\"mainEntityOfPage\":{\"@id\":\"https:\\\/\\\/www.taumelland.de\\\/index.php\\\/2022\\\/10\\\/16\\\/anselm-kiefer-im-dogenpalast\\\/\"},\"wordCount\":598,\"commentCount\":0,\"publisher\":{\"@id\":\"https:\\\/\\\/www.taumelland.de\\\/#\\\/schema\\\/person\\\/d408cfcd33462b0f8d9e9356cfef1aab\"},\"image\":{\"@id\":\"https:\\\/\\\/www.taumelland.de\\\/index.php\\\/2022\\\/10\\\/16\\\/anselm-kiefer-im-dogenpalast\\\/#primaryimage\"},\"thumbnailUrl\":\"https:\\\/\\\/i0.wp.com\\\/www.taumelland.de\\\/wp-content\\\/uploads\\\/2022\\\/10\\\/AnselmKiefer11.jpg?fit=960%2C639&ssl=1\",\"keywords\":[\"Anselm Kiefer\",\"Ausstellung\",\"Biennale Venedig\",\"Venedig\"],\"articleSection\":[\"Erinnerungshorte\"],\"inLanguage\":\"de\",\"potentialAction\":[{\"@type\":\"CommentAction\",\"name\":\"Comment\",\"target\":[\"https:\\\/\\\/www.taumelland.de\\\/index.php\\\/2022\\\/10\\\/16\\\/anselm-kiefer-im-dogenpalast\\\/#respond\"]}]},{\"@type\":\"WebPage\",\"@id\":\"https:\\\/\\\/www.taumelland.de\\\/index.php\\\/2022\\\/10\\\/16\\\/anselm-kiefer-im-dogenpalast\\\/\",\"url\":\"https:\\\/\\\/www.taumelland.de\\\/index.php\\\/2022\\\/10\\\/16\\\/anselm-kiefer-im-dogenpalast\\\/\",\"name\":\"Anselm Kiefer im Dogenpalast - taumelland.de\",\"isPartOf\":{\"@id\":\"https:\\\/\\\/www.taumelland.de\\\/#website\"},\"primaryImageOfPage\":{\"@id\":\"https:\\\/\\\/www.taumelland.de\\\/index.php\\\/2022\\\/10\\\/16\\\/anselm-kiefer-im-dogenpalast\\\/#primaryimage\"},\"image\":{\"@id\":\"https:\\\/\\\/www.taumelland.de\\\/index.php\\\/2022\\\/10\\\/16\\\/anselm-kiefer-im-dogenpalast\\\/#primaryimage\"},\"thumbnailUrl\":\"https:\\\/\\\/i0.wp.com\\\/www.taumelland.de\\\/wp-content\\\/uploads\\\/2022\\\/10\\\/AnselmKiefer11.jpg?fit=960%2C639&ssl=1\",\"datePublished\":\"2022-10-16T16:15:01+00:00\",\"dateModified\":\"2022-10-16T16:15:03+00:00\",\"description\":\"Entstanden sind die Bilder von Anselm Kiefer zwischen\u00a0 2020 und 2021. Sie sind speziell f\u00fcr den \u201eSala dello Scrutinio\u201c \u00a0\u00a0und auf Einladung der Fondazione Musei Civici \u00a0angefertigt worden. Die Gem\u00e4lde von Kiefer sind \u00fcber die alten Wandgem\u00e4lde \u00a0installiert und noch bis zum 29.10.2022. zu sehen. Dann werden die Arbeiten wieder entfernt.Nach dem Brand des Palastes 1577 wurde der Sala dello Scrutinio von Malern wie Tintoretto, Palma il Giovane und Andrea Vicentino neu gestaltet. Sie sollten den Glanz und die Macht Venedigs in ihren Wandgem\u00e4lden verewigen. Der Saal (ehemaliger Wahl-Saal f\u00fcr wichtige Abstimmungen \u2013 auch der Dogenwahl) repr\u00e4sentierte damals die Herrlichkeit der \u201eSerenissima\u201c Republik \u2013 und heute symbolisiert er deren vergangene Gr\u00f6\u00dfe.\",\"breadcrumb\":{\"@id\":\"https:\\\/\\\/www.taumelland.de\\\/index.php\\\/2022\\\/10\\\/16\\\/anselm-kiefer-im-dogenpalast\\\/#breadcrumb\"},\"inLanguage\":\"de\",\"potentialAction\":[{\"@type\":\"ReadAction\",\"target\":[\"https:\\\/\\\/www.taumelland.de\\\/index.php\\\/2022\\\/10\\\/16\\\/anselm-kiefer-im-dogenpalast\\\/\"]}]},{\"@type\":\"ImageObject\",\"inLanguage\":\"de\",\"@id\":\"https:\\\/\\\/www.taumelland.de\\\/index.php\\\/2022\\\/10\\\/16\\\/anselm-kiefer-im-dogenpalast\\\/#primaryimage\",\"url\":\"https:\\\/\\\/i0.wp.com\\\/www.taumelland.de\\\/wp-content\\\/uploads\\\/2022\\\/10\\\/AnselmKiefer11.jpg?fit=960%2C639&ssl=1\",\"contentUrl\":\"https:\\\/\\\/i0.wp.com\\\/www.taumelland.de\\\/wp-content\\\/uploads\\\/2022\\\/10\\\/AnselmKiefer11.jpg?fit=960%2C639&ssl=1\",\"width\":960,\"height\":639},{\"@type\":\"BreadcrumbList\",\"@id\":\"https:\\\/\\\/www.taumelland.de\\\/index.php\\\/2022\\\/10\\\/16\\\/anselm-kiefer-im-dogenpalast\\\/#breadcrumb\",\"itemListElement\":[{\"@type\":\"ListItem\",\"position\":1,\"name\":\"Home\",\"item\":\"https:\\\/\\\/www.taumelland.de\\\/\"},{\"@type\":\"ListItem\",\"position\":2,\"name\":\"Anselm Kiefer im Dogenpalast\"}]},{\"@type\":\"WebSite\",\"@id\":\"https:\\\/\\\/www.taumelland.de\\\/#website\",\"url\":\"https:\\\/\\\/www.taumelland.de\\\/\",\"name\":\"taumelland.de\",\"description\":\"der romantische Fotoblog\",\"publisher\":{\"@id\":\"https:\\\/\\\/www.taumelland.de\\\/#\\\/schema\\\/person\\\/d408cfcd33462b0f8d9e9356cfef1aab\"},\"potentialAction\":[{\"@type\":\"SearchAction\",\"target\":{\"@type\":\"EntryPoint\",\"urlTemplate\":\"https:\\\/\\\/www.taumelland.de\\\/?s={search_term_string}\"},\"query-input\":{\"@type\":\"PropertyValueSpecification\",\"valueRequired\":true,\"valueName\":\"search_term_string\"}}],\"inLanguage\":\"de\"},{\"@type\":[\"Person\",\"Organization\"],\"@id\":\"https:\\\/\\\/www.taumelland.de\\\/#\\\/schema\\\/person\\\/d408cfcd33462b0f8d9e9356cfef1aab\",\"name\":\"Marcus Bohl\",\"image\":{\"@type\":\"ImageObject\",\"inLanguage\":\"de\",\"@id\":\"https:\\\/\\\/i0.wp.com\\\/www.taumelland.de\\\/wp-content\\\/uploads\\\/2022\\\/04\\\/rosa3.jpg?fit=960%2C639&ssl=1\",\"url\":\"https:\\\/\\\/i0.wp.com\\\/www.taumelland.de\\\/wp-content\\\/uploads\\\/2022\\\/04\\\/rosa3.jpg?fit=960%2C639&ssl=1\",\"contentUrl\":\"https:\\\/\\\/i0.wp.com\\\/www.taumelland.de\\\/wp-content\\\/uploads\\\/2022\\\/04\\\/rosa3.jpg?fit=960%2C639&ssl=1\",\"width\":960,\"height\":639,\"caption\":\"Marcus Bohl\"},\"logo\":{\"@id\":\"https:\\\/\\\/i0.wp.com\\\/www.taumelland.de\\\/wp-content\\\/uploads\\\/2022\\\/04\\\/rosa3.jpg?fit=960%2C639&ssl=1\"},\"sameAs\":[\"https:\\\/\\\/www.instagram.com\\\/taumelland\\\/?hl=de\"]},{\"@type\":\"Person\",\"@id\":\"https:\\\/\\\/www.taumelland.de\\\/#\\\/schema\\\/person\\\/7c3bfb4fefffd1a6bd38e8c18f296dbf\",\"name\":\"Mbolee\",\"sameAs\":[\"http:\\\/\\\/taumelland.de\"],\"url\":\"https:\\\/\\\/www.taumelland.de\\\/index.php\\\/author\\\/mbolee\\\/\"}]}<\/script>\n<!-- \/ Yoast SEO plugin. -->","yoast_head_json":{"title":"Anselm Kiefer im Dogenpalast - taumelland.de","description":"Entstanden sind die Bilder von Anselm Kiefer zwischen\u00a0 2020 und 2021. Sie sind speziell f\u00fcr den \u201eSala dello Scrutinio\u201c \u00a0\u00a0und auf Einladung der Fondazione Musei Civici \u00a0angefertigt worden. Die Gem\u00e4lde von Kiefer sind \u00fcber die alten Wandgem\u00e4lde \u00a0installiert und noch bis zum 29.10.2022. zu sehen. Dann werden die Arbeiten wieder entfernt.Nach dem Brand des Palastes 1577 wurde der Sala dello Scrutinio von Malern wie Tintoretto, Palma il Giovane und Andrea Vicentino neu gestaltet. Sie sollten den Glanz und die Macht Venedigs in ihren Wandgem\u00e4lden verewigen. Der Saal (ehemaliger Wahl-Saal f\u00fcr wichtige Abstimmungen \u2013 auch der Dogenwahl) repr\u00e4sentierte damals die Herrlichkeit der \u201eSerenissima\u201c Republik \u2013 und heute symbolisiert er deren vergangene Gr\u00f6\u00dfe.","robots":{"index":"index","follow":"follow","max-snippet":"max-snippet:-1","max-image-preview":"max-image-preview:large","max-video-preview":"max-video-preview:-1"},"canonical":"https:\/\/www.taumelland.de\/index.php\/2022\/10\/16\/anselm-kiefer-im-dogenpalast\/","og_locale":"de_DE","og_type":"article","og_title":"Anselm Kiefer im Dogenpalast - taumelland.de","og_description":"Entstanden sind die Bilder von Anselm Kiefer zwischen\u00a0 2020 und 2021. Sie sind speziell f\u00fcr den \u201eSala dello Scrutinio\u201c \u00a0\u00a0und auf Einladung der Fondazione Musei Civici \u00a0angefertigt worden. Die Gem\u00e4lde von Kiefer sind \u00fcber die alten Wandgem\u00e4lde \u00a0installiert und noch bis zum 29.10.2022. zu sehen. Dann werden die Arbeiten wieder entfernt.Nach dem Brand des Palastes 1577 wurde der Sala dello Scrutinio von Malern wie Tintoretto, Palma il Giovane und Andrea Vicentino neu gestaltet. Sie sollten den Glanz und die Macht Venedigs in ihren Wandgem\u00e4lden verewigen. Der Saal (ehemaliger Wahl-Saal f\u00fcr wichtige Abstimmungen \u2013 auch der Dogenwahl) repr\u00e4sentierte damals die Herrlichkeit der \u201eSerenissima\u201c Republik \u2013 und heute symbolisiert er deren vergangene Gr\u00f6\u00dfe.","og_url":"https:\/\/www.taumelland.de\/index.php\/2022\/10\/16\/anselm-kiefer-im-dogenpalast\/","og_site_name":"taumelland.de","article_published_time":"2022-10-16T16:15:01+00:00","article_modified_time":"2022-10-16T16:15:03+00:00","og_image":[{"width":960,"height":639,"url":"https:\/\/www.taumelland.de\/wp-content\/uploads\/2022\/10\/AnselmKiefer11.jpg","type":"image\/jpeg"}],"author":"Mbolee","twitter_card":"summary_large_image","twitter_misc":{"Verfasst von":"Mbolee","Gesch\u00e4tzte Lesezeit":"5\u00a0Minuten"},"schema":{"@context":"https:\/\/schema.org","@graph":[{"@type":"Article","@id":"https:\/\/www.taumelland.de\/index.php\/2022\/10\/16\/anselm-kiefer-im-dogenpalast\/#article","isPartOf":{"@id":"https:\/\/www.taumelland.de\/index.php\/2022\/10\/16\/anselm-kiefer-im-dogenpalast\/"},"author":{"name":"Mbolee","@id":"https:\/\/www.taumelland.de\/#\/schema\/person\/7c3bfb4fefffd1a6bd38e8c18f296dbf"},"headline":"Anselm Kiefer im Dogenpalast","datePublished":"2022-10-16T16:15:01+00:00","dateModified":"2022-10-16T16:15:03+00:00","mainEntityOfPage":{"@id":"https:\/\/www.taumelland.de\/index.php\/2022\/10\/16\/anselm-kiefer-im-dogenpalast\/"},"wordCount":598,"commentCount":0,"publisher":{"@id":"https:\/\/www.taumelland.de\/#\/schema\/person\/d408cfcd33462b0f8d9e9356cfef1aab"},"image":{"@id":"https:\/\/www.taumelland.de\/index.php\/2022\/10\/16\/anselm-kiefer-im-dogenpalast\/#primaryimage"},"thumbnailUrl":"https:\/\/i0.wp.com\/www.taumelland.de\/wp-content\/uploads\/2022\/10\/AnselmKiefer11.jpg?fit=960%2C639&ssl=1","keywords":["Anselm Kiefer","Ausstellung","Biennale Venedig","Venedig"],"articleSection":["Erinnerungshorte"],"inLanguage":"de","potentialAction":[{"@type":"CommentAction","name":"Comment","target":["https:\/\/www.taumelland.de\/index.php\/2022\/10\/16\/anselm-kiefer-im-dogenpalast\/#respond"]}]},{"@type":"WebPage","@id":"https:\/\/www.taumelland.de\/index.php\/2022\/10\/16\/anselm-kiefer-im-dogenpalast\/","url":"https:\/\/www.taumelland.de\/index.php\/2022\/10\/16\/anselm-kiefer-im-dogenpalast\/","name":"Anselm Kiefer im Dogenpalast - taumelland.de","isPartOf":{"@id":"https:\/\/www.taumelland.de\/#website"},"primaryImageOfPage":{"@id":"https:\/\/www.taumelland.de\/index.php\/2022\/10\/16\/anselm-kiefer-im-dogenpalast\/#primaryimage"},"image":{"@id":"https:\/\/www.taumelland.de\/index.php\/2022\/10\/16\/anselm-kiefer-im-dogenpalast\/#primaryimage"},"thumbnailUrl":"https:\/\/i0.wp.com\/www.taumelland.de\/wp-content\/uploads\/2022\/10\/AnselmKiefer11.jpg?fit=960%2C639&ssl=1","datePublished":"2022-10-16T16:15:01+00:00","dateModified":"2022-10-16T16:15:03+00:00","description":"Entstanden sind die Bilder von Anselm Kiefer zwischen\u00a0 2020 und 2021. Sie sind speziell f\u00fcr den \u201eSala dello Scrutinio\u201c \u00a0\u00a0und auf Einladung der Fondazione Musei Civici \u00a0angefertigt worden. Die Gem\u00e4lde von Kiefer sind \u00fcber die alten Wandgem\u00e4lde \u00a0installiert und noch bis zum 29.10.2022. zu sehen. Dann werden die Arbeiten wieder entfernt.Nach dem Brand des Palastes 1577 wurde der Sala dello Scrutinio von Malern wie Tintoretto, Palma il Giovane und Andrea Vicentino neu gestaltet. Sie sollten den Glanz und die Macht Venedigs in ihren Wandgem\u00e4lden verewigen. Der Saal (ehemaliger Wahl-Saal f\u00fcr wichtige Abstimmungen \u2013 auch der Dogenwahl) repr\u00e4sentierte damals die Herrlichkeit der \u201eSerenissima\u201c Republik \u2013 und heute symbolisiert er deren vergangene Gr\u00f6\u00dfe.","breadcrumb":{"@id":"https:\/\/www.taumelland.de\/index.php\/2022\/10\/16\/anselm-kiefer-im-dogenpalast\/#breadcrumb"},"inLanguage":"de","potentialAction":[{"@type":"ReadAction","target":["https:\/\/www.taumelland.de\/index.php\/2022\/10\/16\/anselm-kiefer-im-dogenpalast\/"]}]},{"@type":"ImageObject","inLanguage":"de","@id":"https:\/\/www.taumelland.de\/index.php\/2022\/10\/16\/anselm-kiefer-im-dogenpalast\/#primaryimage","url":"https:\/\/i0.wp.com\/www.taumelland.de\/wp-content\/uploads\/2022\/10\/AnselmKiefer11.jpg?fit=960%2C639&ssl=1","contentUrl":"https:\/\/i0.wp.com\/www.taumelland.de\/wp-content\/uploads\/2022\/10\/AnselmKiefer11.jpg?fit=960%2C639&ssl=1","width":960,"height":639},{"@type":"BreadcrumbList","@id":"https:\/\/www.taumelland.de\/index.php\/2022\/10\/16\/anselm-kiefer-im-dogenpalast\/#breadcrumb","itemListElement":[{"@type":"ListItem","position":1,"name":"Home","item":"https:\/\/www.taumelland.de\/"},{"@type":"ListItem","position":2,"name":"Anselm Kiefer im Dogenpalast"}]},{"@type":"WebSite","@id":"https:\/\/www.taumelland.de\/#website","url":"https:\/\/www.taumelland.de\/","name":"taumelland.de","description":"der romantische Fotoblog","publisher":{"@id":"https:\/\/www.taumelland.de\/#\/schema\/person\/d408cfcd33462b0f8d9e9356cfef1aab"},"potentialAction":[{"@type":"SearchAction","target":{"@type":"EntryPoint","urlTemplate":"https:\/\/www.taumelland.de\/?s={search_term_string}"},"query-input":{"@type":"PropertyValueSpecification","valueRequired":true,"valueName":"search_term_string"}}],"inLanguage":"de"},{"@type":["Person","Organization"],"@id":"https:\/\/www.taumelland.de\/#\/schema\/person\/d408cfcd33462b0f8d9e9356cfef1aab","name":"Marcus Bohl","image":{"@type":"ImageObject","inLanguage":"de","@id":"https:\/\/i0.wp.com\/www.taumelland.de\/wp-content\/uploads\/2022\/04\/rosa3.jpg?fit=960%2C639&ssl=1","url":"https:\/\/i0.wp.com\/www.taumelland.de\/wp-content\/uploads\/2022\/04\/rosa3.jpg?fit=960%2C639&ssl=1","contentUrl":"https:\/\/i0.wp.com\/www.taumelland.de\/wp-content\/uploads\/2022\/04\/rosa3.jpg?fit=960%2C639&ssl=1","width":960,"height":639,"caption":"Marcus Bohl"},"logo":{"@id":"https:\/\/i0.wp.com\/www.taumelland.de\/wp-content\/uploads\/2022\/04\/rosa3.jpg?fit=960%2C639&ssl=1"},"sameAs":["https:\/\/www.instagram.com\/taumelland\/?hl=de"]},{"@type":"Person","@id":"https:\/\/www.taumelland.de\/#\/schema\/person\/7c3bfb4fefffd1a6bd38e8c18f296dbf","name":"Mbolee","sameAs":["http:\/\/taumelland.de"],"url":"https:\/\/www.taumelland.de\/index.php\/author\/mbolee\/"}]}},"jetpack_publicize_connections":[],"jetpack_featured_media_url":"https:\/\/i0.wp.com\/www.taumelland.de\/wp-content\/uploads\/2022\/10\/AnselmKiefer11.jpg?fit=960%2C639&ssl=1","jetpack_sharing_enabled":true,"jetpack_shortlink":"https:\/\/wp.me\/p77Evr-Pb","jetpack-related-posts":[],"_links":{"self":[{"href":"https:\/\/www.taumelland.de\/index.php\/wp-json\/wp\/v2\/posts\/3173","targetHints":{"allow":["GET"]}}],"collection":[{"href":"https:\/\/www.taumelland.de\/index.php\/wp-json\/wp\/v2\/posts"}],"about":[{"href":"https:\/\/www.taumelland.de\/index.php\/wp-json\/wp\/v2\/types\/post"}],"author":[{"embeddable":true,"href":"https:\/\/www.taumelland.de\/index.php\/wp-json\/wp\/v2\/users\/1"}],"replies":[{"embeddable":true,"href":"https:\/\/www.taumelland.de\/index.php\/wp-json\/wp\/v2\/comments?post=3173"}],"version-history":[{"count":4,"href":"https:\/\/www.taumelland.de\/index.php\/wp-json\/wp\/v2\/posts\/3173\/revisions"}],"predecessor-version":[{"id":3188,"href":"https:\/\/www.taumelland.de\/index.php\/wp-json\/wp\/v2\/posts\/3173\/revisions\/3188"}],"wp:featuredmedia":[{"embeddable":true,"href":"https:\/\/www.taumelland.de\/index.php\/wp-json\/wp\/v2\/media\/3184"}],"wp:attachment":[{"href":"https:\/\/www.taumelland.de\/index.php\/wp-json\/wp\/v2\/media?parent=3173"}],"wp:term":[{"taxonomy":"category","embeddable":true,"href":"https:\/\/www.taumelland.de\/index.php\/wp-json\/wp\/v2\/categories?post=3173"},{"taxonomy":"post_tag","embeddable":true,"href":"https:\/\/www.taumelland.de\/index.php\/wp-json\/wp\/v2\/tags?post=3173"}],"curies":[{"name":"wp","href":"https:\/\/api.w.org\/{rel}","templated":true}]}}