{"id":2796,"date":"2021-08-15T18:57:31","date_gmt":"2021-08-15T16:57:31","guid":{"rendered":"https:\/\/www.taumelland.de\/?p=2796"},"modified":"2021-08-15T18:57:33","modified_gmt":"2021-08-15T16:57:33","slug":"urban-hiking-2-wiesbaden","status":"publish","type":"post","link":"https:\/\/www.taumelland.de\/index.php\/2021\/08\/15\/urban-hiking-2-wiesbaden\/","title":{"rendered":"Urban Hiking #2 Wiesbaden"},"content":{"rendered":"\n<figure class=\"wp-block-image size-full is-style-default\"><a href=\"https:\/\/i0.wp.com\/www.taumelland.de\/wp-content\/uploads\/2021\/08\/uhikingNo53.jpg?ssl=1\" target=\"_blank\"  rel=\"lightbox[2796] noopener\"><img data-recalc-dims=\"1\" loading=\"lazy\" decoding=\"async\" width=\"700\" height=\"466\" data-attachment-id=\"2797\" data-permalink=\"https:\/\/www.taumelland.de\/index.php\/2021\/08\/15\/urban-hiking-2-wiesbaden\/uhikingno53\/\" data-orig-file=\"https:\/\/i0.wp.com\/www.taumelland.de\/wp-content\/uploads\/2021\/08\/uhikingNo53.jpg?fit=960%2C639&amp;ssl=1\" data-orig-size=\"960,639\" data-comments-opened=\"1\" data-image-meta=\"{&quot;aperture&quot;:&quot;11&quot;,&quot;credit&quot;:&quot;Marcus Bohl bolee(at)bolee.de&quot;,&quot;camera&quot;:&quot;NIKON Z 6&quot;,&quot;caption&quot;:&quot;&quot;,&quot;created_timestamp&quot;:&quot;1624347265&quot;,&quot;copyright&quot;:&quot;Marcus Bohl&quot;,&quot;focal_length&quot;:&quot;34&quot;,&quot;iso&quot;:&quot;100&quot;,&quot;shutter_speed&quot;:&quot;0.02&quot;,&quot;title&quot;:&quot;&quot;,&quot;orientation&quot;:&quot;1&quot;}\" data-image-title=\"uhikingNo53\" data-image-description=\"\" data-image-caption=\"\" data-large-file=\"https:\/\/i0.wp.com\/www.taumelland.de\/wp-content\/uploads\/2021\/08\/uhikingNo53.jpg?fit=700%2C466&amp;ssl=1\" src=\"https:\/\/i0.wp.com\/www.taumelland.de\/wp-content\/uploads\/2021\/08\/uhikingNo53.jpg?resize=700%2C466&#038;ssl=1\" alt=\"Urban Hiking #2: Ehemaliges Stellwerk des G\u00fcterbahnhofes, heute ein Jugendtreff, Wiesbaden, Juni 2021\" class=\"wp-image-2797\" srcset=\"https:\/\/i0.wp.com\/www.taumelland.de\/wp-content\/uploads\/2021\/08\/uhikingNo53.jpg?w=960&amp;ssl=1 960w, https:\/\/i0.wp.com\/www.taumelland.de\/wp-content\/uploads\/2021\/08\/uhikingNo53.jpg?resize=300%2C200&amp;ssl=1 300w, https:\/\/i0.wp.com\/www.taumelland.de\/wp-content\/uploads\/2021\/08\/uhikingNo53.jpg?resize=150%2C100&amp;ssl=1 150w, https:\/\/i0.wp.com\/www.taumelland.de\/wp-content\/uploads\/2021\/08\/uhikingNo53.jpg?resize=580%2C386&amp;ssl=1 580w, https:\/\/i0.wp.com\/www.taumelland.de\/wp-content\/uploads\/2021\/08\/uhikingNo53.jpg?resize=800%2C533&amp;ssl=1 800w\" sizes=\"auto, (max-width: 700px) 100vw, 700px\" \/><\/a><figcaption>Urban Hiking #2: Ehemaliges Stellwerk des G\u00fcterbahnhofes, heute ein Jugendtreff, Wiesbaden, Juni 2021<\/figcaption><\/figure>\n\n\n\n<p>Wie schon im Beitrag<a href=\"https:\/\/www.taumelland.de\/index.php\/2021\/07\/01\/urban-hiking-eine-wanderempfehlung\/\" target=\"_blank\" rel=\"noreferrer noopener\"> Urban Hiking<\/a> angek\u00fcndigt, eine l\u00e4ngere Bildstrecke von meiner zweiten Wanderung auf einem vom Regionalpark Rhein -Main ausgearbeiteten Trail. Diesmal war taumelland in Begleitung des <a href=\"http:\/\/grob-magazin.org\/\" target=\"_blank\" rel=\"noreferrer noopener\">grob-magazin\u2019s <\/a>unterwegs.<br>Wir liefen gemeinsam die Tour 5 \u2013 von Wiesbaden-Ost nach Wiesbaden Biebrich \u2013 Wiesbadener Weltreise ab.\u00a0<br>F\u00fcr die Tour gilt das im ersten Beitrag schon Geschriebene: einfach eine exzellente Route, die auf couragiert gew\u00e4hlten Pfaden, auch f\u00fcr den ortskundigen Wanderer noch so manche \u00dcberraschung in petto hat. <br>So wussten wir gar nicht, dass es einen kleine Pfad entlang des Lindenbachs gibt und das man in Schierstein um so viele Ecken biegen kann. Es verbl\u00fcffte uns auch, als wir &#8211; auf dem Festplatz der Gibber-Kerb &#8211; \u00a0auf ein mit Stacheldraht und \u00dcberwachungskameras gesichertes Geb\u00e4ude stie\u00dfen. Hier hat das Landgericht Wiesbaden einen Corona konformen provisorischen Gerichtssaal errichten lassen. Leider fuhr die Personenf\u00e4hre \u201eTamara\u201c an diesen Tag nicht (w\u00e4re zweifelsohne ein weiter H\u00f6hepunkt der Wanderung geworden).<br>So sind wir zu Fu\u00df nach Biebrich gegangen, anstatt auf dem \u201eSeeweg\u201c dort einzulaufen.\u00a0Auch sind wir nicht vom Wiesbadener Ostbahnhof aus gestartet, sondern haben die Strecke als Rundtour absolviert. Durch die mit der maroden Salzbachtalbr\u00fccke verbunden Stra\u00dfensperrungen haben wir auf diesen Teil des Wanderweges verzichtet. Das werden wir ein andermal nachholen.<\/p>\n\n\n\n<p>Link zum Regionalpark: <a href=\"https:\/\/www.regionalpark-rheinmain.de\/tour-5-von-wiesbaden-ost-nach-biebrich\/\" target=\"_blank\" rel=\"noreferrer noopener\">Tour 5 \u2013 von Wiesbaden-Ost nach Wiesbaden Biebrich \u2013 Wiesbadener Weltreise<\/a><\/p>\n\n\n\n<figure class=\"wp-block-image size-full is-style-default\"><a href=\"https:\/\/i0.wp.com\/www.taumelland.de\/wp-content\/uploads\/2021\/08\/uhikingNo55.jpg?ssl=1\" target=\"_blank\"  rel=\"lightbox[2796] noopener\"><img data-recalc-dims=\"1\" loading=\"lazy\" decoding=\"async\" width=\"700\" height=\"466\" data-attachment-id=\"2799\" data-permalink=\"https:\/\/www.taumelland.de\/index.php\/2021\/08\/15\/urban-hiking-2-wiesbaden\/uhikingno55\/\" data-orig-file=\"https:\/\/i0.wp.com\/www.taumelland.de\/wp-content\/uploads\/2021\/08\/uhikingNo55.jpg?fit=960%2C639&amp;ssl=1\" data-orig-size=\"960,639\" data-comments-opened=\"1\" data-image-meta=\"{&quot;aperture&quot;:&quot;11&quot;,&quot;credit&quot;:&quot;Marcus Bohl bolee(at)bolee.de&quot;,&quot;camera&quot;:&quot;NIKON Z 6&quot;,&quot;caption&quot;:&quot;&quot;,&quot;created_timestamp&quot;:&quot;1624348474&quot;,&quot;copyright&quot;:&quot;Marcus Bohl&quot;,&quot;focal_length&quot;:&quot;42&quot;,&quot;iso&quot;:&quot;100&quot;,&quot;shutter_speed&quot;:&quot;0.02&quot;,&quot;title&quot;:&quot;&quot;,&quot;orientation&quot;:&quot;1&quot;}\" data-image-title=\"uhikingNo55\" data-image-description=\"\" data-image-caption=\"\" data-large-file=\"https:\/\/i0.wp.com\/www.taumelland.de\/wp-content\/uploads\/2021\/08\/uhikingNo55.jpg?fit=700%2C466&amp;ssl=1\" src=\"https:\/\/i0.wp.com\/www.taumelland.de\/wp-content\/uploads\/2021\/08\/uhikingNo55.jpg?resize=700%2C466&#038;ssl=1\" alt=\"Urban Hiking #2: Sauerlandpark, Talheim Wiesbaden, Juni 2021 \" class=\"wp-image-2799\" srcset=\"https:\/\/i0.wp.com\/www.taumelland.de\/wp-content\/uploads\/2021\/08\/uhikingNo55.jpg?w=960&amp;ssl=1 960w, https:\/\/i0.wp.com\/www.taumelland.de\/wp-content\/uploads\/2021\/08\/uhikingNo55.jpg?resize=300%2C200&amp;ssl=1 300w, https:\/\/i0.wp.com\/www.taumelland.de\/wp-content\/uploads\/2021\/08\/uhikingNo55.jpg?resize=150%2C100&amp;ssl=1 150w, https:\/\/i0.wp.com\/www.taumelland.de\/wp-content\/uploads\/2021\/08\/uhikingNo55.jpg?resize=580%2C386&amp;ssl=1 580w, https:\/\/i0.wp.com\/www.taumelland.de\/wp-content\/uploads\/2021\/08\/uhikingNo55.jpg?resize=800%2C533&amp;ssl=1 800w\" sizes=\"auto, (max-width: 700px) 100vw, 700px\" \/><\/a><figcaption>  Urban Hiking #2 : Sauerlandpark, Talheim Wiesbaden, Juni 2021 <\/figcaption><\/figure>\n\n\n\n<div class=\"wp-block-image is-style-default\"><figure class=\"aligncenter size-full\"><a href=\"https:\/\/i0.wp.com\/www.taumelland.de\/wp-content\/uploads\/2021\/08\/uhikingNo56-1.jpg?ssl=1\" target=\"_blank\"  rel=\"lightbox[2796] noopener\"><img data-recalc-dims=\"1\" loading=\"lazy\" decoding=\"async\" width=\"700\" height=\"466\" data-attachment-id=\"2813\" data-permalink=\"https:\/\/www.taumelland.de\/index.php\/2021\/08\/15\/urban-hiking-2-wiesbaden\/uhikingno56-1\/\" data-orig-file=\"https:\/\/i0.wp.com\/www.taumelland.de\/wp-content\/uploads\/2021\/08\/uhikingNo56-1.jpg?fit=960%2C639&amp;ssl=1\" data-orig-size=\"960,639\" data-comments-opened=\"1\" data-image-meta=\"{&quot;aperture&quot;:&quot;11&quot;,&quot;credit&quot;:&quot;Marcus Bohl bolee(at)bolee.de&quot;,&quot;camera&quot;:&quot;NIKON Z 6&quot;,&quot;caption&quot;:&quot;&quot;,&quot;created_timestamp&quot;:&quot;1624349330&quot;,&quot;copyright&quot;:&quot;Marcus Bohl&quot;,&quot;focal_length&quot;:&quot;26&quot;,&quot;iso&quot;:&quot;100&quot;,&quot;shutter_speed&quot;:&quot;0.02&quot;,&quot;title&quot;:&quot;&quot;,&quot;orientation&quot;:&quot;1&quot;}\" data-image-title=\"uhikingNo56-1\" data-image-description=\"\" data-image-caption=\"\" data-large-file=\"https:\/\/i0.wp.com\/www.taumelland.de\/wp-content\/uploads\/2021\/08\/uhikingNo56-1.jpg?fit=700%2C466&amp;ssl=1\" src=\"https:\/\/i0.wp.com\/www.taumelland.de\/wp-content\/uploads\/2021\/08\/uhikingNo56-1.jpg?resize=700%2C466&#038;ssl=1\" alt=\"Urban Hiking #2 : Sylter Stra\u00dfe Wiesbaden, Juni 2021  \" class=\"wp-image-2813\" srcset=\"https:\/\/i0.wp.com\/www.taumelland.de\/wp-content\/uploads\/2021\/08\/uhikingNo56-1.jpg?w=960&amp;ssl=1 960w, https:\/\/i0.wp.com\/www.taumelland.de\/wp-content\/uploads\/2021\/08\/uhikingNo56-1.jpg?resize=300%2C200&amp;ssl=1 300w, https:\/\/i0.wp.com\/www.taumelland.de\/wp-content\/uploads\/2021\/08\/uhikingNo56-1.jpg?resize=150%2C100&amp;ssl=1 150w, https:\/\/i0.wp.com\/www.taumelland.de\/wp-content\/uploads\/2021\/08\/uhikingNo56-1.jpg?resize=580%2C386&amp;ssl=1 580w, https:\/\/i0.wp.com\/www.taumelland.de\/wp-content\/uploads\/2021\/08\/uhikingNo56-1.jpg?resize=800%2C533&amp;ssl=1 800w\" sizes=\"auto, (max-width: 700px) 100vw, 700px\" \/><\/a><figcaption> Urban Hiking #2 : Sylter Stra\u00dfe Wiesbaden, Juni 2021  <\/figcaption><\/figure><\/div>\n\n\n\n<figure class=\"wp-block-image size-full is-style-default\"><a href=\"https:\/\/i0.wp.com\/www.taumelland.de\/wp-content\/uploads\/2021\/08\/uhikingNo52.jpg?ssl=1\" target=\"_blank\"  rel=\"lightbox[2796] noopener\"><img data-recalc-dims=\"1\" loading=\"lazy\" decoding=\"async\" width=\"700\" height=\"466\" data-attachment-id=\"2802\" data-permalink=\"https:\/\/www.taumelland.de\/index.php\/2021\/08\/15\/urban-hiking-2-wiesbaden\/uhikingno52\/\" data-orig-file=\"https:\/\/i0.wp.com\/www.taumelland.de\/wp-content\/uploads\/2021\/08\/uhikingNo52.jpg?fit=960%2C639&amp;ssl=1\" data-orig-size=\"960,639\" data-comments-opened=\"1\" data-image-meta=\"{&quot;aperture&quot;:&quot;11&quot;,&quot;credit&quot;:&quot;Marcus Bohl bolee(at)bolee.de&quot;,&quot;camera&quot;:&quot;NIKON Z 6&quot;,&quot;caption&quot;:&quot;&quot;,&quot;created_timestamp&quot;:&quot;1624349731&quot;,&quot;copyright&quot;:&quot;Marcus Bohl&quot;,&quot;focal_length&quot;:&quot;24&quot;,&quot;iso&quot;:&quot;100&quot;,&quot;shutter_speed&quot;:&quot;0.02&quot;,&quot;title&quot;:&quot;&quot;,&quot;orientation&quot;:&quot;1&quot;}\" data-image-title=\"uhikingNo52\" data-image-description=\"\" data-image-caption=\"\" data-large-file=\"https:\/\/i0.wp.com\/www.taumelland.de\/wp-content\/uploads\/2021\/08\/uhikingNo52.jpg?fit=700%2C466&amp;ssl=1\" src=\"https:\/\/i0.wp.com\/www.taumelland.de\/wp-content\/uploads\/2021\/08\/uhikingNo52.jpg?resize=700%2C466&#038;ssl=1\" alt=\" Urban Hiking #2 : &quot;Br\u00fcning H\u00e4user&quot; Siedlung Freudenberg, Wiesbaden, Juni 2021 \" class=\"wp-image-2802\" srcset=\"https:\/\/i0.wp.com\/www.taumelland.de\/wp-content\/uploads\/2021\/08\/uhikingNo52.jpg?w=960&amp;ssl=1 960w, https:\/\/i0.wp.com\/www.taumelland.de\/wp-content\/uploads\/2021\/08\/uhikingNo52.jpg?resize=300%2C200&amp;ssl=1 300w, https:\/\/i0.wp.com\/www.taumelland.de\/wp-content\/uploads\/2021\/08\/uhikingNo52.jpg?resize=150%2C100&amp;ssl=1 150w, https:\/\/i0.wp.com\/www.taumelland.de\/wp-content\/uploads\/2021\/08\/uhikingNo52.jpg?resize=580%2C386&amp;ssl=1 580w, https:\/\/i0.wp.com\/www.taumelland.de\/wp-content\/uploads\/2021\/08\/uhikingNo52.jpg?resize=800%2C533&amp;ssl=1 800w\" sizes=\"auto, (max-width: 700px) 100vw, 700px\" \/><\/a><figcaption> Urban Hiking #2: &#8222;Br\u00fcning H\u00e4user&#8220; Siedlung Freudenberg, Wiesbaden, Juni 2021  <\/figcaption><\/figure>\n\n\n\n<figure class=\"wp-block-image size-full is-style-default\"><a href=\"https:\/\/i0.wp.com\/www.taumelland.de\/wp-content\/uploads\/2021\/08\/uhikingNo58.jpg?ssl=1\" target=\"_blank\"  rel=\"lightbox[2796] noopener\"><img data-recalc-dims=\"1\" loading=\"lazy\" decoding=\"async\" width=\"700\" height=\"466\" data-attachment-id=\"2803\" data-permalink=\"https:\/\/www.taumelland.de\/index.php\/2021\/08\/15\/urban-hiking-2-wiesbaden\/uhikingno58\/\" data-orig-file=\"https:\/\/i0.wp.com\/www.taumelland.de\/wp-content\/uploads\/2021\/08\/uhikingNo58.jpg?fit=960%2C639&amp;ssl=1\" data-orig-size=\"960,639\" data-comments-opened=\"1\" data-image-meta=\"{&quot;aperture&quot;:&quot;11&quot;,&quot;credit&quot;:&quot;Marcus Bohl bolee(at)bolee.de&quot;,&quot;camera&quot;:&quot;NIKON Z 6&quot;,&quot;caption&quot;:&quot;&quot;,&quot;created_timestamp&quot;:&quot;1624352238&quot;,&quot;copyright&quot;:&quot;Marcus Bohl&quot;,&quot;focal_length&quot;:&quot;24&quot;,&quot;iso&quot;:&quot;100&quot;,&quot;shutter_speed&quot;:&quot;0.02&quot;,&quot;title&quot;:&quot;&quot;,&quot;orientation&quot;:&quot;1&quot;}\" data-image-title=\"uhikingNo58\" data-image-description=\"\" data-image-caption=\"\" data-large-file=\"https:\/\/i0.wp.com\/www.taumelland.de\/wp-content\/uploads\/2021\/08\/uhikingNo58.jpg?fit=700%2C466&amp;ssl=1\" src=\"https:\/\/i0.wp.com\/www.taumelland.de\/wp-content\/uploads\/2021\/08\/uhikingNo58.jpg?resize=700%2C466&#038;ssl=1\" alt=\"Urban Hiking #2 : am Lindenbach, Wiesbaden, Juni 2021 \" class=\"wp-image-2803\" srcset=\"https:\/\/i0.wp.com\/www.taumelland.de\/wp-content\/uploads\/2021\/08\/uhikingNo58.jpg?w=960&amp;ssl=1 960w, https:\/\/i0.wp.com\/www.taumelland.de\/wp-content\/uploads\/2021\/08\/uhikingNo58.jpg?resize=300%2C200&amp;ssl=1 300w, https:\/\/i0.wp.com\/www.taumelland.de\/wp-content\/uploads\/2021\/08\/uhikingNo58.jpg?resize=150%2C100&amp;ssl=1 150w, https:\/\/i0.wp.com\/www.taumelland.de\/wp-content\/uploads\/2021\/08\/uhikingNo58.jpg?resize=580%2C386&amp;ssl=1 580w, https:\/\/i0.wp.com\/www.taumelland.de\/wp-content\/uploads\/2021\/08\/uhikingNo58.jpg?resize=800%2C533&amp;ssl=1 800w\" sizes=\"auto, (max-width: 700px) 100vw, 700px\" \/><\/a><figcaption>  Urban Hiking #2: am Lindenbach, Wiesbaden, Juni 2021  <\/figcaption><\/figure>\n\n\n\n<div class=\"wp-block-image is-style-default\"><figure class=\"aligncenter size-full\"><a href=\"https:\/\/i0.wp.com\/www.taumelland.de\/wp-content\/uploads\/2021\/08\/uhikingNo510.jpg?ssl=1\" target=\"_blank\"  rel=\"lightbox[2796] noopener\"><img data-recalc-dims=\"1\" loading=\"lazy\" decoding=\"async\" width=\"639\" height=\"960\" data-attachment-id=\"2804\" data-permalink=\"https:\/\/www.taumelland.de\/index.php\/2021\/08\/15\/urban-hiking-2-wiesbaden\/uhikingno510\/\" data-orig-file=\"https:\/\/i0.wp.com\/www.taumelland.de\/wp-content\/uploads\/2021\/08\/uhikingNo510.jpg?fit=639%2C960&amp;ssl=1\" data-orig-size=\"639,960\" data-comments-opened=\"1\" data-image-meta=\"{&quot;aperture&quot;:&quot;11&quot;,&quot;credit&quot;:&quot;Marcus Bohl bolee(at)bolee.de&quot;,&quot;camera&quot;:&quot;NIKON Z 6&quot;,&quot;caption&quot;:&quot;&quot;,&quot;created_timestamp&quot;:&quot;1624353100&quot;,&quot;copyright&quot;:&quot;Marcus Bohl&quot;,&quot;focal_length&quot;:&quot;30&quot;,&quot;iso&quot;:&quot;100&quot;,&quot;shutter_speed&quot;:&quot;0.02&quot;,&quot;title&quot;:&quot;&quot;,&quot;orientation&quot;:&quot;1&quot;}\" data-image-title=\"uhikingNo510\" data-image-description=\"\" data-image-caption=\"\" data-large-file=\"https:\/\/i0.wp.com\/www.taumelland.de\/wp-content\/uploads\/2021\/08\/uhikingNo510.jpg?fit=639%2C960&amp;ssl=1\" src=\"https:\/\/i0.wp.com\/www.taumelland.de\/wp-content\/uploads\/2021\/08\/uhikingNo510.jpg?resize=639%2C960&#038;ssl=1\" alt=\" Urban Hiking #2: &quot;Tamara&quot;, Wiesbaden, Juni 2021\" class=\"wp-image-2804\" srcset=\"https:\/\/i0.wp.com\/www.taumelland.de\/wp-content\/uploads\/2021\/08\/uhikingNo510.jpg?w=639&amp;ssl=1 639w, https:\/\/i0.wp.com\/www.taumelland.de\/wp-content\/uploads\/2021\/08\/uhikingNo510.jpg?resize=200%2C300&amp;ssl=1 200w, https:\/\/i0.wp.com\/www.taumelland.de\/wp-content\/uploads\/2021\/08\/uhikingNo510.jpg?resize=100%2C150&amp;ssl=1 100w, https:\/\/i0.wp.com\/www.taumelland.de\/wp-content\/uploads\/2021\/08\/uhikingNo510.jpg?resize=580%2C871&amp;ssl=1 580w\" sizes=\"auto, (max-width: 639px) 100vw, 639px\" \/><\/a><figcaption> Urban Hiking #2: &#8222;Tamara&#8220;, Wiesbaden, Juni 2021  <\/figcaption><\/figure><\/div>\n\n\n\n<figure class=\"wp-block-image size-full is-style-default\"><a href=\"https:\/\/i0.wp.com\/www.taumelland.de\/wp-content\/uploads\/2021\/08\/uhikingNo513.jpg?ssl=1\" target=\"_blank\"  rel=\"lightbox[2796] noopener\"><img data-recalc-dims=\"1\" loading=\"lazy\" decoding=\"async\" width=\"700\" height=\"466\" data-attachment-id=\"2805\" data-permalink=\"https:\/\/www.taumelland.de\/index.php\/2021\/08\/15\/urban-hiking-2-wiesbaden\/uhikingno513\/\" data-orig-file=\"https:\/\/i0.wp.com\/www.taumelland.de\/wp-content\/uploads\/2021\/08\/uhikingNo513.jpg?fit=960%2C639&amp;ssl=1\" data-orig-size=\"960,639\" data-comments-opened=\"1\" data-image-meta=\"{&quot;aperture&quot;:&quot;11&quot;,&quot;credit&quot;:&quot;Marcus Bohl bolee(at)bolee.de&quot;,&quot;camera&quot;:&quot;NIKON Z 6&quot;,&quot;caption&quot;:&quot;&quot;,&quot;created_timestamp&quot;:&quot;1624355566&quot;,&quot;copyright&quot;:&quot;Marcus Bohl&quot;,&quot;focal_length&quot;:&quot;27&quot;,&quot;iso&quot;:&quot;100&quot;,&quot;shutter_speed&quot;:&quot;0.02&quot;,&quot;title&quot;:&quot;&quot;,&quot;orientation&quot;:&quot;1&quot;}\" data-image-title=\"uhikingNo513\" data-image-description=\"\" data-image-caption=\"\" data-large-file=\"https:\/\/i0.wp.com\/www.taumelland.de\/wp-content\/uploads\/2021\/08\/uhikingNo513.jpg?fit=700%2C466&amp;ssl=1\" src=\"https:\/\/i0.wp.com\/www.taumelland.de\/wp-content\/uploads\/2021\/08\/uhikingNo513.jpg?resize=700%2C466&#038;ssl=1\" alt=\"Urban Hiking #2: Biebricher Schlosspark, Wiesbaden, Juni 2021 \" class=\"wp-image-2805\" srcset=\"https:\/\/i0.wp.com\/www.taumelland.de\/wp-content\/uploads\/2021\/08\/uhikingNo513.jpg?w=960&amp;ssl=1 960w, https:\/\/i0.wp.com\/www.taumelland.de\/wp-content\/uploads\/2021\/08\/uhikingNo513.jpg?resize=300%2C200&amp;ssl=1 300w, https:\/\/i0.wp.com\/www.taumelland.de\/wp-content\/uploads\/2021\/08\/uhikingNo513.jpg?resize=150%2C100&amp;ssl=1 150w, https:\/\/i0.wp.com\/www.taumelland.de\/wp-content\/uploads\/2021\/08\/uhikingNo513.jpg?resize=580%2C386&amp;ssl=1 580w, https:\/\/i0.wp.com\/www.taumelland.de\/wp-content\/uploads\/2021\/08\/uhikingNo513.jpg?resize=800%2C533&amp;ssl=1 800w\" sizes=\"auto, (max-width: 700px) 100vw, 700px\" \/><\/a><figcaption> Urban Hiking #2: Biebricher Schlosspark, Wiesbaden, Juni 2021  <\/figcaption><\/figure>\n\n\n\n<figure class=\"wp-block-image size-full is-style-default\"><a href=\"https:\/\/i0.wp.com\/www.taumelland.de\/wp-content\/uploads\/2021\/08\/uhikingNo514.jpg?ssl=1\" target=\"_blank\"  rel=\"lightbox[2796] noopener\"><img data-recalc-dims=\"1\" loading=\"lazy\" decoding=\"async\" width=\"700\" height=\"466\" data-attachment-id=\"2806\" data-permalink=\"https:\/\/www.taumelland.de\/index.php\/2021\/08\/15\/urban-hiking-2-wiesbaden\/uhikingno514\/\" data-orig-file=\"https:\/\/i0.wp.com\/www.taumelland.de\/wp-content\/uploads\/2021\/08\/uhikingNo514.jpg?fit=960%2C639&amp;ssl=1\" data-orig-size=\"960,639\" data-comments-opened=\"1\" data-image-meta=\"{&quot;aperture&quot;:&quot;5&quot;,&quot;credit&quot;:&quot;Marcus Bohl bolee(at)bolee.de&quot;,&quot;camera&quot;:&quot;NIKON Z 6&quot;,&quot;caption&quot;:&quot;&quot;,&quot;created_timestamp&quot;:&quot;1624359892&quot;,&quot;copyright&quot;:&quot;Marcus Bohl&quot;,&quot;focal_length&quot;:&quot;29&quot;,&quot;iso&quot;:&quot;400&quot;,&quot;shutter_speed&quot;:&quot;0.00015625&quot;,&quot;title&quot;:&quot;&quot;,&quot;orientation&quot;:&quot;1&quot;}\" data-image-title=\"uhikingNo514\" data-image-description=\"\" data-image-caption=\"\" data-large-file=\"https:\/\/i0.wp.com\/www.taumelland.de\/wp-content\/uploads\/2021\/08\/uhikingNo514.jpg?fit=700%2C466&amp;ssl=1\" src=\"https:\/\/i0.wp.com\/www.taumelland.de\/wp-content\/uploads\/2021\/08\/uhikingNo514.jpg?resize=700%2C466&#038;ssl=1\" alt=\"Urban Hiking #2: provisorischer Gerichtssaal, in der Gibb, Wiesbaden, Juni 2021  \" class=\"wp-image-2806\" srcset=\"https:\/\/i0.wp.com\/www.taumelland.de\/wp-content\/uploads\/2021\/08\/uhikingNo514.jpg?w=960&amp;ssl=1 960w, https:\/\/i0.wp.com\/www.taumelland.de\/wp-content\/uploads\/2021\/08\/uhikingNo514.jpg?resize=300%2C200&amp;ssl=1 300w, https:\/\/i0.wp.com\/www.taumelland.de\/wp-content\/uploads\/2021\/08\/uhikingNo514.jpg?resize=150%2C100&amp;ssl=1 150w, https:\/\/i0.wp.com\/www.taumelland.de\/wp-content\/uploads\/2021\/08\/uhikingNo514.jpg?resize=580%2C386&amp;ssl=1 580w, https:\/\/i0.wp.com\/www.taumelland.de\/wp-content\/uploads\/2021\/08\/uhikingNo514.jpg?resize=800%2C533&amp;ssl=1 800w\" sizes=\"auto, (max-width: 700px) 100vw, 700px\" \/><\/a><figcaption>  Urban Hiking #2: provisorischer Gerichtssaal, in der Gibb, Wiesbaden, Juni 2021  <\/figcaption><\/figure>\n\n\n\n<figure class=\"wp-block-image size-full is-style-default\"><a href=\"https:\/\/i0.wp.com\/www.taumelland.de\/wp-content\/uploads\/2021\/08\/uhikingNo516.jpg?ssl=1\" target=\"_blank\"  rel=\"lightbox[2796] noopener\"><img data-recalc-dims=\"1\" loading=\"lazy\" decoding=\"async\" width=\"700\" height=\"466\" data-attachment-id=\"2807\" data-permalink=\"https:\/\/www.taumelland.de\/index.php\/2021\/08\/15\/urban-hiking-2-wiesbaden\/uhikingno516\/\" data-orig-file=\"https:\/\/i0.wp.com\/www.taumelland.de\/wp-content\/uploads\/2021\/08\/uhikingNo516.jpg?fit=960%2C639&amp;ssl=1\" data-orig-size=\"960,639\" data-comments-opened=\"1\" data-image-meta=\"{&quot;aperture&quot;:&quot;10&quot;,&quot;credit&quot;:&quot;Marcus Bohl bolee(at)bolee.de&quot;,&quot;camera&quot;:&quot;NIKON Z 6&quot;,&quot;caption&quot;:&quot;&quot;,&quot;created_timestamp&quot;:&quot;1624360613&quot;,&quot;copyright&quot;:&quot;Marcus Bohl&quot;,&quot;focal_length&quot;:&quot;37&quot;,&quot;iso&quot;:&quot;100&quot;,&quot;shutter_speed&quot;:&quot;0.02&quot;,&quot;title&quot;:&quot;&quot;,&quot;orientation&quot;:&quot;1&quot;}\" data-image-title=\"uhikingNo516\" data-image-description=\"\" data-image-caption=\"\" data-large-file=\"https:\/\/i0.wp.com\/www.taumelland.de\/wp-content\/uploads\/2021\/08\/uhikingNo516.jpg?fit=700%2C466&amp;ssl=1\" src=\"https:\/\/i0.wp.com\/www.taumelland.de\/wp-content\/uploads\/2021\/08\/uhikingNo516.jpg?resize=700%2C466&#038;ssl=1\" alt=\"Urban Hiking: aufgegebene G\u00e4rtnerei, Wiesbaden, Juni 2021 \" class=\"wp-image-2807\" srcset=\"https:\/\/i0.wp.com\/www.taumelland.de\/wp-content\/uploads\/2021\/08\/uhikingNo516.jpg?w=960&amp;ssl=1 960w, https:\/\/i0.wp.com\/www.taumelland.de\/wp-content\/uploads\/2021\/08\/uhikingNo516.jpg?resize=300%2C200&amp;ssl=1 300w, https:\/\/i0.wp.com\/www.taumelland.de\/wp-content\/uploads\/2021\/08\/uhikingNo516.jpg?resize=150%2C100&amp;ssl=1 150w, https:\/\/i0.wp.com\/www.taumelland.de\/wp-content\/uploads\/2021\/08\/uhikingNo516.jpg?resize=580%2C386&amp;ssl=1 580w, https:\/\/i0.wp.com\/www.taumelland.de\/wp-content\/uploads\/2021\/08\/uhikingNo516.jpg?resize=800%2C533&amp;ssl=1 800w\" sizes=\"auto, (max-width: 700px) 100vw, 700px\" \/><\/a><figcaption> Urban Hiking #2: aufgegebene G\u00e4rtnerei, Wiesbaden, Juni 2021  <\/figcaption><\/figure>\n\n\n\n<figure class=\"wp-block-image size-full is-style-default\"><a href=\"https:\/\/i0.wp.com\/www.taumelland.de\/wp-content\/uploads\/2021\/08\/uhikingNo517.jpg?ssl=1\" target=\"_blank\"  rel=\"lightbox[2796] noopener\"><img data-recalc-dims=\"1\" loading=\"lazy\" decoding=\"async\" width=\"700\" height=\"466\" data-attachment-id=\"2808\" data-permalink=\"https:\/\/www.taumelland.de\/index.php\/2021\/08\/15\/urban-hiking-2-wiesbaden\/uhikingno517\/\" data-orig-file=\"https:\/\/i0.wp.com\/www.taumelland.de\/wp-content\/uploads\/2021\/08\/uhikingNo517.jpg?fit=960%2C639&amp;ssl=1\" data-orig-size=\"960,639\" data-comments-opened=\"1\" data-image-meta=\"{&quot;aperture&quot;:&quot;10&quot;,&quot;credit&quot;:&quot;Marcus Bohl bolee(at)bolee.de&quot;,&quot;camera&quot;:&quot;NIKON Z 6&quot;,&quot;caption&quot;:&quot;&quot;,&quot;created_timestamp&quot;:&quot;1624362416&quot;,&quot;copyright&quot;:&quot;Marcus Bohl&quot;,&quot;focal_length&quot;:&quot;27.5&quot;,&quot;iso&quot;:&quot;100&quot;,&quot;shutter_speed&quot;:&quot;0.025&quot;,&quot;title&quot;:&quot;&quot;,&quot;orientation&quot;:&quot;1&quot;}\" data-image-title=\"uhikingNo517\" data-image-description=\"\" data-image-caption=\"\" data-large-file=\"https:\/\/i0.wp.com\/www.taumelland.de\/wp-content\/uploads\/2021\/08\/uhikingNo517.jpg?fit=700%2C466&amp;ssl=1\" src=\"https:\/\/i0.wp.com\/www.taumelland.de\/wp-content\/uploads\/2021\/08\/uhikingNo517.jpg?resize=700%2C466&#038;ssl=1\" alt=\"Urban Hiking #2: entlang des Bahndamms, Wiesbaden, Juni 2021\" class=\"wp-image-2808\" srcset=\"https:\/\/i0.wp.com\/www.taumelland.de\/wp-content\/uploads\/2021\/08\/uhikingNo517.jpg?w=960&amp;ssl=1 960w, https:\/\/i0.wp.com\/www.taumelland.de\/wp-content\/uploads\/2021\/08\/uhikingNo517.jpg?resize=300%2C200&amp;ssl=1 300w, https:\/\/i0.wp.com\/www.taumelland.de\/wp-content\/uploads\/2021\/08\/uhikingNo517.jpg?resize=150%2C100&amp;ssl=1 150w, https:\/\/i0.wp.com\/www.taumelland.de\/wp-content\/uploads\/2021\/08\/uhikingNo517.jpg?resize=580%2C386&amp;ssl=1 580w, https:\/\/i0.wp.com\/www.taumelland.de\/wp-content\/uploads\/2021\/08\/uhikingNo517.jpg?resize=800%2C533&amp;ssl=1 800w\" sizes=\"auto, (max-width: 700px) 100vw, 700px\" \/><\/a><figcaption> Urban Hiking #2: Neubauten, Wiesbaden, Juni 2021  <\/figcaption><\/figure>\n\n\n\n<figure class=\"wp-block-image size-full is-style-default\"><a href=\"https:\/\/i0.wp.com\/www.taumelland.de\/wp-content\/uploads\/2021\/08\/uhikingNo54.jpg?ssl=1\" target=\"_blank\"  rel=\"lightbox[2796] noopener\"><img data-recalc-dims=\"1\" loading=\"lazy\" decoding=\"async\" width=\"700\" height=\"466\" data-attachment-id=\"2809\" data-permalink=\"https:\/\/www.taumelland.de\/index.php\/2021\/08\/15\/urban-hiking-2-wiesbaden\/uhikingno54\/\" data-orig-file=\"https:\/\/i0.wp.com\/www.taumelland.de\/wp-content\/uploads\/2021\/08\/uhikingNo54.jpg?fit=960%2C639&amp;ssl=1\" data-orig-size=\"960,639\" data-comments-opened=\"1\" data-image-meta=\"{&quot;aperture&quot;:&quot;11&quot;,&quot;credit&quot;:&quot;Marcus Bohl bolee(at)bolee.de&quot;,&quot;camera&quot;:&quot;NIKON Z 6&quot;,&quot;caption&quot;:&quot;&quot;,&quot;created_timestamp&quot;:&quot;1624347594&quot;,&quot;copyright&quot;:&quot;Marcus Bohl&quot;,&quot;focal_length&quot;:&quot;43&quot;,&quot;iso&quot;:&quot;100&quot;,&quot;shutter_speed&quot;:&quot;0.02&quot;,&quot;title&quot;:&quot;&quot;,&quot;orientation&quot;:&quot;1&quot;}\" data-image-title=\"uhikingNo54\" data-image-description=\"\" data-image-caption=\"\" data-large-file=\"https:\/\/i0.wp.com\/www.taumelland.de\/wp-content\/uploads\/2021\/08\/uhikingNo54.jpg?fit=700%2C466&amp;ssl=1\" src=\"https:\/\/i0.wp.com\/www.taumelland.de\/wp-content\/uploads\/2021\/08\/uhikingNo54.jpg?resize=700%2C466&#038;ssl=1\" alt=\"Urban Hiking #2: Traverse, Wiesbaden, Juni 2021 \" class=\"wp-image-2809\" srcset=\"https:\/\/i0.wp.com\/www.taumelland.de\/wp-content\/uploads\/2021\/08\/uhikingNo54.jpg?w=960&amp;ssl=1 960w, https:\/\/i0.wp.com\/www.taumelland.de\/wp-content\/uploads\/2021\/08\/uhikingNo54.jpg?resize=300%2C200&amp;ssl=1 300w, https:\/\/i0.wp.com\/www.taumelland.de\/wp-content\/uploads\/2021\/08\/uhikingNo54.jpg?resize=150%2C100&amp;ssl=1 150w, https:\/\/i0.wp.com\/www.taumelland.de\/wp-content\/uploads\/2021\/08\/uhikingNo54.jpg?resize=580%2C386&amp;ssl=1 580w, https:\/\/i0.wp.com\/www.taumelland.de\/wp-content\/uploads\/2021\/08\/uhikingNo54.jpg?resize=800%2C533&amp;ssl=1 800w\" sizes=\"auto, (max-width: 700px) 100vw, 700px\" \/><\/a><figcaption> Urban Hiking #2: Traverse, Wiesbaden, Juni 2021 <\/figcaption><\/figure>\n","protected":false},"excerpt":{"rendered":"<p>Wie schon im Beitrag Urban Hiking angek\u00fcndigt, eine l\u00e4ngere Bildstrecke von meiner zweiten Wanderung auf einem vom Regionalpark Rhein -Main ausgearbeiteten Trail. Diesmal war taumelland in Begleitung des grob-magazin\u2019s unterwegs.Wir liefen gemeinsam die Tour 5 \u2013 von Wiesbaden-Ost nach Wiesbaden Biebrich \u2013 Wiesbadener Weltreise ab.\u00a0F\u00fcr&hellip;<\/p>\n","protected":false},"author":1,"featured_media":2810,"comment_status":"open","ping_status":"open","sticky":false,"template":"","format":"standard","meta":{"_themeisle_gutenberg_block_has_review":false,"jetpack_post_was_ever_published":false,"_jetpack_newsletter_access":"","_jetpack_dont_email_post_to_subs":false,"_jetpack_newsletter_tier_id":0,"_jetpack_memberships_contains_paywalled_content":false,"_jetpack_memberships_contains_paid_content":false,"footnotes":"","jetpack_publicize_message":"Urban Hiking #2 Wiesbaden #regionalpark_rhein-main #urbanhiking #wiesbaden","jetpack_publicize_feature_enabled":true,"jetpack_social_post_already_shared":true,"jetpack_social_options":{"image_generator_settings":{"template":"highway","default_image_id":0,"font":"","enabled":false},"version":2}},"categories":[1,151],"tags":[317,310,316,59],"class_list":["post-2796","post","type-post","status-publish","format-standard","has-post-thumbnail","hentry","category-allgemein","category-geschichten","tag-regionalpark-rhein-main","tag-rhein-main","tag-urban-hiking","tag-wiesbaden"],"yoast_head":"<!-- This site is optimized with the Yoast SEO plugin v27.5 - https:\/\/yoast.com\/product\/yoast-seo-wordpress\/ -->\n<title>Urban Hiking #2 Wiesbaden - taumelland.de<\/title>\n<meta name=\"description\" content=\"Wie schon im Beitrag Urban Hiking angek\u00fcndigt, eine l\u00e4ngere Bildstrecke von meiner zweiten Wanderung auf einem vom Regionalpark Rhein -Main ausgearbeiteten Trail. Diesmal war taumelland in Begleitung des grob-magazin\u2019s unterwegs.Wir liefen gemeinsam die Tour 5 \u2013 von Wiesbaden-Ost nach Wiesbaden Biebrich \u2013 Wiesbadener Weltreise - ab.\u00a0\" \/>\n<meta name=\"robots\" content=\"index, follow, max-snippet:-1, max-image-preview:large, max-video-preview:-1\" \/>\n<link rel=\"canonical\" href=\"https:\/\/www.taumelland.de\/index.php\/2021\/08\/15\/urban-hiking-2-wiesbaden\/\" \/>\n<meta property=\"og:locale\" content=\"de_DE\" \/>\n<meta property=\"og:type\" content=\"article\" \/>\n<meta property=\"og:title\" content=\"Urban Hiking #2 Wiesbaden - taumelland.de\" \/>\n<meta property=\"og:description\" content=\"Wie schon im Beitrag Urban Hiking angek\u00fcndigt, eine l\u00e4ngere Bildstrecke von meiner zweiten Wanderung auf einem vom Regionalpark Rhein -Main ausgearbeiteten Trail. Diesmal war taumelland in Begleitung des grob-magazin\u2019s unterwegs.Wir liefen gemeinsam die Tour 5 \u2013 von Wiesbaden-Ost nach Wiesbaden Biebrich \u2013 Wiesbadener Weltreise - ab.\u00a0\" \/>\n<meta property=\"og:url\" content=\"https:\/\/www.taumelland.de\/index.php\/2021\/08\/15\/urban-hiking-2-wiesbaden\/\" \/>\n<meta property=\"og:site_name\" content=\"taumelland.de\" \/>\n<meta property=\"article:published_time\" content=\"2021-08-15T16:57:31+00:00\" \/>\n<meta property=\"article:modified_time\" content=\"2021-08-15T16:57:33+00:00\" \/>\n<meta property=\"og:image\" content=\"https:\/\/www.taumelland.de\/wp-content\/uploads\/2021\/08\/uhikingNo511.jpg\" \/>\n\t<meta property=\"og:image:width\" content=\"960\" \/>\n\t<meta property=\"og:image:height\" content=\"639\" \/>\n\t<meta property=\"og:image:type\" content=\"image\/jpeg\" \/>\n<meta name=\"author\" content=\"Mbolee\" \/>\n<meta name=\"twitter:card\" content=\"summary_large_image\" \/>\n<meta name=\"twitter:label1\" content=\"Verfasst von\" \/>\n\t<meta name=\"twitter:data1\" content=\"Mbolee\" \/>\n\t<meta name=\"twitter:label2\" content=\"Gesch\u00e4tzte Lesezeit\" \/>\n\t<meta name=\"twitter:data2\" content=\"4\u00a0Minuten\" \/>\n<script type=\"application\/ld+json\" class=\"yoast-schema-graph\">{\"@context\":\"https:\\\/\\\/schema.org\",\"@graph\":[{\"@type\":\"Article\",\"@id\":\"https:\\\/\\\/www.taumelland.de\\\/index.php\\\/2021\\\/08\\\/15\\\/urban-hiking-2-wiesbaden\\\/#article\",\"isPartOf\":{\"@id\":\"https:\\\/\\\/www.taumelland.de\\\/index.php\\\/2021\\\/08\\\/15\\\/urban-hiking-2-wiesbaden\\\/\"},\"author\":{\"name\":\"Mbolee\",\"@id\":\"https:\\\/\\\/www.taumelland.de\\\/#\\\/schema\\\/person\\\/7c3bfb4fefffd1a6bd38e8c18f296dbf\"},\"headline\":\"Urban Hiking #2 Wiesbaden\",\"datePublished\":\"2021-08-15T16:57:31+00:00\",\"dateModified\":\"2021-08-15T16:57:33+00:00\",\"mainEntityOfPage\":{\"@id\":\"https:\\\/\\\/www.taumelland.de\\\/index.php\\\/2021\\\/08\\\/15\\\/urban-hiking-2-wiesbaden\\\/\"},\"wordCount\":308,\"commentCount\":0,\"publisher\":{\"@id\":\"https:\\\/\\\/www.taumelland.de\\\/#\\\/schema\\\/person\\\/d408cfcd33462b0f8d9e9356cfef1aab\"},\"image\":{\"@id\":\"https:\\\/\\\/www.taumelland.de\\\/index.php\\\/2021\\\/08\\\/15\\\/urban-hiking-2-wiesbaden\\\/#primaryimage\"},\"thumbnailUrl\":\"https:\\\/\\\/i0.wp.com\\\/www.taumelland.de\\\/wp-content\\\/uploads\\\/2021\\\/08\\\/uhikingNo511.jpg?fit=960%2C639&ssl=1\",\"keywords\":[\"Regionalpark Rhein-Main\",\"Rhein-Main\",\"urban hiking\",\"Wiesbaden\"],\"articleSection\":{\"1\":\"Geschichten\"},\"inLanguage\":\"de\",\"potentialAction\":[{\"@type\":\"CommentAction\",\"name\":\"Comment\",\"target\":[\"https:\\\/\\\/www.taumelland.de\\\/index.php\\\/2021\\\/08\\\/15\\\/urban-hiking-2-wiesbaden\\\/#respond\"]}]},{\"@type\":\"WebPage\",\"@id\":\"https:\\\/\\\/www.taumelland.de\\\/index.php\\\/2021\\\/08\\\/15\\\/urban-hiking-2-wiesbaden\\\/\",\"url\":\"https:\\\/\\\/www.taumelland.de\\\/index.php\\\/2021\\\/08\\\/15\\\/urban-hiking-2-wiesbaden\\\/\",\"name\":\"Urban Hiking #2 Wiesbaden - taumelland.de\",\"isPartOf\":{\"@id\":\"https:\\\/\\\/www.taumelland.de\\\/#website\"},\"primaryImageOfPage\":{\"@id\":\"https:\\\/\\\/www.taumelland.de\\\/index.php\\\/2021\\\/08\\\/15\\\/urban-hiking-2-wiesbaden\\\/#primaryimage\"},\"image\":{\"@id\":\"https:\\\/\\\/www.taumelland.de\\\/index.php\\\/2021\\\/08\\\/15\\\/urban-hiking-2-wiesbaden\\\/#primaryimage\"},\"thumbnailUrl\":\"https:\\\/\\\/i0.wp.com\\\/www.taumelland.de\\\/wp-content\\\/uploads\\\/2021\\\/08\\\/uhikingNo511.jpg?fit=960%2C639&ssl=1\",\"datePublished\":\"2021-08-15T16:57:31+00:00\",\"dateModified\":\"2021-08-15T16:57:33+00:00\",\"description\":\"Wie schon im Beitrag Urban Hiking angek\u00fcndigt, eine l\u00e4ngere Bildstrecke von meiner zweiten Wanderung auf einem vom Regionalpark Rhein -Main ausgearbeiteten Trail. Diesmal war taumelland in Begleitung des grob-magazin\u2019s unterwegs.Wir liefen gemeinsam die Tour 5 \u2013 von Wiesbaden-Ost nach Wiesbaden Biebrich \u2013 Wiesbadener Weltreise - ab.\u00a0\",\"breadcrumb\":{\"@id\":\"https:\\\/\\\/www.taumelland.de\\\/index.php\\\/2021\\\/08\\\/15\\\/urban-hiking-2-wiesbaden\\\/#breadcrumb\"},\"inLanguage\":\"de\",\"potentialAction\":[{\"@type\":\"ReadAction\",\"target\":[\"https:\\\/\\\/www.taumelland.de\\\/index.php\\\/2021\\\/08\\\/15\\\/urban-hiking-2-wiesbaden\\\/\"]}]},{\"@type\":\"ImageObject\",\"inLanguage\":\"de\",\"@id\":\"https:\\\/\\\/www.taumelland.de\\\/index.php\\\/2021\\\/08\\\/15\\\/urban-hiking-2-wiesbaden\\\/#primaryimage\",\"url\":\"https:\\\/\\\/i0.wp.com\\\/www.taumelland.de\\\/wp-content\\\/uploads\\\/2021\\\/08\\\/uhikingNo511.jpg?fit=960%2C639&ssl=1\",\"contentUrl\":\"https:\\\/\\\/i0.wp.com\\\/www.taumelland.de\\\/wp-content\\\/uploads\\\/2021\\\/08\\\/uhikingNo511.jpg?fit=960%2C639&ssl=1\",\"width\":960,\"height\":639,\"caption\":\"urban hiking #2\"},{\"@type\":\"BreadcrumbList\",\"@id\":\"https:\\\/\\\/www.taumelland.de\\\/index.php\\\/2021\\\/08\\\/15\\\/urban-hiking-2-wiesbaden\\\/#breadcrumb\",\"itemListElement\":[{\"@type\":\"ListItem\",\"position\":1,\"name\":\"Home\",\"item\":\"https:\\\/\\\/www.taumelland.de\\\/\"},{\"@type\":\"ListItem\",\"position\":2,\"name\":\"Urban Hiking #2 Wiesbaden\"}]},{\"@type\":\"WebSite\",\"@id\":\"https:\\\/\\\/www.taumelland.de\\\/#website\",\"url\":\"https:\\\/\\\/www.taumelland.de\\\/\",\"name\":\"taumelland.de\",\"description\":\"der romantische Fotoblog\",\"publisher\":{\"@id\":\"https:\\\/\\\/www.taumelland.de\\\/#\\\/schema\\\/person\\\/d408cfcd33462b0f8d9e9356cfef1aab\"},\"potentialAction\":[{\"@type\":\"SearchAction\",\"target\":{\"@type\":\"EntryPoint\",\"urlTemplate\":\"https:\\\/\\\/www.taumelland.de\\\/?s={search_term_string}\"},\"query-input\":{\"@type\":\"PropertyValueSpecification\",\"valueRequired\":true,\"valueName\":\"search_term_string\"}}],\"inLanguage\":\"de\"},{\"@type\":[\"Person\",\"Organization\"],\"@id\":\"https:\\\/\\\/www.taumelland.de\\\/#\\\/schema\\\/person\\\/d408cfcd33462b0f8d9e9356cfef1aab\",\"name\":\"Marcus Bohl\",\"image\":{\"@type\":\"ImageObject\",\"inLanguage\":\"de\",\"@id\":\"https:\\\/\\\/i0.wp.com\\\/www.taumelland.de\\\/wp-content\\\/uploads\\\/2022\\\/04\\\/rosa3.jpg?fit=960%2C639&ssl=1\",\"url\":\"https:\\\/\\\/i0.wp.com\\\/www.taumelland.de\\\/wp-content\\\/uploads\\\/2022\\\/04\\\/rosa3.jpg?fit=960%2C639&ssl=1\",\"contentUrl\":\"https:\\\/\\\/i0.wp.com\\\/www.taumelland.de\\\/wp-content\\\/uploads\\\/2022\\\/04\\\/rosa3.jpg?fit=960%2C639&ssl=1\",\"width\":960,\"height\":639,\"caption\":\"Marcus Bohl\"},\"logo\":{\"@id\":\"https:\\\/\\\/i0.wp.com\\\/www.taumelland.de\\\/wp-content\\\/uploads\\\/2022\\\/04\\\/rosa3.jpg?fit=960%2C639&ssl=1\"},\"sameAs\":[\"https:\\\/\\\/www.instagram.com\\\/taumelland\\\/?hl=de\"]},{\"@type\":\"Person\",\"@id\":\"https:\\\/\\\/www.taumelland.de\\\/#\\\/schema\\\/person\\\/7c3bfb4fefffd1a6bd38e8c18f296dbf\",\"name\":\"Mbolee\",\"sameAs\":[\"http:\\\/\\\/taumelland.de\"],\"url\":\"https:\\\/\\\/www.taumelland.de\\\/index.php\\\/author\\\/mbolee\\\/\"}]}<\/script>\n<!-- \/ Yoast SEO plugin. -->","yoast_head_json":{"title":"Urban Hiking #2 Wiesbaden - taumelland.de","description":"Wie schon im Beitrag Urban Hiking angek\u00fcndigt, eine l\u00e4ngere Bildstrecke von meiner zweiten Wanderung auf einem vom Regionalpark Rhein -Main ausgearbeiteten Trail. Diesmal war taumelland in Begleitung des grob-magazin\u2019s unterwegs.Wir liefen gemeinsam die Tour 5 \u2013 von Wiesbaden-Ost nach Wiesbaden Biebrich \u2013 Wiesbadener Weltreise - ab.\u00a0","robots":{"index":"index","follow":"follow","max-snippet":"max-snippet:-1","max-image-preview":"max-image-preview:large","max-video-preview":"max-video-preview:-1"},"canonical":"https:\/\/www.taumelland.de\/index.php\/2021\/08\/15\/urban-hiking-2-wiesbaden\/","og_locale":"de_DE","og_type":"article","og_title":"Urban Hiking #2 Wiesbaden - taumelland.de","og_description":"Wie schon im Beitrag Urban Hiking angek\u00fcndigt, eine l\u00e4ngere Bildstrecke von meiner zweiten Wanderung auf einem vom Regionalpark Rhein -Main ausgearbeiteten Trail. Diesmal war taumelland in Begleitung des grob-magazin\u2019s unterwegs.Wir liefen gemeinsam die Tour 5 \u2013 von Wiesbaden-Ost nach Wiesbaden Biebrich \u2013 Wiesbadener Weltreise - ab.\u00a0","og_url":"https:\/\/www.taumelland.de\/index.php\/2021\/08\/15\/urban-hiking-2-wiesbaden\/","og_site_name":"taumelland.de","article_published_time":"2021-08-15T16:57:31+00:00","article_modified_time":"2021-08-15T16:57:33+00:00","og_image":[{"width":960,"height":639,"url":"https:\/\/www.taumelland.de\/wp-content\/uploads\/2021\/08\/uhikingNo511.jpg","type":"image\/jpeg"}],"author":"Mbolee","twitter_card":"summary_large_image","twitter_misc":{"Verfasst von":"Mbolee","Gesch\u00e4tzte Lesezeit":"4\u00a0Minuten"},"schema":{"@context":"https:\/\/schema.org","@graph":[{"@type":"Article","@id":"https:\/\/www.taumelland.de\/index.php\/2021\/08\/15\/urban-hiking-2-wiesbaden\/#article","isPartOf":{"@id":"https:\/\/www.taumelland.de\/index.php\/2021\/08\/15\/urban-hiking-2-wiesbaden\/"},"author":{"name":"Mbolee","@id":"https:\/\/www.taumelland.de\/#\/schema\/person\/7c3bfb4fefffd1a6bd38e8c18f296dbf"},"headline":"Urban Hiking #2 Wiesbaden","datePublished":"2021-08-15T16:57:31+00:00","dateModified":"2021-08-15T16:57:33+00:00","mainEntityOfPage":{"@id":"https:\/\/www.taumelland.de\/index.php\/2021\/08\/15\/urban-hiking-2-wiesbaden\/"},"wordCount":308,"commentCount":0,"publisher":{"@id":"https:\/\/www.taumelland.de\/#\/schema\/person\/d408cfcd33462b0f8d9e9356cfef1aab"},"image":{"@id":"https:\/\/www.taumelland.de\/index.php\/2021\/08\/15\/urban-hiking-2-wiesbaden\/#primaryimage"},"thumbnailUrl":"https:\/\/i0.wp.com\/www.taumelland.de\/wp-content\/uploads\/2021\/08\/uhikingNo511.jpg?fit=960%2C639&ssl=1","keywords":["Regionalpark Rhein-Main","Rhein-Main","urban hiking","Wiesbaden"],"articleSection":{"1":"Geschichten"},"inLanguage":"de","potentialAction":[{"@type":"CommentAction","name":"Comment","target":["https:\/\/www.taumelland.de\/index.php\/2021\/08\/15\/urban-hiking-2-wiesbaden\/#respond"]}]},{"@type":"WebPage","@id":"https:\/\/www.taumelland.de\/index.php\/2021\/08\/15\/urban-hiking-2-wiesbaden\/","url":"https:\/\/www.taumelland.de\/index.php\/2021\/08\/15\/urban-hiking-2-wiesbaden\/","name":"Urban Hiking #2 Wiesbaden - taumelland.de","isPartOf":{"@id":"https:\/\/www.taumelland.de\/#website"},"primaryImageOfPage":{"@id":"https:\/\/www.taumelland.de\/index.php\/2021\/08\/15\/urban-hiking-2-wiesbaden\/#primaryimage"},"image":{"@id":"https:\/\/www.taumelland.de\/index.php\/2021\/08\/15\/urban-hiking-2-wiesbaden\/#primaryimage"},"thumbnailUrl":"https:\/\/i0.wp.com\/www.taumelland.de\/wp-content\/uploads\/2021\/08\/uhikingNo511.jpg?fit=960%2C639&ssl=1","datePublished":"2021-08-15T16:57:31+00:00","dateModified":"2021-08-15T16:57:33+00:00","description":"Wie schon im Beitrag Urban Hiking angek\u00fcndigt, eine l\u00e4ngere Bildstrecke von meiner zweiten Wanderung auf einem vom Regionalpark Rhein -Main ausgearbeiteten Trail. Diesmal war taumelland in Begleitung des grob-magazin\u2019s unterwegs.Wir liefen gemeinsam die Tour 5 \u2013 von Wiesbaden-Ost nach Wiesbaden Biebrich \u2013 Wiesbadener Weltreise - ab.\u00a0","breadcrumb":{"@id":"https:\/\/www.taumelland.de\/index.php\/2021\/08\/15\/urban-hiking-2-wiesbaden\/#breadcrumb"},"inLanguage":"de","potentialAction":[{"@type":"ReadAction","target":["https:\/\/www.taumelland.de\/index.php\/2021\/08\/15\/urban-hiking-2-wiesbaden\/"]}]},{"@type":"ImageObject","inLanguage":"de","@id":"https:\/\/www.taumelland.de\/index.php\/2021\/08\/15\/urban-hiking-2-wiesbaden\/#primaryimage","url":"https:\/\/i0.wp.com\/www.taumelland.de\/wp-content\/uploads\/2021\/08\/uhikingNo511.jpg?fit=960%2C639&ssl=1","contentUrl":"https:\/\/i0.wp.com\/www.taumelland.de\/wp-content\/uploads\/2021\/08\/uhikingNo511.jpg?fit=960%2C639&ssl=1","width":960,"height":639,"caption":"urban hiking #2"},{"@type":"BreadcrumbList","@id":"https:\/\/www.taumelland.de\/index.php\/2021\/08\/15\/urban-hiking-2-wiesbaden\/#breadcrumb","itemListElement":[{"@type":"ListItem","position":1,"name":"Home","item":"https:\/\/www.taumelland.de\/"},{"@type":"ListItem","position":2,"name":"Urban Hiking #2 Wiesbaden"}]},{"@type":"WebSite","@id":"https:\/\/www.taumelland.de\/#website","url":"https:\/\/www.taumelland.de\/","name":"taumelland.de","description":"der romantische Fotoblog","publisher":{"@id":"https:\/\/www.taumelland.de\/#\/schema\/person\/d408cfcd33462b0f8d9e9356cfef1aab"},"potentialAction":[{"@type":"SearchAction","target":{"@type":"EntryPoint","urlTemplate":"https:\/\/www.taumelland.de\/?s={search_term_string}"},"query-input":{"@type":"PropertyValueSpecification","valueRequired":true,"valueName":"search_term_string"}}],"inLanguage":"de"},{"@type":["Person","Organization"],"@id":"https:\/\/www.taumelland.de\/#\/schema\/person\/d408cfcd33462b0f8d9e9356cfef1aab","name":"Marcus Bohl","image":{"@type":"ImageObject","inLanguage":"de","@id":"https:\/\/i0.wp.com\/www.taumelland.de\/wp-content\/uploads\/2022\/04\/rosa3.jpg?fit=960%2C639&ssl=1","url":"https:\/\/i0.wp.com\/www.taumelland.de\/wp-content\/uploads\/2022\/04\/rosa3.jpg?fit=960%2C639&ssl=1","contentUrl":"https:\/\/i0.wp.com\/www.taumelland.de\/wp-content\/uploads\/2022\/04\/rosa3.jpg?fit=960%2C639&ssl=1","width":960,"height":639,"caption":"Marcus Bohl"},"logo":{"@id":"https:\/\/i0.wp.com\/www.taumelland.de\/wp-content\/uploads\/2022\/04\/rosa3.jpg?fit=960%2C639&ssl=1"},"sameAs":["https:\/\/www.instagram.com\/taumelland\/?hl=de"]},{"@type":"Person","@id":"https:\/\/www.taumelland.de\/#\/schema\/person\/7c3bfb4fefffd1a6bd38e8c18f296dbf","name":"Mbolee","sameAs":["http:\/\/taumelland.de"],"url":"https:\/\/www.taumelland.de\/index.php\/author\/mbolee\/"}]}},"jetpack_publicize_connections":[],"jetpack_featured_media_url":"https:\/\/i0.wp.com\/www.taumelland.de\/wp-content\/uploads\/2021\/08\/uhikingNo511.jpg?fit=960%2C639&ssl=1","jetpack_sharing_enabled":true,"jetpack_shortlink":"https:\/\/wp.me\/p77Evr-J6","jetpack-related-posts":[],"_links":{"self":[{"href":"https:\/\/www.taumelland.de\/index.php\/wp-json\/wp\/v2\/posts\/2796","targetHints":{"allow":["GET"]}}],"collection":[{"href":"https:\/\/www.taumelland.de\/index.php\/wp-json\/wp\/v2\/posts"}],"about":[{"href":"https:\/\/www.taumelland.de\/index.php\/wp-json\/wp\/v2\/types\/post"}],"author":[{"embeddable":true,"href":"https:\/\/www.taumelland.de\/index.php\/wp-json\/wp\/v2\/users\/1"}],"replies":[{"embeddable":true,"href":"https:\/\/www.taumelland.de\/index.php\/wp-json\/wp\/v2\/comments?post=2796"}],"version-history":[{"count":9,"href":"https:\/\/www.taumelland.de\/index.php\/wp-json\/wp\/v2\/posts\/2796\/revisions"}],"predecessor-version":[{"id":2819,"href":"https:\/\/www.taumelland.de\/index.php\/wp-json\/wp\/v2\/posts\/2796\/revisions\/2819"}],"wp:featuredmedia":[{"embeddable":true,"href":"https:\/\/www.taumelland.de\/index.php\/wp-json\/wp\/v2\/media\/2810"}],"wp:attachment":[{"href":"https:\/\/www.taumelland.de\/index.php\/wp-json\/wp\/v2\/media?parent=2796"}],"wp:term":[{"taxonomy":"category","embeddable":true,"href":"https:\/\/www.taumelland.de\/index.php\/wp-json\/wp\/v2\/categories?post=2796"},{"taxonomy":"post_tag","embeddable":true,"href":"https:\/\/www.taumelland.de\/index.php\/wp-json\/wp\/v2\/tags?post=2796"}],"curies":[{"name":"wp","href":"https:\/\/api.w.org\/{rel}","templated":true}]}}