{"id":2701,"date":"2021-05-21T19:03:08","date_gmt":"2021-05-21T17:03:08","guid":{"rendered":"https:\/\/www.taumelland.de\/?p=2701"},"modified":"2021-05-21T19:03:09","modified_gmt":"2021-05-21T17:03:09","slug":"platterpfad","status":"publish","type":"post","link":"https:\/\/www.taumelland.de\/index.php\/2021\/05\/21\/platterpfad\/","title":{"rendered":"Platterpfad"},"content":{"rendered":"\n<figure class=\"wp-block-image size-full is-style-default\"><a href=\"https:\/\/i0.wp.com\/www.taumelland.de\/wp-content\/uploads\/2021\/05\/taunusgruen4.jpg?ssl=1\" target=\"_blank\"  rel=\"lightbox[2701] noopener\"><img data-recalc-dims=\"1\" loading=\"lazy\" decoding=\"async\" width=\"700\" height=\"466\" data-attachment-id=\"2702\" data-permalink=\"https:\/\/www.taumelland.de\/index.php\/2021\/05\/21\/platterpfad\/taunusgruen4\/\" data-orig-file=\"https:\/\/i0.wp.com\/www.taumelland.de\/wp-content\/uploads\/2021\/05\/taunusgruen4.jpg?fit=960%2C639&amp;ssl=1\" data-orig-size=\"960,639\" data-comments-opened=\"1\" data-image-meta=\"{&quot;aperture&quot;:&quot;11&quot;,&quot;credit&quot;:&quot;Marcus Bohl bolee(at)bolee.de&quot;,&quot;camera&quot;:&quot;NIKON Z 6&quot;,&quot;caption&quot;:&quot;&quot;,&quot;created_timestamp&quot;:&quot;1620908089&quot;,&quot;copyright&quot;:&quot;Marcus Bohl&quot;,&quot;focal_length&quot;:&quot;49&quot;,&quot;iso&quot;:&quot;400&quot;,&quot;shutter_speed&quot;:&quot;0.025&quot;,&quot;title&quot;:&quot;&quot;,&quot;orientation&quot;:&quot;1&quot;}\" data-image-title=\"taunusgruen4\" data-image-description=\"\" data-image-caption=\"\" data-large-file=\"https:\/\/i0.wp.com\/www.taumelland.de\/wp-content\/uploads\/2021\/05\/taunusgruen4.jpg?fit=700%2C466&amp;ssl=1\" src=\"https:\/\/i0.wp.com\/www.taumelland.de\/wp-content\/uploads\/2021\/05\/taunusgruen4.jpg?resize=700%2C466&#038;ssl=1\" alt=\"Patterpfad, Kastanie\" class=\"wp-image-2702\" srcset=\"https:\/\/i0.wp.com\/www.taumelland.de\/wp-content\/uploads\/2021\/05\/taunusgruen4.jpg?w=960&amp;ssl=1 960w, https:\/\/i0.wp.com\/www.taumelland.de\/wp-content\/uploads\/2021\/05\/taunusgruen4.jpg?resize=300%2C200&amp;ssl=1 300w, https:\/\/i0.wp.com\/www.taumelland.de\/wp-content\/uploads\/2021\/05\/taunusgruen4.jpg?resize=150%2C100&amp;ssl=1 150w, https:\/\/i0.wp.com\/www.taumelland.de\/wp-content\/uploads\/2021\/05\/taunusgruen4.jpg?resize=580%2C386&amp;ssl=1 580w, https:\/\/i0.wp.com\/www.taumelland.de\/wp-content\/uploads\/2021\/05\/taunusgruen4.jpg?resize=800%2C533&amp;ssl=1 800w\" sizes=\"auto, (max-width: 700px) 100vw, 700px\" \/><\/a><figcaption>Alter Kastanienbaum, Platterpfad Wiesbaden Mai 2021<\/figcaption><\/figure>\n\n\n\n<p>Eine idyllische Allee s\u00e4umt den Platterpfad im Wiesbadener Stadtwald. Besonders sch\u00f6n finde ich die vielen alten Kastanien. Die B\u00e4ume sind in die Jahre gekommen und der Waldweg ist als nicht mehr sicher zu begehen eingestuft worden. Es besteht die Gefahr das auch gr\u00f6\u00dfere \u00c4ste spontan von den B\u00e4umen abbrechen k\u00f6nnten. Also ein bisschen Vorsicht walten lassen! Es ist auch eine Umgehung eingerichtet worden.<\/p>\n\n\n\n<figure class=\"wp-block-image size-full is-style-default\"><a href=\"https:\/\/i0.wp.com\/www.taumelland.de\/wp-content\/uploads\/2021\/05\/taunusgruen9.jpg?ssl=1\" target=\"_blank\"  rel=\"lightbox[2701] noopener\"><img data-recalc-dims=\"1\" loading=\"lazy\" decoding=\"async\" width=\"700\" height=\"466\" data-attachment-id=\"2703\" data-permalink=\"https:\/\/www.taumelland.de\/index.php\/2021\/05\/21\/platterpfad\/taunusgruen9\/\" data-orig-file=\"https:\/\/i0.wp.com\/www.taumelland.de\/wp-content\/uploads\/2021\/05\/taunusgruen9.jpg?fit=960%2C639&amp;ssl=1\" data-orig-size=\"960,639\" data-comments-opened=\"1\" data-image-meta=\"{&quot;aperture&quot;:&quot;11&quot;,&quot;credit&quot;:&quot;Marcus Bohl bolee(at)bolee.de&quot;,&quot;camera&quot;:&quot;NIKON Z 6&quot;,&quot;caption&quot;:&quot;&quot;,&quot;created_timestamp&quot;:&quot;1620908671&quot;,&quot;copyright&quot;:&quot;Marcus Bohl&quot;,&quot;focal_length&quot;:&quot;32&quot;,&quot;iso&quot;:&quot;400&quot;,&quot;shutter_speed&quot;:&quot;0.02&quot;,&quot;title&quot;:&quot;&quot;,&quot;orientation&quot;:&quot;1&quot;}\" data-image-title=\"taunusgruen9\" data-image-description=\"\" data-image-caption=\"\" data-large-file=\"https:\/\/i0.wp.com\/www.taumelland.de\/wp-content\/uploads\/2021\/05\/taunusgruen9.jpg?fit=700%2C466&amp;ssl=1\" src=\"https:\/\/i0.wp.com\/www.taumelland.de\/wp-content\/uploads\/2021\/05\/taunusgruen9.jpg?resize=700%2C466&#038;ssl=1\" alt=\"Kastanien und Buchen Platterpfad\" class=\"wp-image-2703\" srcset=\"https:\/\/i0.wp.com\/www.taumelland.de\/wp-content\/uploads\/2021\/05\/taunusgruen9.jpg?w=960&amp;ssl=1 960w, https:\/\/i0.wp.com\/www.taumelland.de\/wp-content\/uploads\/2021\/05\/taunusgruen9.jpg?resize=300%2C200&amp;ssl=1 300w, https:\/\/i0.wp.com\/www.taumelland.de\/wp-content\/uploads\/2021\/05\/taunusgruen9.jpg?resize=150%2C100&amp;ssl=1 150w, https:\/\/i0.wp.com\/www.taumelland.de\/wp-content\/uploads\/2021\/05\/taunusgruen9.jpg?resize=580%2C386&amp;ssl=1 580w, https:\/\/i0.wp.com\/www.taumelland.de\/wp-content\/uploads\/2021\/05\/taunusgruen9.jpg?resize=800%2C533&amp;ssl=1 800w\" sizes=\"auto, (max-width: 700px) 100vw, 700px\" \/><\/a><figcaption>Kastanien und Buchen, Platterpfad, Wiesbaden, Mai 2021<\/figcaption><\/figure>\n\n\n\n<figure class=\"wp-block-image size-full is-resized is-style-default\"><img data-recalc-dims=\"1\" loading=\"lazy\" decoding=\"async\" data-attachment-id=\"2704\" data-permalink=\"https:\/\/www.taumelland.de\/index.php\/2021\/05\/21\/platterpfad\/taunusgruen6\/\" data-orig-file=\"https:\/\/i0.wp.com\/www.taumelland.de\/wp-content\/uploads\/2021\/05\/taunusgruen6.jpg?fit=960%2C639&amp;ssl=1\" data-orig-size=\"960,639\" data-comments-opened=\"1\" data-image-meta=\"{&quot;aperture&quot;:&quot;11&quot;,&quot;credit&quot;:&quot;Marcus Bohl bolee(at)bolee.de&quot;,&quot;camera&quot;:&quot;NIKON Z 6&quot;,&quot;caption&quot;:&quot;&quot;,&quot;created_timestamp&quot;:&quot;1620908622&quot;,&quot;copyright&quot;:&quot;Marcus Bohl&quot;,&quot;focal_length&quot;:&quot;44&quot;,&quot;iso&quot;:&quot;400&quot;,&quot;shutter_speed&quot;:&quot;0.0333333333333&quot;,&quot;title&quot;:&quot;&quot;,&quot;orientation&quot;:&quot;1&quot;}\" data-image-title=\"taunusgruen6\" data-image-description=\"\" data-image-caption=\"\" data-large-file=\"https:\/\/i0.wp.com\/www.taumelland.de\/wp-content\/uploads\/2021\/05\/taunusgruen6.jpg?fit=700%2C466&amp;ssl=1\" src=\"https:\/\/i0.wp.com\/www.taumelland.de\/wp-content\/uploads\/2021\/05\/taunusgruen6.jpg?resize=700%2C466&#038;ssl=1\" alt=\"Platterpfad triangle\" class=\"wp-image-2704\" width=\"700\" height=\"466\" srcset=\"https:\/\/i0.wp.com\/www.taumelland.de\/wp-content\/uploads\/2021\/05\/taunusgruen6.jpg?w=960&amp;ssl=1 960w, https:\/\/i0.wp.com\/www.taumelland.de\/wp-content\/uploads\/2021\/05\/taunusgruen6.jpg?resize=300%2C200&amp;ssl=1 300w, https:\/\/i0.wp.com\/www.taumelland.de\/wp-content\/uploads\/2021\/05\/taunusgruen6.jpg?resize=150%2C100&amp;ssl=1 150w, https:\/\/i0.wp.com\/www.taumelland.de\/wp-content\/uploads\/2021\/05\/taunusgruen6.jpg?resize=580%2C386&amp;ssl=1 580w, https:\/\/i0.wp.com\/www.taumelland.de\/wp-content\/uploads\/2021\/05\/taunusgruen6.jpg?resize=800%2C533&amp;ssl=1 800w\" sizes=\"auto, (max-width: 700px) 100vw, 700px\" \/><figcaption>Triangle, Platterpfad, Wiesbaden, Mai 2021<\/figcaption><\/figure>\n\n\n\n<div class=\"wp-block-image is-style-default\"><figure class=\"aligncenter size-full\"><a href=\"https:\/\/i0.wp.com\/www.taumelland.de\/wp-content\/uploads\/2021\/05\/taunusgruen3a.jpg?ssl=1\" target=\"_blank\"  rel=\"lightbox[2701] noopener\"><img data-recalc-dims=\"1\" loading=\"lazy\" decoding=\"async\" width=\"639\" height=\"960\" data-attachment-id=\"2705\" data-permalink=\"https:\/\/www.taumelland.de\/index.php\/2021\/05\/21\/platterpfad\/taunusgruen3a\/\" data-orig-file=\"https:\/\/i0.wp.com\/www.taumelland.de\/wp-content\/uploads\/2021\/05\/taunusgruen3a.jpg?fit=639%2C960&amp;ssl=1\" data-orig-size=\"639,960\" data-comments-opened=\"1\" data-image-meta=\"{&quot;aperture&quot;:&quot;11&quot;,&quot;credit&quot;:&quot;Marcus Bohl bolee(at)bolee.de&quot;,&quot;camera&quot;:&quot;NIKON Z 6&quot;,&quot;caption&quot;:&quot;&quot;,&quot;created_timestamp&quot;:&quot;1620908002&quot;,&quot;copyright&quot;:&quot;Marcus Bohl&quot;,&quot;focal_length&quot;:&quot;24&quot;,&quot;iso&quot;:&quot;400&quot;,&quot;shutter_speed&quot;:&quot;0.004&quot;,&quot;title&quot;:&quot;&quot;,&quot;orientation&quot;:&quot;1&quot;}\" data-image-title=\"taunusgruen3a\" data-image-description=\"\" data-image-caption=\"\" data-large-file=\"https:\/\/i0.wp.com\/www.taumelland.de\/wp-content\/uploads\/2021\/05\/taunusgruen3a.jpg?fit=639%2C960&amp;ssl=1\" src=\"https:\/\/i0.wp.com\/www.taumelland.de\/wp-content\/uploads\/2021\/05\/taunusgruen3a.jpg?resize=639%2C960&#038;ssl=1\" alt=\"AlterBaum Platterpfad\" class=\"wp-image-2705\" srcset=\"https:\/\/i0.wp.com\/www.taumelland.de\/wp-content\/uploads\/2021\/05\/taunusgruen3a.jpg?w=639&amp;ssl=1 639w, https:\/\/i0.wp.com\/www.taumelland.de\/wp-content\/uploads\/2021\/05\/taunusgruen3a.jpg?resize=200%2C300&amp;ssl=1 200w, https:\/\/i0.wp.com\/www.taumelland.de\/wp-content\/uploads\/2021\/05\/taunusgruen3a.jpg?resize=100%2C150&amp;ssl=1 100w, https:\/\/i0.wp.com\/www.taumelland.de\/wp-content\/uploads\/2021\/05\/taunusgruen3a.jpg?resize=580%2C871&amp;ssl=1 580w\" sizes=\"auto, (max-width: 639px) 100vw, 639px\" \/><\/a><figcaption>alter Baum, Platterpfad Wiesbaden, Mai 2021<\/figcaption><\/figure><\/div>\n","protected":false},"excerpt":{"rendered":"<p>Eine idyllische Allee s\u00e4umt den Platterpfad im Wiesbadener Stadtwald. Besonders sch\u00f6n finde ich die vielen alten Kastanien. Die B\u00e4ume sind in die Jahre gekommen und der Waldweg ist als nicht mehr sicher zu begehen eingestuft worden. Es besteht die Gefahr das auch gr\u00f6\u00dfere \u00c4ste spontan&hellip;<\/p>\n","protected":false},"author":1,"featured_media":2707,"comment_status":"open","ping_status":"open","sticky":false,"template":"","format":"standard","meta":{"_themeisle_gutenberg_block_has_review":false,"jetpack_post_was_ever_published":false,"_jetpack_newsletter_access":"","_jetpack_dont_email_post_to_subs":false,"_jetpack_newsletter_tier_id":0,"_jetpack_memberships_contains_paywalled_content":false,"_jetpack_memberships_contains_paid_content":false,"footnotes":"","jetpack_publicize_message":"Platterpfad #wiesbden #wald #kastanien #taumelland","jetpack_publicize_feature_enabled":true,"jetpack_social_post_already_shared":true,"jetpack_social_options":{"image_generator_settings":{"template":"highway","default_image_id":0,"font":"","enabled":false},"version":2}},"categories":[1,47],"tags":[],"class_list":["post-2701","post","type-post","status-publish","format-standard","has-post-thumbnail","hentry","category-allgemein","category-waldeinsamkeit"],"yoast_head":"<!-- This site is optimized with the Yoast SEO plugin v27.5 - https:\/\/yoast.com\/product\/yoast-seo-wordpress\/ -->\n<title>Platterpfad - taumelland.de<\/title>\n<meta name=\"description\" content=\"Eine idyllische Allee s\u00e4umt den Platterpfad im Wiesbadener Stadtwald. Besonders sch\u00f6n finde ich die vielen alten Kastanien. Die B\u00e4ume sind in die Jahre gekommen und der Weg gilt als nicht mehr sicher. Es besteht die Gefahr das auch gr\u00f6\u00dfere \u00c4ste spontan von den B\u00e4umen abbrechen k\u00f6nnten. Also ein bisschen Vorsicht walten lassen! Es ist auch eine Umgehung eingerichtet worden.\" \/>\n<meta name=\"robots\" content=\"index, follow, max-snippet:-1, max-image-preview:large, max-video-preview:-1\" \/>\n<link rel=\"canonical\" href=\"https:\/\/www.taumelland.de\/index.php\/2021\/05\/21\/platterpfad\/\" \/>\n<meta property=\"og:locale\" content=\"de_DE\" \/>\n<meta property=\"og:type\" content=\"article\" \/>\n<meta property=\"og:title\" content=\"Platterpfad - taumelland.de\" \/>\n<meta property=\"og:description\" content=\"Eine idyllische Allee s\u00e4umt den Platterpfad im Wiesbadener Stadtwald. Besonders sch\u00f6n finde ich die vielen alten Kastanien. Die B\u00e4ume sind in die Jahre gekommen und der Weg gilt als nicht mehr sicher. Es besteht die Gefahr das auch gr\u00f6\u00dfere \u00c4ste spontan von den B\u00e4umen abbrechen k\u00f6nnten. Also ein bisschen Vorsicht walten lassen! Es ist auch eine Umgehung eingerichtet worden.\" \/>\n<meta property=\"og:url\" content=\"https:\/\/www.taumelland.de\/index.php\/2021\/05\/21\/platterpfad\/\" \/>\n<meta property=\"og:site_name\" content=\"taumelland.de\" \/>\n<meta property=\"article:published_time\" content=\"2021-05-21T17:03:08+00:00\" \/>\n<meta property=\"article:modified_time\" content=\"2021-05-21T17:03:09+00:00\" \/>\n<meta property=\"og:image\" content=\"https:\/\/www.taumelland.de\/wp-content\/uploads\/2021\/05\/taunusgruen10.jpg\" \/>\n\t<meta property=\"og:image:width\" content=\"639\" \/>\n\t<meta property=\"og:image:height\" content=\"960\" \/>\n\t<meta property=\"og:image:type\" content=\"image\/jpeg\" \/>\n<meta name=\"author\" content=\"Mbolee\" \/>\n<meta name=\"twitter:card\" content=\"summary_large_image\" \/>\n<meta name=\"twitter:label1\" content=\"Verfasst von\" \/>\n\t<meta name=\"twitter:data1\" content=\"Mbolee\" \/>\n\t<meta name=\"twitter:label2\" content=\"Gesch\u00e4tzte Lesezeit\" \/>\n\t<meta name=\"twitter:data2\" content=\"2\u00a0Minuten\" \/>\n<script type=\"application\/ld+json\" class=\"yoast-schema-graph\">{\"@context\":\"https:\\\/\\\/schema.org\",\"@graph\":[{\"@type\":\"Article\",\"@id\":\"https:\\\/\\\/www.taumelland.de\\\/index.php\\\/2021\\\/05\\\/21\\\/platterpfad\\\/#article\",\"isPartOf\":{\"@id\":\"https:\\\/\\\/www.taumelland.de\\\/index.php\\\/2021\\\/05\\\/21\\\/platterpfad\\\/\"},\"author\":{\"name\":\"Mbolee\",\"@id\":\"https:\\\/\\\/www.taumelland.de\\\/#\\\/schema\\\/person\\\/7c3bfb4fefffd1a6bd38e8c18f296dbf\"},\"headline\":\"Platterpfad\",\"datePublished\":\"2021-05-21T17:03:08+00:00\",\"dateModified\":\"2021-05-21T17:03:09+00:00\",\"mainEntityOfPage\":{\"@id\":\"https:\\\/\\\/www.taumelland.de\\\/index.php\\\/2021\\\/05\\\/21\\\/platterpfad\\\/\"},\"wordCount\":90,\"commentCount\":0,\"publisher\":{\"@id\":\"https:\\\/\\\/www.taumelland.de\\\/#\\\/schema\\\/person\\\/d408cfcd33462b0f8d9e9356cfef1aab\"},\"image\":{\"@id\":\"https:\\\/\\\/www.taumelland.de\\\/index.php\\\/2021\\\/05\\\/21\\\/platterpfad\\\/#primaryimage\"},\"thumbnailUrl\":\"https:\\\/\\\/i0.wp.com\\\/www.taumelland.de\\\/wp-content\\\/uploads\\\/2021\\\/05\\\/taunusgruen10.jpg?fit=639%2C960&ssl=1\",\"articleSection\":{\"1\":\"Waldeinsamkeit\"},\"inLanguage\":\"de\",\"potentialAction\":[{\"@type\":\"CommentAction\",\"name\":\"Comment\",\"target\":[\"https:\\\/\\\/www.taumelland.de\\\/index.php\\\/2021\\\/05\\\/21\\\/platterpfad\\\/#respond\"]}]},{\"@type\":\"WebPage\",\"@id\":\"https:\\\/\\\/www.taumelland.de\\\/index.php\\\/2021\\\/05\\\/21\\\/platterpfad\\\/\",\"url\":\"https:\\\/\\\/www.taumelland.de\\\/index.php\\\/2021\\\/05\\\/21\\\/platterpfad\\\/\",\"name\":\"Platterpfad - taumelland.de\",\"isPartOf\":{\"@id\":\"https:\\\/\\\/www.taumelland.de\\\/#website\"},\"primaryImageOfPage\":{\"@id\":\"https:\\\/\\\/www.taumelland.de\\\/index.php\\\/2021\\\/05\\\/21\\\/platterpfad\\\/#primaryimage\"},\"image\":{\"@id\":\"https:\\\/\\\/www.taumelland.de\\\/index.php\\\/2021\\\/05\\\/21\\\/platterpfad\\\/#primaryimage\"},\"thumbnailUrl\":\"https:\\\/\\\/i0.wp.com\\\/www.taumelland.de\\\/wp-content\\\/uploads\\\/2021\\\/05\\\/taunusgruen10.jpg?fit=639%2C960&ssl=1\",\"datePublished\":\"2021-05-21T17:03:08+00:00\",\"dateModified\":\"2021-05-21T17:03:09+00:00\",\"description\":\"Eine idyllische Allee s\u00e4umt den Platterpfad im Wiesbadener Stadtwald. Besonders sch\u00f6n finde ich die vielen alten Kastanien. Die B\u00e4ume sind in die Jahre gekommen und der Weg gilt als nicht mehr sicher. Es besteht die Gefahr das auch gr\u00f6\u00dfere \u00c4ste spontan von den B\u00e4umen abbrechen k\u00f6nnten. Also ein bisschen Vorsicht walten lassen! Es ist auch eine Umgehung eingerichtet worden.\",\"breadcrumb\":{\"@id\":\"https:\\\/\\\/www.taumelland.de\\\/index.php\\\/2021\\\/05\\\/21\\\/platterpfad\\\/#breadcrumb\"},\"inLanguage\":\"de\",\"potentialAction\":[{\"@type\":\"ReadAction\",\"target\":[\"https:\\\/\\\/www.taumelland.de\\\/index.php\\\/2021\\\/05\\\/21\\\/platterpfad\\\/\"]}]},{\"@type\":\"ImageObject\",\"inLanguage\":\"de\",\"@id\":\"https:\\\/\\\/www.taumelland.de\\\/index.php\\\/2021\\\/05\\\/21\\\/platterpfad\\\/#primaryimage\",\"url\":\"https:\\\/\\\/i0.wp.com\\\/www.taumelland.de\\\/wp-content\\\/uploads\\\/2021\\\/05\\\/taunusgruen10.jpg?fit=639%2C960&ssl=1\",\"contentUrl\":\"https:\\\/\\\/i0.wp.com\\\/www.taumelland.de\\\/wp-content\\\/uploads\\\/2021\\\/05\\\/taunusgruen10.jpg?fit=639%2C960&ssl=1\",\"width\":639,\"height\":960,\"caption\":\"Platterpfad Allee\"},{\"@type\":\"BreadcrumbList\",\"@id\":\"https:\\\/\\\/www.taumelland.de\\\/index.php\\\/2021\\\/05\\\/21\\\/platterpfad\\\/#breadcrumb\",\"itemListElement\":[{\"@type\":\"ListItem\",\"position\":1,\"name\":\"Home\",\"item\":\"https:\\\/\\\/www.taumelland.de\\\/\"},{\"@type\":\"ListItem\",\"position\":2,\"name\":\"Platterpfad\"}]},{\"@type\":\"WebSite\",\"@id\":\"https:\\\/\\\/www.taumelland.de\\\/#website\",\"url\":\"https:\\\/\\\/www.taumelland.de\\\/\",\"name\":\"taumelland.de\",\"description\":\"der romantische Fotoblog\",\"publisher\":{\"@id\":\"https:\\\/\\\/www.taumelland.de\\\/#\\\/schema\\\/person\\\/d408cfcd33462b0f8d9e9356cfef1aab\"},\"potentialAction\":[{\"@type\":\"SearchAction\",\"target\":{\"@type\":\"EntryPoint\",\"urlTemplate\":\"https:\\\/\\\/www.taumelland.de\\\/?s={search_term_string}\"},\"query-input\":{\"@type\":\"PropertyValueSpecification\",\"valueRequired\":true,\"valueName\":\"search_term_string\"}}],\"inLanguage\":\"de\"},{\"@type\":[\"Person\",\"Organization\"],\"@id\":\"https:\\\/\\\/www.taumelland.de\\\/#\\\/schema\\\/person\\\/d408cfcd33462b0f8d9e9356cfef1aab\",\"name\":\"Marcus Bohl\",\"image\":{\"@type\":\"ImageObject\",\"inLanguage\":\"de\",\"@id\":\"https:\\\/\\\/i0.wp.com\\\/www.taumelland.de\\\/wp-content\\\/uploads\\\/2022\\\/04\\\/rosa3.jpg?fit=960%2C639&ssl=1\",\"url\":\"https:\\\/\\\/i0.wp.com\\\/www.taumelland.de\\\/wp-content\\\/uploads\\\/2022\\\/04\\\/rosa3.jpg?fit=960%2C639&ssl=1\",\"contentUrl\":\"https:\\\/\\\/i0.wp.com\\\/www.taumelland.de\\\/wp-content\\\/uploads\\\/2022\\\/04\\\/rosa3.jpg?fit=960%2C639&ssl=1\",\"width\":960,\"height\":639,\"caption\":\"Marcus Bohl\"},\"logo\":{\"@id\":\"https:\\\/\\\/i0.wp.com\\\/www.taumelland.de\\\/wp-content\\\/uploads\\\/2022\\\/04\\\/rosa3.jpg?fit=960%2C639&ssl=1\"},\"sameAs\":[\"https:\\\/\\\/www.instagram.com\\\/taumelland\\\/?hl=de\"]},{\"@type\":\"Person\",\"@id\":\"https:\\\/\\\/www.taumelland.de\\\/#\\\/schema\\\/person\\\/7c3bfb4fefffd1a6bd38e8c18f296dbf\",\"name\":\"Mbolee\",\"sameAs\":[\"http:\\\/\\\/taumelland.de\"],\"url\":\"https:\\\/\\\/www.taumelland.de\\\/index.php\\\/author\\\/mbolee\\\/\"}]}<\/script>\n<!-- \/ Yoast SEO plugin. -->","yoast_head_json":{"title":"Platterpfad - taumelland.de","description":"Eine idyllische Allee s\u00e4umt den Platterpfad im Wiesbadener Stadtwald. Besonders sch\u00f6n finde ich die vielen alten Kastanien. Die B\u00e4ume sind in die Jahre gekommen und der Weg gilt als nicht mehr sicher. Es besteht die Gefahr das auch gr\u00f6\u00dfere \u00c4ste spontan von den B\u00e4umen abbrechen k\u00f6nnten. Also ein bisschen Vorsicht walten lassen! Es ist auch eine Umgehung eingerichtet worden.","robots":{"index":"index","follow":"follow","max-snippet":"max-snippet:-1","max-image-preview":"max-image-preview:large","max-video-preview":"max-video-preview:-1"},"canonical":"https:\/\/www.taumelland.de\/index.php\/2021\/05\/21\/platterpfad\/","og_locale":"de_DE","og_type":"article","og_title":"Platterpfad - taumelland.de","og_description":"Eine idyllische Allee s\u00e4umt den Platterpfad im Wiesbadener Stadtwald. Besonders sch\u00f6n finde ich die vielen alten Kastanien. Die B\u00e4ume sind in die Jahre gekommen und der Weg gilt als nicht mehr sicher. Es besteht die Gefahr das auch gr\u00f6\u00dfere \u00c4ste spontan von den B\u00e4umen abbrechen k\u00f6nnten. Also ein bisschen Vorsicht walten lassen! Es ist auch eine Umgehung eingerichtet worden.","og_url":"https:\/\/www.taumelland.de\/index.php\/2021\/05\/21\/platterpfad\/","og_site_name":"taumelland.de","article_published_time":"2021-05-21T17:03:08+00:00","article_modified_time":"2021-05-21T17:03:09+00:00","og_image":[{"width":639,"height":960,"url":"https:\/\/www.taumelland.de\/wp-content\/uploads\/2021\/05\/taunusgruen10.jpg","type":"image\/jpeg"}],"author":"Mbolee","twitter_card":"summary_large_image","twitter_misc":{"Verfasst von":"Mbolee","Gesch\u00e4tzte Lesezeit":"2\u00a0Minuten"},"schema":{"@context":"https:\/\/schema.org","@graph":[{"@type":"Article","@id":"https:\/\/www.taumelland.de\/index.php\/2021\/05\/21\/platterpfad\/#article","isPartOf":{"@id":"https:\/\/www.taumelland.de\/index.php\/2021\/05\/21\/platterpfad\/"},"author":{"name":"Mbolee","@id":"https:\/\/www.taumelland.de\/#\/schema\/person\/7c3bfb4fefffd1a6bd38e8c18f296dbf"},"headline":"Platterpfad","datePublished":"2021-05-21T17:03:08+00:00","dateModified":"2021-05-21T17:03:09+00:00","mainEntityOfPage":{"@id":"https:\/\/www.taumelland.de\/index.php\/2021\/05\/21\/platterpfad\/"},"wordCount":90,"commentCount":0,"publisher":{"@id":"https:\/\/www.taumelland.de\/#\/schema\/person\/d408cfcd33462b0f8d9e9356cfef1aab"},"image":{"@id":"https:\/\/www.taumelland.de\/index.php\/2021\/05\/21\/platterpfad\/#primaryimage"},"thumbnailUrl":"https:\/\/i0.wp.com\/www.taumelland.de\/wp-content\/uploads\/2021\/05\/taunusgruen10.jpg?fit=639%2C960&ssl=1","articleSection":{"1":"Waldeinsamkeit"},"inLanguage":"de","potentialAction":[{"@type":"CommentAction","name":"Comment","target":["https:\/\/www.taumelland.de\/index.php\/2021\/05\/21\/platterpfad\/#respond"]}]},{"@type":"WebPage","@id":"https:\/\/www.taumelland.de\/index.php\/2021\/05\/21\/platterpfad\/","url":"https:\/\/www.taumelland.de\/index.php\/2021\/05\/21\/platterpfad\/","name":"Platterpfad - taumelland.de","isPartOf":{"@id":"https:\/\/www.taumelland.de\/#website"},"primaryImageOfPage":{"@id":"https:\/\/www.taumelland.de\/index.php\/2021\/05\/21\/platterpfad\/#primaryimage"},"image":{"@id":"https:\/\/www.taumelland.de\/index.php\/2021\/05\/21\/platterpfad\/#primaryimage"},"thumbnailUrl":"https:\/\/i0.wp.com\/www.taumelland.de\/wp-content\/uploads\/2021\/05\/taunusgruen10.jpg?fit=639%2C960&ssl=1","datePublished":"2021-05-21T17:03:08+00:00","dateModified":"2021-05-21T17:03:09+00:00","description":"Eine idyllische Allee s\u00e4umt den Platterpfad im Wiesbadener Stadtwald. Besonders sch\u00f6n finde ich die vielen alten Kastanien. Die B\u00e4ume sind in die Jahre gekommen und der Weg gilt als nicht mehr sicher. Es besteht die Gefahr das auch gr\u00f6\u00dfere \u00c4ste spontan von den B\u00e4umen abbrechen k\u00f6nnten. Also ein bisschen Vorsicht walten lassen! Es ist auch eine Umgehung eingerichtet worden.","breadcrumb":{"@id":"https:\/\/www.taumelland.de\/index.php\/2021\/05\/21\/platterpfad\/#breadcrumb"},"inLanguage":"de","potentialAction":[{"@type":"ReadAction","target":["https:\/\/www.taumelland.de\/index.php\/2021\/05\/21\/platterpfad\/"]}]},{"@type":"ImageObject","inLanguage":"de","@id":"https:\/\/www.taumelland.de\/index.php\/2021\/05\/21\/platterpfad\/#primaryimage","url":"https:\/\/i0.wp.com\/www.taumelland.de\/wp-content\/uploads\/2021\/05\/taunusgruen10.jpg?fit=639%2C960&ssl=1","contentUrl":"https:\/\/i0.wp.com\/www.taumelland.de\/wp-content\/uploads\/2021\/05\/taunusgruen10.jpg?fit=639%2C960&ssl=1","width":639,"height":960,"caption":"Platterpfad Allee"},{"@type":"BreadcrumbList","@id":"https:\/\/www.taumelland.de\/index.php\/2021\/05\/21\/platterpfad\/#breadcrumb","itemListElement":[{"@type":"ListItem","position":1,"name":"Home","item":"https:\/\/www.taumelland.de\/"},{"@type":"ListItem","position":2,"name":"Platterpfad"}]},{"@type":"WebSite","@id":"https:\/\/www.taumelland.de\/#website","url":"https:\/\/www.taumelland.de\/","name":"taumelland.de","description":"der romantische Fotoblog","publisher":{"@id":"https:\/\/www.taumelland.de\/#\/schema\/person\/d408cfcd33462b0f8d9e9356cfef1aab"},"potentialAction":[{"@type":"SearchAction","target":{"@type":"EntryPoint","urlTemplate":"https:\/\/www.taumelland.de\/?s={search_term_string}"},"query-input":{"@type":"PropertyValueSpecification","valueRequired":true,"valueName":"search_term_string"}}],"inLanguage":"de"},{"@type":["Person","Organization"],"@id":"https:\/\/www.taumelland.de\/#\/schema\/person\/d408cfcd33462b0f8d9e9356cfef1aab","name":"Marcus Bohl","image":{"@type":"ImageObject","inLanguage":"de","@id":"https:\/\/i0.wp.com\/www.taumelland.de\/wp-content\/uploads\/2022\/04\/rosa3.jpg?fit=960%2C639&ssl=1","url":"https:\/\/i0.wp.com\/www.taumelland.de\/wp-content\/uploads\/2022\/04\/rosa3.jpg?fit=960%2C639&ssl=1","contentUrl":"https:\/\/i0.wp.com\/www.taumelland.de\/wp-content\/uploads\/2022\/04\/rosa3.jpg?fit=960%2C639&ssl=1","width":960,"height":639,"caption":"Marcus Bohl"},"logo":{"@id":"https:\/\/i0.wp.com\/www.taumelland.de\/wp-content\/uploads\/2022\/04\/rosa3.jpg?fit=960%2C639&ssl=1"},"sameAs":["https:\/\/www.instagram.com\/taumelland\/?hl=de"]},{"@type":"Person","@id":"https:\/\/www.taumelland.de\/#\/schema\/person\/7c3bfb4fefffd1a6bd38e8c18f296dbf","name":"Mbolee","sameAs":["http:\/\/taumelland.de"],"url":"https:\/\/www.taumelland.de\/index.php\/author\/mbolee\/"}]}},"jetpack_publicize_connections":[],"jetpack_featured_media_url":"https:\/\/i0.wp.com\/www.taumelland.de\/wp-content\/uploads\/2021\/05\/taunusgruen10.jpg?fit=639%2C960&ssl=1","jetpack_sharing_enabled":true,"jetpack_shortlink":"https:\/\/wp.me\/p77Evr-Hz","jetpack-related-posts":[],"_links":{"self":[{"href":"https:\/\/www.taumelland.de\/index.php\/wp-json\/wp\/v2\/posts\/2701","targetHints":{"allow":["GET"]}}],"collection":[{"href":"https:\/\/www.taumelland.de\/index.php\/wp-json\/wp\/v2\/posts"}],"about":[{"href":"https:\/\/www.taumelland.de\/index.php\/wp-json\/wp\/v2\/types\/post"}],"author":[{"embeddable":true,"href":"https:\/\/www.taumelland.de\/index.php\/wp-json\/wp\/v2\/users\/1"}],"replies":[{"embeddable":true,"href":"https:\/\/www.taumelland.de\/index.php\/wp-json\/wp\/v2\/comments?post=2701"}],"version-history":[{"count":3,"href":"https:\/\/www.taumelland.de\/index.php\/wp-json\/wp\/v2\/posts\/2701\/revisions"}],"predecessor-version":[{"id":2709,"href":"https:\/\/www.taumelland.de\/index.php\/wp-json\/wp\/v2\/posts\/2701\/revisions\/2709"}],"wp:featuredmedia":[{"embeddable":true,"href":"https:\/\/www.taumelland.de\/index.php\/wp-json\/wp\/v2\/media\/2707"}],"wp:attachment":[{"href":"https:\/\/www.taumelland.de\/index.php\/wp-json\/wp\/v2\/media?parent=2701"}],"wp:term":[{"taxonomy":"category","embeddable":true,"href":"https:\/\/www.taumelland.de\/index.php\/wp-json\/wp\/v2\/categories?post=2701"},{"taxonomy":"post_tag","embeddable":true,"href":"https:\/\/www.taumelland.de\/index.php\/wp-json\/wp\/v2\/tags?post=2701"}],"curies":[{"name":"wp","href":"https:\/\/api.w.org\/{rel}","templated":true}]}}