{"id":243,"date":"2016-04-28T23:22:22","date_gmt":"2016-04-28T21:22:22","guid":{"rendered":"http:\/\/www.taumelland.de\/?p=243"},"modified":"2016-04-28T23:47:21","modified_gmt":"2016-04-28T21:47:21","slug":"darsser-weststrand-1","status":"publish","type":"post","link":"https:\/\/www.taumelland.de\/index.php\/2016\/04\/28\/darsser-weststrand-1\/","title":{"rendered":"Dar\u00dfer Weststrand #1"},"content":{"rendered":"<div class=\"tiled-gallery type-rectangular tiled-gallery-unresized\" data-original-width=\"700\" data-carousel-extra='{&quot;blog_id&quot;:1,&quot;permalink&quot;:&quot;https:\\\/\\\/www.taumelland.de\\\/index.php\\\/2016\\\/04\\\/28\\\/darsser-weststrand-1\\\/&quot;,&quot;likes_blog_id&quot;:105258357}' itemscope itemtype=\"http:\/\/schema.org\/ImageGallery\" > <div class=\"gallery-row\" style=\"width: 700px; height: 313px;\" data-original-width=\"700\" data-original-height=\"313\" > <div class=\"gallery-group images-1\" style=\"width: 467px; height: 313px;\" data-original-width=\"467\" data-original-height=\"313\" > <div class=\"tiled-gallery-item tiled-gallery-item-large\" itemprop=\"associatedMedia\" itemscope itemtype=\"http:\/\/schema.org\/ImageObject\"> <a href=\"https:\/\/i0.wp.com\/www.taumelland.de\/wp-content\/uploads\/2016\/04\/seascape_baum3-5661.jpg?ssl=1\" border=\"0\" itemprop=\"url\" rel=\"lightbox[243]\"> <meta itemprop=\"width\" content=\"463\"> <meta itemprop=\"height\" content=\"309\"> <img decoding=\"async\" class=\"\" data-attachment-id=\"248\" data-orig-file=\"https:\/\/www.taumelland.de\/wp-content\/uploads\/2016\/04\/seascape_baum3-5661.jpg\" data-orig-size=\"970,647\" data-comments-opened=\"1\" data-image-meta=\"{&quot;aperture&quot;:&quot;0&quot;,&quot;credit&quot;:&quot;&quot;,&quot;camera&quot;:&quot;&quot;,&quot;caption&quot;:&quot;&quot;,&quot;created_timestamp&quot;:&quot;0&quot;,&quot;copyright&quot;:&quot;&quot;,&quot;focal_length&quot;:&quot;0&quot;,&quot;iso&quot;:&quot;0&quot;,&quot;shutter_speed&quot;:&quot;0&quot;,&quot;title&quot;:&quot;&quot;,&quot;orientation&quot;:&quot;0&quot;}\" data-image-title=\"Liebesschw\u00fcre &amp;#8211; oaths of love\" data-image-description=\"\" data-medium-file=\"https:\/\/i0.wp.com\/www.taumelland.de\/wp-content\/uploads\/2016\/04\/seascape_baum3-5661.jpg?fit=300%2C200&#038;ssl=1\" data-large-file=\"https:\/\/i0.wp.com\/www.taumelland.de\/wp-content\/uploads\/2016\/04\/seascape_baum3-5661.jpg?fit=700%2C467&#038;ssl=1\" src=\"https:\/\/i0.wp.com\/www.taumelland.de\/wp-content\/uploads\/2016\/04\/seascape_baum3-5661.jpg?w=463&#038;h=309&#038;ssl=1\" srcset=\"https:\/\/i0.wp.com\/www.taumelland.de\/wp-content\/uploads\/2016\/04\/seascape_baum3-5661.jpg?w=970&amp;ssl=1 970w, https:\/\/i0.wp.com\/www.taumelland.de\/wp-content\/uploads\/2016\/04\/seascape_baum3-5661.jpg?resize=150%2C100&amp;ssl=1 150w, https:\/\/i0.wp.com\/www.taumelland.de\/wp-content\/uploads\/2016\/04\/seascape_baum3-5661.jpg?resize=300%2C200&amp;ssl=1 300w, https:\/\/i0.wp.com\/www.taumelland.de\/wp-content\/uploads\/2016\/04\/seascape_baum3-5661.jpg?resize=580%2C387&amp;ssl=1 580w, https:\/\/i0.wp.com\/www.taumelland.de\/wp-content\/uploads\/2016\/04\/seascape_baum3-5661.jpg?resize=800%2C534&amp;ssl=1 800w\" width=\"463\" height=\"309\" loading=\"lazy\" data-original-width=\"463\" data-original-height=\"309\" itemprop=\"http:\/\/schema.org\/image\" title=\"Liebesschw\u00fcre - oaths of love\" alt=\"Liebesschw\u00fcre -oaths of love\" style=\"width: 463px; height: 309px;\" \/> <\/a> <div class=\"tiled-gallery-caption\" itemprop=\"caption description\"> Liebesschw\u00fcre -oaths of love <\/div> <\/div> <\/div> <!-- close group --> <div class=\"gallery-group images-2\" style=\"width: 233px; height: 313px;\" data-original-width=\"233\" data-original-height=\"313\" > <div class=\"tiled-gallery-item tiled-gallery-item-small\" itemprop=\"associatedMedia\" itemscope itemtype=\"http:\/\/schema.org\/ImageObject\"> <a href=\"https:\/\/i0.wp.com\/www.taumelland.de\/wp-content\/uploads\/2016\/04\/westrand_baum1-5679.jpg?ssl=1\" border=\"0\" itemprop=\"url\" rel=\"lightbox[243]\"> <meta itemprop=\"width\" content=\"229\"> <meta itemprop=\"height\" content=\"153\"> <img decoding=\"async\" class=\"\" data-attachment-id=\"249\" data-orig-file=\"https:\/\/www.taumelland.de\/wp-content\/uploads\/2016\/04\/westrand_baum1-5679.jpg\" data-orig-size=\"970,647\" data-comments-opened=\"1\" data-image-meta=\"{&quot;aperture&quot;:&quot;0&quot;,&quot;credit&quot;:&quot;&quot;,&quot;camera&quot;:&quot;&quot;,&quot;caption&quot;:&quot;&quot;,&quot;created_timestamp&quot;:&quot;0&quot;,&quot;copyright&quot;:&quot;&quot;,&quot;focal_length&quot;:&quot;0&quot;,&quot;iso&quot;:&quot;0&quot;,&quot;shutter_speed&quot;:&quot;0&quot;,&quot;title&quot;:&quot;&quot;,&quot;orientation&quot;:&quot;0&quot;}\" data-image-title=\"Abbruch Kante\" data-image-description=\"\" data-medium-file=\"https:\/\/i0.wp.com\/www.taumelland.de\/wp-content\/uploads\/2016\/04\/westrand_baum1-5679.jpg?fit=300%2C200&#038;ssl=1\" data-large-file=\"https:\/\/i0.wp.com\/www.taumelland.de\/wp-content\/uploads\/2016\/04\/westrand_baum1-5679.jpg?fit=700%2C467&#038;ssl=1\" src=\"https:\/\/i0.wp.com\/www.taumelland.de\/wp-content\/uploads\/2016\/04\/westrand_baum1-5679.jpg?w=229&#038;h=153&#038;ssl=1\" srcset=\"https:\/\/i0.wp.com\/www.taumelland.de\/wp-content\/uploads\/2016\/04\/westrand_baum1-5679.jpg?w=970&amp;ssl=1 970w, https:\/\/i0.wp.com\/www.taumelland.de\/wp-content\/uploads\/2016\/04\/westrand_baum1-5679.jpg?resize=150%2C100&amp;ssl=1 150w, https:\/\/i0.wp.com\/www.taumelland.de\/wp-content\/uploads\/2016\/04\/westrand_baum1-5679.jpg?resize=300%2C200&amp;ssl=1 300w, https:\/\/i0.wp.com\/www.taumelland.de\/wp-content\/uploads\/2016\/04\/westrand_baum1-5679.jpg?resize=580%2C387&amp;ssl=1 580w, https:\/\/i0.wp.com\/www.taumelland.de\/wp-content\/uploads\/2016\/04\/westrand_baum1-5679.jpg?resize=800%2C534&amp;ssl=1 800w\" width=\"229\" height=\"153\" loading=\"lazy\" data-original-width=\"229\" data-original-height=\"153\" itemprop=\"http:\/\/schema.org\/image\" title=\"Abbruch Kante\" alt=\"Abbruchkante\" style=\"width: 229px; height: 153px;\" \/> <\/a> <div class=\"tiled-gallery-caption\" itemprop=\"caption description\"> Abbruchkante <\/div> <\/div> <div class=\"tiled-gallery-item tiled-gallery-item-small\" itemprop=\"associatedMedia\" itemscope itemtype=\"http:\/\/schema.org\/ImageObject\"> <a href=\"https:\/\/i0.wp.com\/www.taumelland.de\/wp-content\/uploads\/2016\/04\/weststrand1-5345.jpg?ssl=1\" border=\"0\" itemprop=\"url\" rel=\"lightbox[243]\"> <meta itemprop=\"width\" content=\"229\"> <meta itemprop=\"height\" content=\"152\"> <img decoding=\"async\" class=\"\" data-attachment-id=\"250\" data-orig-file=\"https:\/\/www.taumelland.de\/wp-content\/uploads\/2016\/04\/weststrand1-5345.jpg\" data-orig-size=\"970,647\" data-comments-opened=\"1\" data-image-meta=\"{&quot;aperture&quot;:&quot;0&quot;,&quot;credit&quot;:&quot;&quot;,&quot;camera&quot;:&quot;&quot;,&quot;caption&quot;:&quot;&quot;,&quot;created_timestamp&quot;:&quot;0&quot;,&quot;copyright&quot;:&quot;&quot;,&quot;focal_length&quot;:&quot;0&quot;,&quot;iso&quot;:&quot;0&quot;,&quot;shutter_speed&quot;:&quot;0&quot;,&quot;title&quot;:&quot;&quot;,&quot;orientation&quot;:&quot;0&quot;}\" data-image-title=\"Standspaziergang\" data-image-description=\"\" data-medium-file=\"https:\/\/i0.wp.com\/www.taumelland.de\/wp-content\/uploads\/2016\/04\/weststrand1-5345.jpg?fit=300%2C200&#038;ssl=1\" data-large-file=\"https:\/\/i0.wp.com\/www.taumelland.de\/wp-content\/uploads\/2016\/04\/weststrand1-5345.jpg?fit=700%2C467&#038;ssl=1\" src=\"https:\/\/i0.wp.com\/www.taumelland.de\/wp-content\/uploads\/2016\/04\/weststrand1-5345.jpg?w=229&#038;h=152&#038;ssl=1\" srcset=\"https:\/\/i0.wp.com\/www.taumelland.de\/wp-content\/uploads\/2016\/04\/weststrand1-5345.jpg?w=970&amp;ssl=1 970w, https:\/\/i0.wp.com\/www.taumelland.de\/wp-content\/uploads\/2016\/04\/weststrand1-5345.jpg?resize=150%2C100&amp;ssl=1 150w, https:\/\/i0.wp.com\/www.taumelland.de\/wp-content\/uploads\/2016\/04\/weststrand1-5345.jpg?resize=300%2C200&amp;ssl=1 300w, https:\/\/i0.wp.com\/www.taumelland.de\/wp-content\/uploads\/2016\/04\/weststrand1-5345.jpg?resize=580%2C387&amp;ssl=1 580w, https:\/\/i0.wp.com\/www.taumelland.de\/wp-content\/uploads\/2016\/04\/weststrand1-5345.jpg?resize=800%2C534&amp;ssl=1 800w\" width=\"229\" height=\"152\" loading=\"lazy\" data-original-width=\"229\" data-original-height=\"152\" itemprop=\"http:\/\/schema.org\/image\" title=\"Standspaziergang\" alt=\"Strandspaziergang\" style=\"width: 229px; height: 152px;\" \/> <\/a> <div class=\"tiled-gallery-caption\" itemprop=\"caption description\"> Strandspaziergang <\/div> <\/div> <\/div> <!-- close group --> <\/div> <!-- close row --> <div class=\"gallery-row\" style=\"width: 700px; height: 157px;\" data-original-width=\"700\" data-original-height=\"157\" > <div class=\"gallery-group images-1\" style=\"width: 234px; height: 157px;\" data-original-width=\"234\" data-original-height=\"157\" > <div class=\"tiled-gallery-item tiled-gallery-item-small\" itemprop=\"associatedMedia\" itemscope itemtype=\"http:\/\/schema.org\/ImageObject\"> <a href=\"https:\/\/i0.wp.com\/www.taumelland.de\/wp-content\/uploads\/2016\/04\/weststrand2-5328.jpg?ssl=1\" border=\"0\" itemprop=\"url\" rel=\"lightbox[243]\"> <meta itemprop=\"width\" content=\"230\"> <meta itemprop=\"height\" content=\"153\"> <img decoding=\"async\" class=\"\" data-attachment-id=\"251\" data-orig-file=\"https:\/\/www.taumelland.de\/wp-content\/uploads\/2016\/04\/weststrand2-5328.jpg\" data-orig-size=\"970,647\" data-comments-opened=\"1\" data-image-meta=\"{&quot;aperture&quot;:&quot;0&quot;,&quot;credit&quot;:&quot;&quot;,&quot;camera&quot;:&quot;&quot;,&quot;caption&quot;:&quot;&quot;,&quot;created_timestamp&quot;:&quot;0&quot;,&quot;copyright&quot;:&quot;&quot;,&quot;focal_length&quot;:&quot;0&quot;,&quot;iso&quot;:&quot;0&quot;,&quot;shutter_speed&quot;:&quot;0&quot;,&quot;title&quot;:&quot;&quot;,&quot;orientation&quot;:&quot;0&quot;}\" data-image-title=\"Weststrand\" data-image-description=\"\" data-medium-file=\"https:\/\/i0.wp.com\/www.taumelland.de\/wp-content\/uploads\/2016\/04\/weststrand2-5328.jpg?fit=300%2C200&#038;ssl=1\" data-large-file=\"https:\/\/i0.wp.com\/www.taumelland.de\/wp-content\/uploads\/2016\/04\/weststrand2-5328.jpg?fit=700%2C467&#038;ssl=1\" src=\"https:\/\/i0.wp.com\/www.taumelland.de\/wp-content\/uploads\/2016\/04\/weststrand2-5328.jpg?w=230&#038;h=153&#038;ssl=1\" srcset=\"https:\/\/i0.wp.com\/www.taumelland.de\/wp-content\/uploads\/2016\/04\/weststrand2-5328.jpg?w=970&amp;ssl=1 970w, https:\/\/i0.wp.com\/www.taumelland.de\/wp-content\/uploads\/2016\/04\/weststrand2-5328.jpg?resize=150%2C100&amp;ssl=1 150w, https:\/\/i0.wp.com\/www.taumelland.de\/wp-content\/uploads\/2016\/04\/weststrand2-5328.jpg?resize=300%2C200&amp;ssl=1 300w, https:\/\/i0.wp.com\/www.taumelland.de\/wp-content\/uploads\/2016\/04\/weststrand2-5328.jpg?resize=580%2C387&amp;ssl=1 580w, https:\/\/i0.wp.com\/www.taumelland.de\/wp-content\/uploads\/2016\/04\/weststrand2-5328.jpg?resize=800%2C534&amp;ssl=1 800w\" width=\"230\" height=\"153\" loading=\"lazy\" data-original-width=\"230\" data-original-height=\"153\" itemprop=\"http:\/\/schema.org\/image\" title=\"Weststrand\" alt=\"Wald und Strand\" style=\"width: 230px; height: 153px;\" \/> <\/a> <div class=\"tiled-gallery-caption\" itemprop=\"caption description\"> Wald und Strand <\/div> <\/div> <\/div> <!-- close group --> <div class=\"gallery-group images-1\" style=\"width: 233px; height: 157px;\" data-original-width=\"233\" data-original-height=\"157\" > <div class=\"tiled-gallery-item tiled-gallery-item-small\" itemprop=\"associatedMedia\" itemscope itemtype=\"http:\/\/schema.org\/ImageObject\"> <a href=\"https:\/\/i0.wp.com\/www.taumelland.de\/wp-content\/uploads\/2016\/04\/weststrand_baum-5303.jpg?ssl=1\" border=\"0\" itemprop=\"url\" rel=\"lightbox[243]\"> <meta itemprop=\"width\" content=\"229\"> <meta itemprop=\"height\" content=\"153\"> <img decoding=\"async\" class=\"\" data-attachment-id=\"252\" data-orig-file=\"https:\/\/www.taumelland.de\/wp-content\/uploads\/2016\/04\/weststrand_baum-5303.jpg\" data-orig-size=\"970,647\" data-comments-opened=\"1\" data-image-meta=\"{&quot;aperture&quot;:&quot;0&quot;,&quot;credit&quot;:&quot;&quot;,&quot;camera&quot;:&quot;&quot;,&quot;caption&quot;:&quot;&quot;,&quot;created_timestamp&quot;:&quot;0&quot;,&quot;copyright&quot;:&quot;&quot;,&quot;focal_length&quot;:&quot;0&quot;,&quot;iso&quot;:&quot;0&quot;,&quot;shutter_speed&quot;:&quot;0&quot;,&quot;title&quot;:&quot;&quot;,&quot;orientation&quot;:&quot;0&quot;}\" data-image-title=\"verwitterter Ast\" data-image-description=\"\" data-medium-file=\"https:\/\/i0.wp.com\/www.taumelland.de\/wp-content\/uploads\/2016\/04\/weststrand_baum-5303.jpg?fit=300%2C200&#038;ssl=1\" data-large-file=\"https:\/\/i0.wp.com\/www.taumelland.de\/wp-content\/uploads\/2016\/04\/weststrand_baum-5303.jpg?fit=700%2C467&#038;ssl=1\" src=\"https:\/\/i0.wp.com\/www.taumelland.de\/wp-content\/uploads\/2016\/04\/weststrand_baum-5303.jpg?w=229&#038;h=153&#038;ssl=1\" srcset=\"https:\/\/i0.wp.com\/www.taumelland.de\/wp-content\/uploads\/2016\/04\/weststrand_baum-5303.jpg?w=970&amp;ssl=1 970w, https:\/\/i0.wp.com\/www.taumelland.de\/wp-content\/uploads\/2016\/04\/weststrand_baum-5303.jpg?resize=150%2C100&amp;ssl=1 150w, https:\/\/i0.wp.com\/www.taumelland.de\/wp-content\/uploads\/2016\/04\/weststrand_baum-5303.jpg?resize=300%2C200&amp;ssl=1 300w, https:\/\/i0.wp.com\/www.taumelland.de\/wp-content\/uploads\/2016\/04\/weststrand_baum-5303.jpg?resize=580%2C387&amp;ssl=1 580w, https:\/\/i0.wp.com\/www.taumelland.de\/wp-content\/uploads\/2016\/04\/weststrand_baum-5303.jpg?resize=800%2C534&amp;ssl=1 800w\" width=\"229\" height=\"153\" loading=\"lazy\" data-original-width=\"229\" data-original-height=\"153\" itemprop=\"http:\/\/schema.org\/image\" title=\"verwitterter Ast\" alt=\"Verwitterter Ast\" style=\"width: 229px; height: 153px;\" \/> <\/a> <div class=\"tiled-gallery-caption\" itemprop=\"caption description\"> Verwitterter Ast <\/div> <\/div> <\/div> <!-- close group --> <div class=\"gallery-group images-1\" style=\"width: 233px; height: 157px;\" data-original-width=\"233\" data-original-height=\"157\" > <div class=\"tiled-gallery-item tiled-gallery-item-small\" itemprop=\"associatedMedia\" itemscope itemtype=\"http:\/\/schema.org\/ImageObject\"> <a href=\"https:\/\/i0.wp.com\/www.taumelland.de\/wp-content\/uploads\/2016\/04\/wurzelbaum-5194.jpg?ssl=1\" border=\"0\" itemprop=\"url\" rel=\"lightbox[243]\"> <meta itemprop=\"width\" content=\"229\"> <meta itemprop=\"height\" content=\"153\"> <img decoding=\"async\" class=\"\" data-attachment-id=\"253\" data-orig-file=\"https:\/\/www.taumelland.de\/wp-content\/uploads\/2016\/04\/wurzelbaum-5194.jpg\" data-orig-size=\"970,647\" data-comments-opened=\"1\" data-image-meta=\"{&quot;aperture&quot;:&quot;0&quot;,&quot;credit&quot;:&quot;&quot;,&quot;camera&quot;:&quot;&quot;,&quot;caption&quot;:&quot;&quot;,&quot;created_timestamp&quot;:&quot;0&quot;,&quot;copyright&quot;:&quot;&quot;,&quot;focal_length&quot;:&quot;0&quot;,&quot;iso&quot;:&quot;0&quot;,&quot;shutter_speed&quot;:&quot;0&quot;,&quot;title&quot;:&quot;&quot;,&quot;orientation&quot;:&quot;0&quot;}\" data-image-title=\"wurzelkiefer\" data-image-description=\"\" data-medium-file=\"https:\/\/i0.wp.com\/www.taumelland.de\/wp-content\/uploads\/2016\/04\/wurzelbaum-5194.jpg?fit=300%2C200&#038;ssl=1\" data-large-file=\"https:\/\/i0.wp.com\/www.taumelland.de\/wp-content\/uploads\/2016\/04\/wurzelbaum-5194.jpg?fit=700%2C467&#038;ssl=1\" src=\"https:\/\/i0.wp.com\/www.taumelland.de\/wp-content\/uploads\/2016\/04\/wurzelbaum-5194.jpg?w=229&#038;h=153&#038;ssl=1\" srcset=\"https:\/\/i0.wp.com\/www.taumelland.de\/wp-content\/uploads\/2016\/04\/wurzelbaum-5194.jpg?w=970&amp;ssl=1 970w, https:\/\/i0.wp.com\/www.taumelland.de\/wp-content\/uploads\/2016\/04\/wurzelbaum-5194.jpg?resize=150%2C100&amp;ssl=1 150w, https:\/\/i0.wp.com\/www.taumelland.de\/wp-content\/uploads\/2016\/04\/wurzelbaum-5194.jpg?resize=300%2C200&amp;ssl=1 300w, https:\/\/i0.wp.com\/www.taumelland.de\/wp-content\/uploads\/2016\/04\/wurzelbaum-5194.jpg?resize=580%2C387&amp;ssl=1 580w, https:\/\/i0.wp.com\/www.taumelland.de\/wp-content\/uploads\/2016\/04\/wurzelbaum-5194.jpg?resize=800%2C534&amp;ssl=1 800w\" width=\"229\" height=\"153\" loading=\"lazy\" data-original-width=\"229\" data-original-height=\"153\" itemprop=\"http:\/\/schema.org\/image\" title=\"wurzelkiefer\" alt=\"Baumskulptur\" style=\"width: 229px; height: 153px;\" \/> <\/a> <div class=\"tiled-gallery-caption\" itemprop=\"caption description\"> Baumskulptur <\/div> <\/div> <\/div> <!-- close group --> <\/div> <!-- close row --> <\/div>\n<p>Serie in 6 Bildern, Dar\u00dfer Weststrand, Fischland-Dar\u00df-Zingst, April 2016<\/p>\n<p>Hat ein Strand in einem Blog \u00fcber Waldeinsamkeit etwas verloren?<br \/>\nDer urspr\u00fcngliche, 13 Kilometer lange, Dar\u00dfer Weststrand schon!<br \/>\nQuer \u00fcber ihn verteilt liegen die B\u00e4ume des Darss Waldes, die durch die str\u00f6mungsbedingte, nat\u00fcrliche Abtragung des Landes durch die Ostsee im wahrsten Sinne des Wortes den Halt verloren haben.<br \/>\nDas geschieht vorwiegend w\u00e4hrend der Wintermonate, die Baumwurzeln finden nicht mehr gen\u00fcgend Halt um den dann tobenden St\u00fcrmen etwas entgegensetzen zu k\u00f6nnen und schlie\u00dflich st\u00fcrzt der Baum \u00fcber das Ufer.<br \/>\nAn den Gestaden der Ostsee verwittern die Gefallenen dann im Laufe der Jahre und Jahrzehnte bis sie endg\u00fcltig von der Ostsee verschluckt werden.<br \/>\nDem melancholischen Charme dieses Kleinodes ist taumelland.de nat\u00fcrlich sofort erlegen und wird den Weststrand in mehreren Beitr\u00e4gen huldigen. Schlie\u00dflich ist das hier ja ein Romantik Blog!<br \/>\nDer Dar\u00dfer Weststrand geh\u00f6rt zum <a href=\"http:\/\/www.nationalpark-vorpommersche-boddenlandschaft.de\/vbl\/index.php\" target=\"_blank\">Nationalpark Vorpommersche Bodenlandschaftlandschaft<\/a>\u00a0 liegt auf <a href=\"https:\/\/de.wikipedia.org\/wiki\/Fischland-Dar%C3%9F-Zingst\" target=\"_blank\">Fischland-Dar\u00df-Zingst<\/a> und ist nur mit dem Fahrrad oder zu Fu\u00df zu erreichen.<br \/>\nEin Spaziergang dort lohnt sich w\u00e4hrend jeder Jahreszeit, wobei im Sommer w\u00e4hrend der Badesaison wohl schon einiges los ist. Daf\u00fcr kann man dann aber auch an einem Naturstrand ungest\u00f6rt baden und wenn das Wetter mitspielt wild- romantische Sonnenunterg\u00e4nge erleben.<\/p>\n<p>Angeblich kann man hier auch besonders gut Bernstein finden, aber zumindest uns ist das nicht gelungen.<br \/>\nNaja, das Gold der Ostsee scheint halt w\u00e4hlerisch zu sein und l\u00e4sst sich nicht von jedem aufsp\u00fcren. Zum Trost haben wir wenigstens ein paar <a href=\"https:\/\/de.wikipedia.org\/wiki\/H%C3%BChnergott\" target=\"_blank\">H\u00fchnerg\u00f6tter<\/a> erbeuten k\u00f6nnen.<br \/>\nAlle die den Wald und das Meer lieben, sei der Dar\u00dfer Weststrand w\u00e4rmstens ans Herz gelegt, kommt und schwelgt! \u00a0\u2013 aber vielleicht nicht ganz so zahlreich! \ud83d\ude42<br \/>\n\u00dcbrigens wurde er von arte unter die 20 sch\u00f6nsten Str\u00e4nde der Welt gew\u00e4hlt.<\/p>\n","protected":false},"excerpt":{"rendered":"<p>Serie in 6 Bildern, Dar\u00dfer Weststrand, Fischland-Dar\u00df-Zingst, April 2016 Hat ein Strand in einem Blog \u00fcber Waldeinsamkeit etwas verloren? Der urspr\u00fcngliche, 13 Kilometer lange, Dar\u00dfer Weststrand schon! Quer \u00fcber ihn verteilt liegen die B\u00e4ume des Darss Waldes, die durch die str\u00f6mungsbedingte, nat\u00fcrliche Abtragung des Landes&hellip;<\/p>\n","protected":false},"author":1,"featured_media":248,"comment_status":"open","ping_status":"open","sticky":false,"template":"","format":"standard","meta":{"_themeisle_gutenberg_block_has_review":false,"jetpack_post_was_ever_published":false,"_jetpack_newsletter_access":"","_jetpack_dont_email_post_to_subs":false,"_jetpack_newsletter_tier_id":0,"_jetpack_memberships_contains_paywalled_content":false,"_jetpack_memberships_contains_paid_content":false,"footnotes":"","jetpack_publicize_message":"","jetpack_publicize_feature_enabled":true,"jetpack_social_post_already_shared":true,"jetpack_social_options":{"image_generator_settings":{"template":"highway","default_image_id":0,"font":"","enabled":false},"version":2}},"categories":[19,47],"tags":[8,23,75,28,67],"class_list":["post-243","post","type-post","status-publish","format-standard","has-post-thumbnail","hentry","category-baeume","category-waldeinsamkeit","tag-nationalpark","tag-ruinen","tag-strand","tag-totholz","tag-weststrand"],"yoast_head":"<!-- This site is optimized with the Yoast SEO plugin v27.5 - https:\/\/yoast.com\/product\/yoast-seo-wordpress\/ -->\n<title>Dar\u00dfer Weststrand #1 - taumelland.de<\/title>\n<meta name=\"description\" content=\"Dar\u00dfer Weststrand, Darss Wald, Ostsee, Fischland-Dar\u00df-Zingst, Nationalpark vorpommersche Bodenlandschaft, Strand, Bernstein\" \/>\n<meta name=\"robots\" content=\"index, follow, max-snippet:-1, max-image-preview:large, max-video-preview:-1\" \/>\n<link rel=\"canonical\" href=\"https:\/\/www.taumelland.de\/index.php\/2016\/04\/28\/darsser-weststrand-1\/\" \/>\n<meta property=\"og:locale\" content=\"de_DE\" \/>\n<meta property=\"og:type\" content=\"article\" \/>\n<meta property=\"og:title\" content=\"Dar\u00dfer Weststrand #1 - taumelland.de\" \/>\n<meta property=\"og:description\" content=\"Dar\u00dfer Weststrand, Darss Wald, Ostsee, Fischland-Dar\u00df-Zingst, Nationalpark vorpommersche Bodenlandschaft, Strand, Bernstein\" \/>\n<meta property=\"og:url\" content=\"https:\/\/www.taumelland.de\/index.php\/2016\/04\/28\/darsser-weststrand-1\/\" \/>\n<meta property=\"og:site_name\" content=\"taumelland.de\" \/>\n<meta property=\"article:published_time\" content=\"2016-04-28T21:22:22+00:00\" \/>\n<meta property=\"article:modified_time\" content=\"2016-04-28T21:47:21+00:00\" \/>\n<meta property=\"og:image\" content=\"https:\/\/www.taumelland.de\/wp-content\/uploads\/2016\/04\/seascape_baum3-5661.jpg\" \/>\n\t<meta property=\"og:image:width\" content=\"970\" \/>\n\t<meta property=\"og:image:height\" content=\"647\" \/>\n\t<meta property=\"og:image:type\" content=\"image\/jpeg\" \/>\n<meta name=\"author\" content=\"Mbolee\" \/>\n<meta name=\"twitter:card\" content=\"summary_large_image\" \/>\n<meta name=\"twitter:label1\" content=\"Verfasst von\" \/>\n\t<meta name=\"twitter:data1\" content=\"Mbolee\" \/>\n\t<meta name=\"twitter:label2\" content=\"Gesch\u00e4tzte Lesezeit\" \/>\n\t<meta name=\"twitter:data2\" content=\"2\u00a0Minuten\" \/>\n<script type=\"application\/ld+json\" class=\"yoast-schema-graph\">{\"@context\":\"https:\\\/\\\/schema.org\",\"@graph\":[{\"@type\":\"Article\",\"@id\":\"https:\\\/\\\/www.taumelland.de\\\/index.php\\\/2016\\\/04\\\/28\\\/darsser-weststrand-1\\\/#article\",\"isPartOf\":{\"@id\":\"https:\\\/\\\/www.taumelland.de\\\/index.php\\\/2016\\\/04\\\/28\\\/darsser-weststrand-1\\\/\"},\"author\":{\"name\":\"Mbolee\",\"@id\":\"https:\\\/\\\/www.taumelland.de\\\/#\\\/schema\\\/person\\\/7c3bfb4fefffd1a6bd38e8c18f296dbf\"},\"headline\":\"Dar\u00dfer Weststrand #1\",\"datePublished\":\"2016-04-28T21:22:22+00:00\",\"dateModified\":\"2016-04-28T21:47:21+00:00\",\"mainEntityOfPage\":{\"@id\":\"https:\\\/\\\/www.taumelland.de\\\/index.php\\\/2016\\\/04\\\/28\\\/darsser-weststrand-1\\\/\"},\"wordCount\":321,\"commentCount\":3,\"publisher\":{\"@id\":\"https:\\\/\\\/www.taumelland.de\\\/#\\\/schema\\\/person\\\/d408cfcd33462b0f8d9e9356cfef1aab\"},\"image\":{\"@id\":\"https:\\\/\\\/www.taumelland.de\\\/index.php\\\/2016\\\/04\\\/28\\\/darsser-weststrand-1\\\/#primaryimage\"},\"thumbnailUrl\":\"https:\\\/\\\/i0.wp.com\\\/www.taumelland.de\\\/wp-content\\\/uploads\\\/2016\\\/04\\\/seascape_baum3-5661.jpg?fit=970%2C647&ssl=1\",\"keywords\":[\"Nationalpark\",\"Ruinen\",\"Strand\",\"Totholz\",\"Weststrand\"],\"articleSection\":[\"B\u00e4ume\",\"Waldeinsamkeit\"],\"inLanguage\":\"de\",\"potentialAction\":[{\"@type\":\"CommentAction\",\"name\":\"Comment\",\"target\":[\"https:\\\/\\\/www.taumelland.de\\\/index.php\\\/2016\\\/04\\\/28\\\/darsser-weststrand-1\\\/#respond\"]}]},{\"@type\":\"WebPage\",\"@id\":\"https:\\\/\\\/www.taumelland.de\\\/index.php\\\/2016\\\/04\\\/28\\\/darsser-weststrand-1\\\/\",\"url\":\"https:\\\/\\\/www.taumelland.de\\\/index.php\\\/2016\\\/04\\\/28\\\/darsser-weststrand-1\\\/\",\"name\":\"Dar\u00dfer Weststrand #1 - taumelland.de\",\"isPartOf\":{\"@id\":\"https:\\\/\\\/www.taumelland.de\\\/#website\"},\"primaryImageOfPage\":{\"@id\":\"https:\\\/\\\/www.taumelland.de\\\/index.php\\\/2016\\\/04\\\/28\\\/darsser-weststrand-1\\\/#primaryimage\"},\"image\":{\"@id\":\"https:\\\/\\\/www.taumelland.de\\\/index.php\\\/2016\\\/04\\\/28\\\/darsser-weststrand-1\\\/#primaryimage\"},\"thumbnailUrl\":\"https:\\\/\\\/i0.wp.com\\\/www.taumelland.de\\\/wp-content\\\/uploads\\\/2016\\\/04\\\/seascape_baum3-5661.jpg?fit=970%2C647&ssl=1\",\"datePublished\":\"2016-04-28T21:22:22+00:00\",\"dateModified\":\"2016-04-28T21:47:21+00:00\",\"description\":\"Dar\u00dfer Weststrand, Darss Wald, Ostsee, Fischland-Dar\u00df-Zingst, Nationalpark vorpommersche Bodenlandschaft, Strand, Bernstein\",\"breadcrumb\":{\"@id\":\"https:\\\/\\\/www.taumelland.de\\\/index.php\\\/2016\\\/04\\\/28\\\/darsser-weststrand-1\\\/#breadcrumb\"},\"inLanguage\":\"de\",\"potentialAction\":[{\"@type\":\"ReadAction\",\"target\":[\"https:\\\/\\\/www.taumelland.de\\\/index.php\\\/2016\\\/04\\\/28\\\/darsser-weststrand-1\\\/\"]}]},{\"@type\":\"ImageObject\",\"inLanguage\":\"de\",\"@id\":\"https:\\\/\\\/www.taumelland.de\\\/index.php\\\/2016\\\/04\\\/28\\\/darsser-weststrand-1\\\/#primaryimage\",\"url\":\"https:\\\/\\\/i0.wp.com\\\/www.taumelland.de\\\/wp-content\\\/uploads\\\/2016\\\/04\\\/seascape_baum3-5661.jpg?fit=970%2C647&ssl=1\",\"contentUrl\":\"https:\\\/\\\/i0.wp.com\\\/www.taumelland.de\\\/wp-content\\\/uploads\\\/2016\\\/04\\\/seascape_baum3-5661.jpg?fit=970%2C647&ssl=1\",\"width\":970,\"height\":647,\"caption\":\"Liebesschw\u00fcre -oaths of love\"},{\"@type\":\"BreadcrumbList\",\"@id\":\"https:\\\/\\\/www.taumelland.de\\\/index.php\\\/2016\\\/04\\\/28\\\/darsser-weststrand-1\\\/#breadcrumb\",\"itemListElement\":[{\"@type\":\"ListItem\",\"position\":1,\"name\":\"Home\",\"item\":\"https:\\\/\\\/www.taumelland.de\\\/\"},{\"@type\":\"ListItem\",\"position\":2,\"name\":\"Dar\u00dfer Weststrand #1\"}]},{\"@type\":\"WebSite\",\"@id\":\"https:\\\/\\\/www.taumelland.de\\\/#website\",\"url\":\"https:\\\/\\\/www.taumelland.de\\\/\",\"name\":\"taumelland.de\",\"description\":\"der romantische Fotoblog\",\"publisher\":{\"@id\":\"https:\\\/\\\/www.taumelland.de\\\/#\\\/schema\\\/person\\\/d408cfcd33462b0f8d9e9356cfef1aab\"},\"potentialAction\":[{\"@type\":\"SearchAction\",\"target\":{\"@type\":\"EntryPoint\",\"urlTemplate\":\"https:\\\/\\\/www.taumelland.de\\\/?s={search_term_string}\"},\"query-input\":{\"@type\":\"PropertyValueSpecification\",\"valueRequired\":true,\"valueName\":\"search_term_string\"}}],\"inLanguage\":\"de\"},{\"@type\":[\"Person\",\"Organization\"],\"@id\":\"https:\\\/\\\/www.taumelland.de\\\/#\\\/schema\\\/person\\\/d408cfcd33462b0f8d9e9356cfef1aab\",\"name\":\"Marcus Bohl\",\"image\":{\"@type\":\"ImageObject\",\"inLanguage\":\"de\",\"@id\":\"https:\\\/\\\/i0.wp.com\\\/www.taumelland.de\\\/wp-content\\\/uploads\\\/2022\\\/04\\\/rosa3.jpg?fit=960%2C639&ssl=1\",\"url\":\"https:\\\/\\\/i0.wp.com\\\/www.taumelland.de\\\/wp-content\\\/uploads\\\/2022\\\/04\\\/rosa3.jpg?fit=960%2C639&ssl=1\",\"contentUrl\":\"https:\\\/\\\/i0.wp.com\\\/www.taumelland.de\\\/wp-content\\\/uploads\\\/2022\\\/04\\\/rosa3.jpg?fit=960%2C639&ssl=1\",\"width\":960,\"height\":639,\"caption\":\"Marcus Bohl\"},\"logo\":{\"@id\":\"https:\\\/\\\/i0.wp.com\\\/www.taumelland.de\\\/wp-content\\\/uploads\\\/2022\\\/04\\\/rosa3.jpg?fit=960%2C639&ssl=1\"},\"sameAs\":[\"https:\\\/\\\/www.instagram.com\\\/taumelland\\\/?hl=de\"]},{\"@type\":\"Person\",\"@id\":\"https:\\\/\\\/www.taumelland.de\\\/#\\\/schema\\\/person\\\/7c3bfb4fefffd1a6bd38e8c18f296dbf\",\"name\":\"Mbolee\",\"sameAs\":[\"http:\\\/\\\/taumelland.de\"],\"url\":\"https:\\\/\\\/www.taumelland.de\\\/index.php\\\/author\\\/mbolee\\\/\"}]}<\/script>\n<!-- \/ Yoast SEO plugin. -->","yoast_head_json":{"title":"Dar\u00dfer Weststrand #1 - taumelland.de","description":"Dar\u00dfer Weststrand, Darss Wald, Ostsee, Fischland-Dar\u00df-Zingst, Nationalpark vorpommersche Bodenlandschaft, Strand, Bernstein","robots":{"index":"index","follow":"follow","max-snippet":"max-snippet:-1","max-image-preview":"max-image-preview:large","max-video-preview":"max-video-preview:-1"},"canonical":"https:\/\/www.taumelland.de\/index.php\/2016\/04\/28\/darsser-weststrand-1\/","og_locale":"de_DE","og_type":"article","og_title":"Dar\u00dfer Weststrand #1 - taumelland.de","og_description":"Dar\u00dfer Weststrand, Darss Wald, Ostsee, Fischland-Dar\u00df-Zingst, Nationalpark vorpommersche Bodenlandschaft, Strand, Bernstein","og_url":"https:\/\/www.taumelland.de\/index.php\/2016\/04\/28\/darsser-weststrand-1\/","og_site_name":"taumelland.de","article_published_time":"2016-04-28T21:22:22+00:00","article_modified_time":"2016-04-28T21:47:21+00:00","og_image":[{"width":970,"height":647,"url":"https:\/\/www.taumelland.de\/wp-content\/uploads\/2016\/04\/seascape_baum3-5661.jpg","type":"image\/jpeg"}],"author":"Mbolee","twitter_card":"summary_large_image","twitter_misc":{"Verfasst von":"Mbolee","Gesch\u00e4tzte Lesezeit":"2\u00a0Minuten"},"schema":{"@context":"https:\/\/schema.org","@graph":[{"@type":"Article","@id":"https:\/\/www.taumelland.de\/index.php\/2016\/04\/28\/darsser-weststrand-1\/#article","isPartOf":{"@id":"https:\/\/www.taumelland.de\/index.php\/2016\/04\/28\/darsser-weststrand-1\/"},"author":{"name":"Mbolee","@id":"https:\/\/www.taumelland.de\/#\/schema\/person\/7c3bfb4fefffd1a6bd38e8c18f296dbf"},"headline":"Dar\u00dfer Weststrand #1","datePublished":"2016-04-28T21:22:22+00:00","dateModified":"2016-04-28T21:47:21+00:00","mainEntityOfPage":{"@id":"https:\/\/www.taumelland.de\/index.php\/2016\/04\/28\/darsser-weststrand-1\/"},"wordCount":321,"commentCount":3,"publisher":{"@id":"https:\/\/www.taumelland.de\/#\/schema\/person\/d408cfcd33462b0f8d9e9356cfef1aab"},"image":{"@id":"https:\/\/www.taumelland.de\/index.php\/2016\/04\/28\/darsser-weststrand-1\/#primaryimage"},"thumbnailUrl":"https:\/\/i0.wp.com\/www.taumelland.de\/wp-content\/uploads\/2016\/04\/seascape_baum3-5661.jpg?fit=970%2C647&ssl=1","keywords":["Nationalpark","Ruinen","Strand","Totholz","Weststrand"],"articleSection":["B\u00e4ume","Waldeinsamkeit"],"inLanguage":"de","potentialAction":[{"@type":"CommentAction","name":"Comment","target":["https:\/\/www.taumelland.de\/index.php\/2016\/04\/28\/darsser-weststrand-1\/#respond"]}]},{"@type":"WebPage","@id":"https:\/\/www.taumelland.de\/index.php\/2016\/04\/28\/darsser-weststrand-1\/","url":"https:\/\/www.taumelland.de\/index.php\/2016\/04\/28\/darsser-weststrand-1\/","name":"Dar\u00dfer Weststrand #1 - taumelland.de","isPartOf":{"@id":"https:\/\/www.taumelland.de\/#website"},"primaryImageOfPage":{"@id":"https:\/\/www.taumelland.de\/index.php\/2016\/04\/28\/darsser-weststrand-1\/#primaryimage"},"image":{"@id":"https:\/\/www.taumelland.de\/index.php\/2016\/04\/28\/darsser-weststrand-1\/#primaryimage"},"thumbnailUrl":"https:\/\/i0.wp.com\/www.taumelland.de\/wp-content\/uploads\/2016\/04\/seascape_baum3-5661.jpg?fit=970%2C647&ssl=1","datePublished":"2016-04-28T21:22:22+00:00","dateModified":"2016-04-28T21:47:21+00:00","description":"Dar\u00dfer Weststrand, Darss Wald, Ostsee, Fischland-Dar\u00df-Zingst, Nationalpark vorpommersche Bodenlandschaft, Strand, Bernstein","breadcrumb":{"@id":"https:\/\/www.taumelland.de\/index.php\/2016\/04\/28\/darsser-weststrand-1\/#breadcrumb"},"inLanguage":"de","potentialAction":[{"@type":"ReadAction","target":["https:\/\/www.taumelland.de\/index.php\/2016\/04\/28\/darsser-weststrand-1\/"]}]},{"@type":"ImageObject","inLanguage":"de","@id":"https:\/\/www.taumelland.de\/index.php\/2016\/04\/28\/darsser-weststrand-1\/#primaryimage","url":"https:\/\/i0.wp.com\/www.taumelland.de\/wp-content\/uploads\/2016\/04\/seascape_baum3-5661.jpg?fit=970%2C647&ssl=1","contentUrl":"https:\/\/i0.wp.com\/www.taumelland.de\/wp-content\/uploads\/2016\/04\/seascape_baum3-5661.jpg?fit=970%2C647&ssl=1","width":970,"height":647,"caption":"Liebesschw\u00fcre -oaths of love"},{"@type":"BreadcrumbList","@id":"https:\/\/www.taumelland.de\/index.php\/2016\/04\/28\/darsser-weststrand-1\/#breadcrumb","itemListElement":[{"@type":"ListItem","position":1,"name":"Home","item":"https:\/\/www.taumelland.de\/"},{"@type":"ListItem","position":2,"name":"Dar\u00dfer Weststrand #1"}]},{"@type":"WebSite","@id":"https:\/\/www.taumelland.de\/#website","url":"https:\/\/www.taumelland.de\/","name":"taumelland.de","description":"der romantische Fotoblog","publisher":{"@id":"https:\/\/www.taumelland.de\/#\/schema\/person\/d408cfcd33462b0f8d9e9356cfef1aab"},"potentialAction":[{"@type":"SearchAction","target":{"@type":"EntryPoint","urlTemplate":"https:\/\/www.taumelland.de\/?s={search_term_string}"},"query-input":{"@type":"PropertyValueSpecification","valueRequired":true,"valueName":"search_term_string"}}],"inLanguage":"de"},{"@type":["Person","Organization"],"@id":"https:\/\/www.taumelland.de\/#\/schema\/person\/d408cfcd33462b0f8d9e9356cfef1aab","name":"Marcus Bohl","image":{"@type":"ImageObject","inLanguage":"de","@id":"https:\/\/i0.wp.com\/www.taumelland.de\/wp-content\/uploads\/2022\/04\/rosa3.jpg?fit=960%2C639&ssl=1","url":"https:\/\/i0.wp.com\/www.taumelland.de\/wp-content\/uploads\/2022\/04\/rosa3.jpg?fit=960%2C639&ssl=1","contentUrl":"https:\/\/i0.wp.com\/www.taumelland.de\/wp-content\/uploads\/2022\/04\/rosa3.jpg?fit=960%2C639&ssl=1","width":960,"height":639,"caption":"Marcus Bohl"},"logo":{"@id":"https:\/\/i0.wp.com\/www.taumelland.de\/wp-content\/uploads\/2022\/04\/rosa3.jpg?fit=960%2C639&ssl=1"},"sameAs":["https:\/\/www.instagram.com\/taumelland\/?hl=de"]},{"@type":"Person","@id":"https:\/\/www.taumelland.de\/#\/schema\/person\/7c3bfb4fefffd1a6bd38e8c18f296dbf","name":"Mbolee","sameAs":["http:\/\/taumelland.de"],"url":"https:\/\/www.taumelland.de\/index.php\/author\/mbolee\/"}]}},"jetpack_publicize_connections":[],"jetpack_featured_media_url":"https:\/\/i0.wp.com\/www.taumelland.de\/wp-content\/uploads\/2016\/04\/seascape_baum3-5661.jpg?fit=970%2C647&ssl=1","jetpack_sharing_enabled":true,"jetpack_shortlink":"https:\/\/wp.me\/p77Evr-3V","jetpack-related-posts":[],"_links":{"self":[{"href":"https:\/\/www.taumelland.de\/index.php\/wp-json\/wp\/v2\/posts\/243","targetHints":{"allow":["GET"]}}],"collection":[{"href":"https:\/\/www.taumelland.de\/index.php\/wp-json\/wp\/v2\/posts"}],"about":[{"href":"https:\/\/www.taumelland.de\/index.php\/wp-json\/wp\/v2\/types\/post"}],"author":[{"embeddable":true,"href":"https:\/\/www.taumelland.de\/index.php\/wp-json\/wp\/v2\/users\/1"}],"replies":[{"embeddable":true,"href":"https:\/\/www.taumelland.de\/index.php\/wp-json\/wp\/v2\/comments?post=243"}],"version-history":[{"count":8,"href":"https:\/\/www.taumelland.de\/index.php\/wp-json\/wp\/v2\/posts\/243\/revisions"}],"predecessor-version":[{"id":257,"href":"https:\/\/www.taumelland.de\/index.php\/wp-json\/wp\/v2\/posts\/243\/revisions\/257"}],"wp:featuredmedia":[{"embeddable":true,"href":"https:\/\/www.taumelland.de\/index.php\/wp-json\/wp\/v2\/media\/248"}],"wp:attachment":[{"href":"https:\/\/www.taumelland.de\/index.php\/wp-json\/wp\/v2\/media?parent=243"}],"wp:term":[{"taxonomy":"category","embeddable":true,"href":"https:\/\/www.taumelland.de\/index.php\/wp-json\/wp\/v2\/categories?post=243"},{"taxonomy":"post_tag","embeddable":true,"href":"https:\/\/www.taumelland.de\/index.php\/wp-json\/wp\/v2\/tags?post=243"}],"curies":[{"name":"wp","href":"https:\/\/api.w.org\/{rel}","templated":true}]}}