{"id":2349,"date":"2020-09-06T15:36:52","date_gmt":"2020-09-06T13:36:52","guid":{"rendered":"https:\/\/www.taumelland.de\/?p=2349"},"modified":"2020-09-06T16:56:10","modified_gmt":"2020-09-06T14:56:10","slug":"organ2aslsp","status":"publish","type":"post","link":"https:\/\/www.taumelland.de\/index.php\/2020\/09\/06\/organ2aslsp\/","title":{"rendered":"ORGAN2 ASLSP"},"content":{"rendered":"<blockquote class=\"wp-block-quote\">\n<p>Come gather &#8218;round, people<br>Wherever you roam<br>And admit that the waters<br>Around you have grown<br>And accept it that soon<br>You&#8217;ll be drenched to the bone<br>If your time to you is worth savin&#8216;<br>And you better start swimmin&#8216;<br>Or you&#8217;ll sink like a stone<br>For the times they are a-changin&#8216;<br>( &#8230; )<\/p>\n<\/blockquote>\n<p>Wie auch im Folgendem: <em>The Times They Are a-Changin\u2019, Bob Dylan, The Times They Are a-Changin\u2019, 1964<\/em><\/p>\n\n\n<p>Seit dem Jahr 2000\/1 wird in Halberstadt das Musikst\u00fcck ORGAN\u00b2\/ASLSP ( as slow as possible) aufgef\u00fchrt (Weblink siehe unten). Urspr\u00fcnglich von John Cage f\u00fcr Klavier komponiert worden, schrieb er es 1987 f\u00fcr den Organisten Gerd Zacher f\u00fcr Orgel um. Die Urauff\u00fchrung&nbsp; des St\u00fcckes 1989 dauerte dann 29 Minuten.<br>Die Tempovorschrift \u201eas slow as possible\u201c warf aber augenscheinlich auch generell die Frage auf, wie lange eine ad\u00e4quate &nbsp;Auff\u00fchrungsdauer der achtseitgen Partitur von ORGAN\u00b2\/ASLSP sein k\u00f6nnte.<br>F\u00fcr die Auff\u00fchrung in Halberstadt entschied man sich f\u00fcr eine Auff\u00fchrungsdauer von 639 Jahren!<br>Das entspricht der zu erwarteten Lebensdauer der auff\u00fchrenden Orgel. Das Konzept leuchtet unmittelbar ein: wenn das Instrument kaputt geht, kommt die Auff\u00fchrung von selbst zum Stillstand. Au\u00dferdem wurde in Halberstadt 1361 die erste \u201emoderne\u201c Orgel in Betrieb genommen. Es war die erste Orgel mit einer 12 t\u00f6nigen Klaviatur. Dieses Schema ist bis heute \u00fcblich. &nbsp;Somit stand &#8211; &nbsp;laut John Cage \u2013 die Wiege der modernen Musik in Halberstadt.<\/p>\n\n\n\n<p><\/p>\n\n\n\n<div class=\"wp-block-image\"><figure class=\"aligncenter size-large\"><a href=\"https:\/\/i0.wp.com\/www.taumelland.de\/wp-content\/uploads\/2020\/09\/Organ2Aslsp_3-7567-1.jpg?ssl=1\" rel=\"lightbox[2349]\"><img data-recalc-dims=\"1\" loading=\"lazy\" decoding=\"async\" width=\"700\" height=\"466\" data-attachment-id=\"2354\" data-permalink=\"https:\/\/www.taumelland.de\/index.php\/2020\/09\/06\/organ2aslsp\/organ2aslsp_3-7567-1\/\" data-orig-file=\"https:\/\/i0.wp.com\/www.taumelland.de\/wp-content\/uploads\/2020\/09\/Organ2Aslsp_3-7567-1.jpg?fit=800%2C533&amp;ssl=1\" data-orig-size=\"800,533\" data-comments-opened=\"1\" data-image-meta=\"{&quot;aperture&quot;:&quot;0&quot;,&quot;credit&quot;:&quot;&quot;,&quot;camera&quot;:&quot;&quot;,&quot;caption&quot;:&quot;&quot;,&quot;created_timestamp&quot;:&quot;0&quot;,&quot;copyright&quot;:&quot;&quot;,&quot;focal_length&quot;:&quot;0&quot;,&quot;iso&quot;:&quot;0&quot;,&quot;shutter_speed&quot;:&quot;0&quot;,&quot;title&quot;:&quot;&quot;,&quot;orientation&quot;:&quot;0&quot;}\" data-image-title=\"Organ2Aslsp_3-7567-1\" data-image-description=\"\" data-image-caption=\"\" data-large-file=\"https:\/\/i0.wp.com\/www.taumelland.de\/wp-content\/uploads\/2020\/09\/Organ2Aslsp_3-7567-1.jpg?fit=700%2C466&amp;ssl=1\" src=\"https:\/\/i0.wp.com\/www.taumelland.de\/wp-content\/uploads\/2020\/09\/Organ2Aslsp_3-7567-1.jpg?resize=700%2C466&#038;ssl=1\" alt=\"\" class=\"wp-image-2354\" srcset=\"https:\/\/i0.wp.com\/www.taumelland.de\/wp-content\/uploads\/2020\/09\/Organ2Aslsp_3-7567-1.jpg?w=800&amp;ssl=1 800w, https:\/\/i0.wp.com\/www.taumelland.de\/wp-content\/uploads\/2020\/09\/Organ2Aslsp_3-7567-1.jpg?resize=300%2C200&amp;ssl=1 300w, https:\/\/i0.wp.com\/www.taumelland.de\/wp-content\/uploads\/2020\/09\/Organ2Aslsp_3-7567-1.jpg?resize=150%2C100&amp;ssl=1 150w, https:\/\/i0.wp.com\/www.taumelland.de\/wp-content\/uploads\/2020\/09\/Organ2Aslsp_3-7567-1.jpg?resize=580%2C386&amp;ssl=1 580w\" sizes=\"auto, (max-width: 700px) 100vw, 700px\" \/><\/a><figcaption>ORGAN\u00b2\/ASLSP: 5 Aufnahmen, Halberstadt, Mai 2019 &#8211; Sankt Burchardi -Kirche <\/figcaption><\/figure><\/div>\n\n\n\n<p>Ich besuchte die Auff\u00fchrung 2019 w\u00e4hrend meiner Harzreise. Auff\u00fchrungsort in Halberstadt ist die Sankt Burchardi -Kirche. &nbsp;Die eine wechselvolle Geschichte hinter sich hatte, bevor sie zum Auff\u00fchrungsort von ORGAN\u00b2\/ASLSP wurde.&nbsp; Erbaut wurde sie um 1050 und geh\u00f6rte zu einem Zisterzienserkloster. Jerome Bonaparte s\u00e4kularisierte sie im Jahr 1810. &nbsp;In den folgenden 190 Jahren &nbsp;diente sie als Scheune, Lagerschuppen,&nbsp; Schweinestall und Schnapsbrennerei, bis sie f\u00fcr ihren heutigen Zweck als Auff\u00fchrungsort renoviert wurde. &nbsp;Das ist sehr gut gelungen. Die provisorische Anmutung des Raumes unterstreicht die ungeheure zeitliche Dimension des Projekts.<\/p>\n\n\n\n<p>Rechts von der Eingangst\u00fcr sind auf behelfsm\u00e4\u00dfig anmutenden Tischen ein paar Merchandising Artikel zu erwerben. Ein Regenschirm, die Partitur etc..&nbsp; Ich habe mir f\u00fcr 5 \u20ac eine CD mit dem damaligen gespielten Klang&nbsp; gekauft. Ein Stunde lang: Impuls 14: dis\u2018, ais\u2018, e\u201c. Ich denke die anderen Kl\u00e4nge kaufe ich mit der Zeit auch noch :-).<\/p>\n\n\n\n<div class=\"wp-block-image\"><figure class=\"aligncenter size-large\"><a href=\"https:\/\/i0.wp.com\/www.taumelland.de\/wp-content\/uploads\/2020\/09\/Organ2Aslsp_5-7567.jpg?ssl=1\" rel=\"lightbox[2349]\"><img data-recalc-dims=\"1\" loading=\"lazy\" decoding=\"async\" width=\"700\" height=\"466\" data-attachment-id=\"2356\" data-permalink=\"https:\/\/www.taumelland.de\/index.php\/2020\/09\/06\/organ2aslsp\/organ2aslsp_5-7567\/\" data-orig-file=\"https:\/\/i0.wp.com\/www.taumelland.de\/wp-content\/uploads\/2020\/09\/Organ2Aslsp_5-7567.jpg?fit=800%2C533&amp;ssl=1\" data-orig-size=\"800,533\" data-comments-opened=\"1\" data-image-meta=\"{&quot;aperture&quot;:&quot;0&quot;,&quot;credit&quot;:&quot;&quot;,&quot;camera&quot;:&quot;&quot;,&quot;caption&quot;:&quot;&quot;,&quot;created_timestamp&quot;:&quot;0&quot;,&quot;copyright&quot;:&quot;&quot;,&quot;focal_length&quot;:&quot;0&quot;,&quot;iso&quot;:&quot;0&quot;,&quot;shutter_speed&quot;:&quot;0&quot;,&quot;title&quot;:&quot;&quot;,&quot;orientation&quot;:&quot;0&quot;}\" data-image-title=\"Organ2Aslsp_5-7567\" data-image-description=\"\" data-image-caption=\"\" data-large-file=\"https:\/\/i0.wp.com\/www.taumelland.de\/wp-content\/uploads\/2020\/09\/Organ2Aslsp_5-7567.jpg?fit=700%2C466&amp;ssl=1\" src=\"https:\/\/i0.wp.com\/www.taumelland.de\/wp-content\/uploads\/2020\/09\/Organ2Aslsp_5-7567.jpg?resize=700%2C466&#038;ssl=1\" alt=\"\" class=\"wp-image-2356\" srcset=\"https:\/\/i0.wp.com\/www.taumelland.de\/wp-content\/uploads\/2020\/09\/Organ2Aslsp_5-7567.jpg?w=800&amp;ssl=1 800w, https:\/\/i0.wp.com\/www.taumelland.de\/wp-content\/uploads\/2020\/09\/Organ2Aslsp_5-7567.jpg?resize=300%2C200&amp;ssl=1 300w, https:\/\/i0.wp.com\/www.taumelland.de\/wp-content\/uploads\/2020\/09\/Organ2Aslsp_5-7567.jpg?resize=150%2C100&amp;ssl=1 150w, https:\/\/i0.wp.com\/www.taumelland.de\/wp-content\/uploads\/2020\/09\/Organ2Aslsp_5-7567.jpg?resize=580%2C386&amp;ssl=1 580w\" sizes=\"auto, (max-width: 700px) 100vw, 700px\" \/><\/a><figcaption>ORGAN\u00b2\/ASLSP: Foyer der Sankt Burchardi Kirche<\/figcaption><\/figure><\/div>\n\n\n\n<p>An den W\u00e4nden der Kirche entlang verl\u00e4uft ein schwarzes Metallband an dem lauter Tafeln angebracht worden sind. Das sind die sogenannten Klangjahre. Bei einer Spende von \u00fcber 1200 \u20ac kann man f\u00fcr eines der Auff\u00fchrungsjahre eine Metalltafel anbringen lassen und mit einer&nbsp; Botschaft an die Zukunft versehen.<br>Auf der offiziellen Webseite des Projekts gibt es eine \u00dcbersicht \u00fcber die schon verkauften und noch freien Jahre. Auch kann man die Inschriften auf den schon vergebenen Metalltafeln aufrufen.<br>Diese sind sehr vielf\u00e4ltig. So gibt es eine Reihe von Gedenktafeln anl\u00e4sslich von Familientreffen, Inschriften mit Geburt und Todes Daten, die also eher einem Grabstein entsprechen und eine Vielzahl an Gedichten und Zitaten. So \u00fcberliefert das Jahr 2484 ein Zitat aus dem Herr der Ringe an die Nachwelt:<\/p>\n\n\n\n<blockquote class=\"wp-block-quote is-layout-flow wp-block-quote-is-layout-flow\"><p>\u201eAll we have to decide is what to do with the time that is given to us . There are other forces at work in this world, Frodo, besides the will of evil\u201c<br>Gandalf, to Frodo, in the Mines of Moria, from the Fellowship oft he Ring.<\/p><\/blockquote>\n\n\n\n<p>Das zu lesen ist sehr tr\u00f6stlich!<\/p>\n\n\n\n<p>Gleich neben dran \u2013 im Jahre 2485 steht zu lesen:<\/p>\n\n\n\n<blockquote class=\"wp-block-quote is-layout-flow wp-block-quote-is-layout-flow\"><p>\u201eDie Wiederholung ist der Tod des Wunders!\u201c<\/p><\/blockquote>\n\n\n\n<p>Das sieht taumelland anders, denn ein Wunder ist ein Zeichen und &nbsp;insofern l\u00e4sst es sich beliebig oft wiederholen. So wie \u201edas Wunder eines neuen Morgens\u201c oder so.<\/p>\n\n\n\n<p>Ich habe mit dem Klang der Orgel im Ohr viel Zeit mit dem Lesen und inneren Kommentieren der einzelnen Tafeln verbracht.&nbsp; Es ist ja auch so, dass die auf den Tafeln angebrachten Botschaften mit der Klanginstallation f\u00fcr 639 Jahre gemeisam durch die Zeit reisen. Das bedeutet sie werden einen sehr viel l\u00e4ngeren Zeitraum \u00fcberdauern, als es den meisten anderen kontempor\u00e4ren Texten, Namen und Nachrichten verg\u00f6nnt sein wird.&nbsp; Sie werden im Laufe der Jahre ein viel gr\u00f6\u00dferes Publikum haben, als zum Beispiel die Grabsteine auf einem Friedhof \u2013 da wird der Grabstein in der Regel nach sp\u00e4testens 50 Jahren abger\u00e4umt und damit verschwindet auch der Name des Toten.<br>Es w\u00e4re auch interessant zu erfahren, wie die Menschen in &#8211; sagen wir mal &#8211; dreihundert Jahren diese Inschriften deuten werden. Was w\u00fcrde taumelland wohl auf so eine Tafel schreiben und der Nachwelt hinterlassen wollen?<br>Ein zaghaftes \u201eHallo\u201c oder ein schlichtes \u201esorry\u201c?<br>Vielleicht auch in Anlehnung an \u00d6d\u00f6n von Horvath ein zerknirschtes:&nbsp; \u201e Ich war eigentlich ganz anders, aber ich kam nur so selten dazu\u201c!<br>M\u00f6glicherweise w\u00e4re ein burschikoses: &nbsp;\u201eMacht\u2019s gut und Danke f\u00fcr den Fisch!\u201c &nbsp;(Douglas Adams) angebracht?!<br>Oder etwas so richtig Bl\u00f6des und gleichzeitig Strategisches wie: \u201eWer das liest ist doof\u201c! Ich meine damit w\u00e4re alles gesagt und die Menschheit in 639 Jahren k\u00f6nnte aufh\u00f6ren zu philosophieren, ob fr\u00fcher denn &nbsp;\u201eAlles besser\u201c war. Das k\u00f6nnte sehr befreiend sein und wie eine Zeitbombe auf den Konservatismus des Jahres 2640 wirken ;-)! Was w\u00fcrdet Ihr schreiben wollen? Schreibt es mal in die Kommentare!<\/p>\n\n\n\n<div class=\"wp-block-image\"><figure class=\"aligncenter size-large\"><a href=\"https:\/\/i0.wp.com\/www.taumelland.de\/wp-content\/uploads\/2020\/09\/Organ2Aslsp_1-7548.jpg?ssl=1\" rel=\"lightbox[2349]\"><img data-recalc-dims=\"1\" loading=\"lazy\" decoding=\"async\" width=\"700\" height=\"466\" data-attachment-id=\"2362\" data-permalink=\"https:\/\/www.taumelland.de\/index.php\/2020\/09\/06\/organ2aslsp\/organ2aslsp_1-7548\/\" data-orig-file=\"https:\/\/i0.wp.com\/www.taumelland.de\/wp-content\/uploads\/2020\/09\/Organ2Aslsp_1-7548.jpg?fit=800%2C533&amp;ssl=1\" data-orig-size=\"800,533\" data-comments-opened=\"1\" data-image-meta=\"{&quot;aperture&quot;:&quot;0&quot;,&quot;credit&quot;:&quot;&quot;,&quot;camera&quot;:&quot;&quot;,&quot;caption&quot;:&quot;&quot;,&quot;created_timestamp&quot;:&quot;0&quot;,&quot;copyright&quot;:&quot;&quot;,&quot;focal_length&quot;:&quot;0&quot;,&quot;iso&quot;:&quot;0&quot;,&quot;shutter_speed&quot;:&quot;0&quot;,&quot;title&quot;:&quot;&quot;,&quot;orientation&quot;:&quot;0&quot;}\" data-image-title=\"Organ2Aslsp_1-7548\" data-image-description=\"\" data-image-caption=\"\" data-large-file=\"https:\/\/i0.wp.com\/www.taumelland.de\/wp-content\/uploads\/2020\/09\/Organ2Aslsp_1-7548.jpg?fit=700%2C466&amp;ssl=1\" src=\"https:\/\/i0.wp.com\/www.taumelland.de\/wp-content\/uploads\/2020\/09\/Organ2Aslsp_1-7548.jpg?resize=700%2C466&#038;ssl=1\" alt=\"\" class=\"wp-image-2362\" srcset=\"https:\/\/i0.wp.com\/www.taumelland.de\/wp-content\/uploads\/2020\/09\/Organ2Aslsp_1-7548.jpg?w=800&amp;ssl=1 800w, https:\/\/i0.wp.com\/www.taumelland.de\/wp-content\/uploads\/2020\/09\/Organ2Aslsp_1-7548.jpg?resize=300%2C200&amp;ssl=1 300w, https:\/\/i0.wp.com\/www.taumelland.de\/wp-content\/uploads\/2020\/09\/Organ2Aslsp_1-7548.jpg?resize=150%2C100&amp;ssl=1 150w, https:\/\/i0.wp.com\/www.taumelland.de\/wp-content\/uploads\/2020\/09\/Organ2Aslsp_1-7548.jpg?resize=580%2C386&amp;ssl=1 580w\" sizes=\"auto, (max-width: 700px) 100vw, 700px\" \/><\/a><figcaption>ORGAN\u00b2\/ASLSP: F\u00fcr jeden Ton eine Pfeife &#8211; die Orgel<\/figcaption><\/figure><\/div>\n\n\n\n<p>ORGAN\u00b2\/ASLSP ist ein durch und durch optimistisches und der Menschheit zugewandtes Projekt. Impliziert es doch, dass es&nbsp; auch in 600 Jahren noch eine an Kunst und Kultur interessierte Menschheit geben wird.&nbsp; Eine die sich Ihrer Vergangenheit bewusst ist und sich mit Ihr auseinandersetzt . So muss sie doch zumindest noch unsere zeitgen\u00f6ssischen Kunstvorstellungen f\u00fcr sich deuten k\u00f6nnen und auch wollen, ansonsten h\u00e4tte sie das Projekt schon lange eingestellt.&nbsp; ORGAN\u00b2\/ASLSP ist eine Hommage an die universelle G\u00fcltigkeit menschliche Kreativit\u00e4t.&nbsp;<\/p>\n\n\n\n<p>Bob Dylan ver\u00f6ffentlichte 1964 seinen oben schon zitierten Song \u201ethe times they are a changing\u201c. Ein sehr hoffnungsvolles (Protest)-Lied, meinte es doch, dass die autorit\u00e4ren gesellschaftlichen Verh\u00e4ltnisse nicht f\u00fcr immer so erstarrt bleiben werden, sondern dass sich die Gesellschaft zu einer freieren, toleranteren, humanistischeren &nbsp;hin ver\u00e4ndern wird:<\/p>\n\n\n\n<blockquote class=\"wp-block-quote is-layout-flow wp-block-quote-is-layout-flow\"><p>( &#8230; )<br>Come mothers and fathers<br>Throughout the land<br>And don&#8217;t criticize<br>What you can&#8217;t understand<br>Your sons and your daughters<br>Are beyond your command<br>Your old road is rapidly agin&#8216;<br>Please get out of the new one<br>If you can&#8217;t lend your hand<br>For the times they are a-changin&#8216;<br>( \u2026 )<\/p><\/blockquote>\n\n\n\n<p>Im Jahre 1964 lag das klarer auf der Hand als heute. Die besungenen S\u00f6hne und T\u00f6chter von damals waren wahrscheinlich Hippies und B\u00fcrgerrechtsaktivisten auf dem Weg zum \u201eSummer of Love\u201c.<br>Aber in &nbsp;den 2000er Jahren ist es schwierig zu sagen, wer denn diese Kinder sein sollten die \u201ebeyond your command\u201c sind: YouTuber? Ich AGler auf dem Weg ins Eigenheim? Fitnessjunkies?&nbsp; Oder alles zusammen ? Kurz gesagt von heute aus gesehen ist die Aussage des Songs nicht mehr so eindeutig positiv. &nbsp;Die Welt hat sich weiter gedreht und das Lied und der Text sind gealtert und haben nun einen mehrdeutigeren Bedeutungshorizont. \u2013 \u201efor the times they are a-changin&#8217;\u201c<\/p>\n\n\n\n<p>Das f\u00fchrt taumelland auf eine interessante F\u00e4hrte. Um die zeitliche Dimension von ORGAN\u00b2\/ASLSP besser begreifen zu k\u00f6nnen reist taumelland einfach mal 639 Jahre in die Vergangenheit&nbsp; ins 14 Jahrhundert (1361) \u2013 also ins Mittelalter zur\u00fcck. Der Einfachheit halber beschr\u00e4nke ich mich mal auf den deutschen Sprachraum. Es war die Epoche des Feudalismus, einer auf dem Lehenswesen beruhenden Gesellschaft, bei der die Bewohner zum belehnten Land dazu geh\u00f6rten. Mobilit\u00e4t auf dem Arbeitsmarkt&nbsp; so wie wir sie heute kennen war damals in einer vorkapitalistischen Gesellschaftsordnung weder erw\u00fcnscht noch m\u00f6glich. Die Menschen lebten in kleinen auf sich selbst bezogenen Gemeinschaften.&nbsp;<\/p>\n\n\n\n<p>Die Zeit war etwas Zyklisches (ein Rad) und die Jahreszeiten gaben den Rhythmus der Besch\u00e4ftigungen vor: Feldarbeit, Feste, Ernte, &nbsp;Kriege usw.. Die Planeten kreisten in einem Kosmos in dessen Mittelpunkt sich die Erde befand und \u00fcber den noch Gott uneingeschr\u00e4nkt herrschte.<br>Die Kirche hatte&nbsp; mit Ihren Kl\u00f6stern und Bibliotheken ein Bildungs- und Wissensmonopol inne. &nbsp;<br>Die ersten drei Universit\u00e4ten n\u00f6rdlich der Alpen waren &nbsp;im 14.Jahrhundert gerade erst gegr\u00fcndet worden (1348 in Prag, 1365 in Wien und 1386 in Heidelberg).&nbsp;<br>Kunst und Architektur waren im Mittelalter noch ganz auf das jenseitige Reich Gottes ausgerichtet und behandelten vornehmlich religi\u00f6se Motive. Es war eine fromme und von der christlichen Religion gepr\u00e4gte Zeit. Das gilt insbesondere auch, wenn man bedenkt, was das Mittelalter an (Kunst)Werken hinterlassen hat.<\/p>\n\n\n\n<p>Deutschland war ein Flickenteppich aus F\u00fcrstent\u00fcmern, Bist\u00fcmern, Grafschaften etc.. Es herrschte ein Mosaik an Sprachen und Dialekten vor. Die Bauern und \u201eeinfachen\u201c Leute sprachen meist nicht die Sprachen ihres Landesherrn &#8211; die&nbsp; vornehmlich Latein sprachen.&nbsp; Es gab mit dem Mittelhochdeutschen zwar eine einheitliche Schriftsprache, aber kaum jemand konnte lesen und schreiben. &nbsp;Wie schon gesagt, war das Reisen stark eingeschr\u00e4nkt und \u00e4u\u00dferst m\u00fcheselig.<br>So dauerte eine circa 800 km lange Reise von Hamburg nach M\u00fcnchen&nbsp; so 3 bis 5 Wochen, je nachdem ob man zu Fu\u00df ( die meisten Menschen )oder mit dem Pferd unterwegs war. Hierbei sind widrige \u00e4u\u00dfere Umst\u00e4nde wie Wetter, Krankheit, Raub\u00fcberf\u00e4lle nicht mit &nbsp;ber\u00fccksichtigt.<br>Heute dauert das mit dem Zug&nbsp; circa 6 Stunden und mit dem Flieger nicht mal ganz 2 Stunden.<\/p>\n\n\n\n<p>Auch die Mentalit\u00e4t der Menschen im Mittelalter muss eine ganz andere gewesen sein.&nbsp; So waren Sie loyal gegen\u00fcber einem Glauben oder Monarchen und nicht wie wir heute gegen\u00fcber einer Gesellschaft und einer Kultur. &nbsp;Auch das heutige ubiquit\u00e4re Streben nach Selbstverwirklichung, gab es im Mittelalter so nicht, das beginnt Ideengeschichtlich erst&nbsp; 150 Jahre sp\u00e4ter mit Luther.&nbsp; Kultur im Mittelalter war vom christlichen Glauben gepr\u00e4gt, dessen Werte auf Erden zu beachten und zu leben waren. Die majest\u00e4tischen gotischen Kathedralen zum Beispiel sollten das himmlische Jerusalem anschaulich machen. Unserer heutigen s\u00e4kularisierten Kultur stehen wir sehr viel kritischer gegen\u00fcber. Seit Rousseau steht sie (die menschliche Kultur) geradezu unter Generalverdacht, die eigentliche Wurzel allen \u00dcbels zu sein. Der Mensch ist gut! Und Kultur hat ihn verdorben!<br>Viele favorisieren f\u00fcr sich heute die Vergangenheit: ein einfaches quasi mittelalterlichen \u201eLeben\u201c &nbsp;in einer urspr\u00fcnglichen Natur &nbsp;fernab von einer mehrdeutigen postmodernen Lebenswirklichkeit.<\/p>\n\n\n\n\n\n<div class=\"wp-block-image\"><figure class=\"aligncenter size-large\"><a href=\"https:\/\/i0.wp.com\/www.taumelland.de\/wp-content\/uploads\/2020\/09\/Organ2Aslsp_4-7567.jpg?ssl=1\" rel=\"lightbox[2349]\"><img data-recalc-dims=\"1\" loading=\"lazy\" decoding=\"async\" width=\"700\" height=\"466\" data-attachment-id=\"2366\" data-permalink=\"https:\/\/www.taumelland.de\/index.php\/2020\/09\/06\/organ2aslsp\/organ2aslsp_4-7567\/\" data-orig-file=\"https:\/\/i0.wp.com\/www.taumelland.de\/wp-content\/uploads\/2020\/09\/Organ2Aslsp_4-7567.jpg?fit=800%2C533&amp;ssl=1\" data-orig-size=\"800,533\" data-comments-opened=\"1\" data-image-meta=\"{&quot;aperture&quot;:&quot;0&quot;,&quot;credit&quot;:&quot;&quot;,&quot;camera&quot;:&quot;&quot;,&quot;caption&quot;:&quot;&quot;,&quot;created_timestamp&quot;:&quot;0&quot;,&quot;copyright&quot;:&quot;&quot;,&quot;focal_length&quot;:&quot;0&quot;,&quot;iso&quot;:&quot;0&quot;,&quot;shutter_speed&quot;:&quot;0&quot;,&quot;title&quot;:&quot;&quot;,&quot;orientation&quot;:&quot;0&quot;}\" data-image-title=\"Organ2Aslsp_4-7567\" data-image-description=\"\" data-image-caption=\"\" data-large-file=\"https:\/\/i0.wp.com\/www.taumelland.de\/wp-content\/uploads\/2020\/09\/Organ2Aslsp_4-7567.jpg?fit=700%2C466&amp;ssl=1\" src=\"https:\/\/i0.wp.com\/www.taumelland.de\/wp-content\/uploads\/2020\/09\/Organ2Aslsp_4-7567.jpg?resize=700%2C466&#038;ssl=1\" alt=\"\" class=\"wp-image-2366\" srcset=\"https:\/\/i0.wp.com\/www.taumelland.de\/wp-content\/uploads\/2020\/09\/Organ2Aslsp_4-7567.jpg?w=800&amp;ssl=1 800w, https:\/\/i0.wp.com\/www.taumelland.de\/wp-content\/uploads\/2020\/09\/Organ2Aslsp_4-7567.jpg?resize=300%2C200&amp;ssl=1 300w, https:\/\/i0.wp.com\/www.taumelland.de\/wp-content\/uploads\/2020\/09\/Organ2Aslsp_4-7567.jpg?resize=150%2C100&amp;ssl=1 150w, https:\/\/i0.wp.com\/www.taumelland.de\/wp-content\/uploads\/2020\/09\/Organ2Aslsp_4-7567.jpg?resize=580%2C386&amp;ssl=1 580w\" sizes=\"auto, (max-width: 700px) 100vw, 700px\" \/><\/a><figcaption>ORGAN\u00b2\/ASLSP: Die Balganlage<\/figcaption><\/figure><\/div>\n\n\n\n<p>Das f\u00fchrt taumelland wieder ins Jahr 2019 zur\u00fcck. Wir k\u00f6nnen heute die Lebenswelt des Mittelalters zwar deuten, aber verstehen, geschweige denn darin leben k\u00f6nnten wir nicht. Genauso wird es den Menschen des Jahres 2640 mit uns ergehen.<br>In diesem Sinne ist es vielleicht auch gar nicht so wichtig ob ORGAN\u00b2\/ASLSP wirklich bis in das Jahr 2640 aufgef\u00fchrt wird.&nbsp; Wichtig f\u00fcr uns ist nur daran zu glauben. Aus unserer heuten Perspektive heraus haben wir damit eine menschliche Zukunft!<\/p>\n\n\n\n<blockquote class=\"wp-block-quote is-layout-flow wp-block-quote-is-layout-flow\"><p>( &#8230; )<br>The line it is drawn and the curse it is cast<br>The slow one now will later be fast<br>As the present now will later be past<br>The order is rapidly fadin&#8216;<br>And the first one now will later be last<br>For the times they are a-changin<\/p><\/blockquote>\n\n\n\n<p>Alles wird gut!<\/p>\n\n\n\n<p>P.S. der letzte Klangwechsel (Impuls 15 ) war am 05.09.2020. Der n\u00e4chste wird am 05.02.2022 (Impuls 16) stattfinden. Vielleicht sehen wir uns da ja!<\/p>\n\n\n\n<p>ORGAN\u00b2\/ASLSP \u2013 <a href=\"https:\/\/www.aslsp.org\/de\/\" target=\"_blank\" rel=\"noreferrer noopener\">Link zur Projektseite<\/a>. Siehe dort auch zu den Klangwechseln und den Klangjahren.<\/p>\n\n\n\n<div class=\"wp-block-image\"><figure class=\"aligncenter size-large\"><a href=\"https:\/\/i0.wp.com\/www.taumelland.de\/wp-content\/uploads\/2020\/09\/Organ2Aslsp_2-7554-1.jpg?ssl=1\" rel=\"lightbox[2349]\"><img data-recalc-dims=\"1\" loading=\"lazy\" decoding=\"async\" width=\"700\" height=\"466\" data-attachment-id=\"2368\" data-permalink=\"https:\/\/www.taumelland.de\/index.php\/2020\/09\/06\/organ2aslsp\/organ2aslsp_2-7554-1\/\" data-orig-file=\"https:\/\/i0.wp.com\/www.taumelland.de\/wp-content\/uploads\/2020\/09\/Organ2Aslsp_2-7554-1.jpg?fit=800%2C533&amp;ssl=1\" data-orig-size=\"800,533\" data-comments-opened=\"1\" data-image-meta=\"{&quot;aperture&quot;:&quot;0&quot;,&quot;credit&quot;:&quot;&quot;,&quot;camera&quot;:&quot;&quot;,&quot;caption&quot;:&quot;&quot;,&quot;created_timestamp&quot;:&quot;0&quot;,&quot;copyright&quot;:&quot;&quot;,&quot;focal_length&quot;:&quot;0&quot;,&quot;iso&quot;:&quot;0&quot;,&quot;shutter_speed&quot;:&quot;0&quot;,&quot;title&quot;:&quot;&quot;,&quot;orientation&quot;:&quot;0&quot;}\" data-image-title=\"Organ2Aslsp_2-7554-1\" data-image-description=\"\" data-image-caption=\"\" data-large-file=\"https:\/\/i0.wp.com\/www.taumelland.de\/wp-content\/uploads\/2020\/09\/Organ2Aslsp_2-7554-1.jpg?fit=700%2C466&amp;ssl=1\" src=\"https:\/\/i0.wp.com\/www.taumelland.de\/wp-content\/uploads\/2020\/09\/Organ2Aslsp_2-7554-1.jpg?resize=700%2C466&#038;ssl=1\" alt=\"\" class=\"wp-image-2368\" srcset=\"https:\/\/i0.wp.com\/www.taumelland.de\/wp-content\/uploads\/2020\/09\/Organ2Aslsp_2-7554-1.jpg?w=800&amp;ssl=1 800w, https:\/\/i0.wp.com\/www.taumelland.de\/wp-content\/uploads\/2020\/09\/Organ2Aslsp_2-7554-1.jpg?resize=300%2C200&amp;ssl=1 300w, https:\/\/i0.wp.com\/www.taumelland.de\/wp-content\/uploads\/2020\/09\/Organ2Aslsp_2-7554-1.jpg?resize=150%2C100&amp;ssl=1 150w, https:\/\/i0.wp.com\/www.taumelland.de\/wp-content\/uploads\/2020\/09\/Organ2Aslsp_2-7554-1.jpg?resize=580%2C386&amp;ssl=1 580w\" sizes=\"auto, (max-width: 700px) 100vw, 700px\" \/><\/a><figcaption>ORGAN\u00b2\/ASLSP: Gewichte<\/figcaption><\/figure><\/div>\n\n\n","protected":false},"excerpt":{"rendered":"<p>Come gather &#8218;round, peopleWherever you roamAnd admit that the watersAround you have grownAnd accept it that soonYou&#8217;ll be drenched to the boneIf your time to you is worth savin&#8216;And you better start swimmin&#8216;Or you&#8217;ll sink like a stoneFor the times they are a-changin&#8216;( &#8230; )&hellip;<\/p>\n","protected":false},"author":1,"featured_media":2367,"comment_status":"open","ping_status":"open","sticky":false,"template":"","format":"standard","meta":{"_themeisle_gutenberg_block_has_review":false,"jetpack_post_was_ever_published":false,"_jetpack_newsletter_access":"","_jetpack_dont_email_post_to_subs":false,"_jetpack_newsletter_tier_id":0,"_jetpack_memberships_contains_paywalled_content":false,"_jetpack_memberships_contains_paid_content":false,"footnotes":"","jetpack_publicize_message":"ORGAN\u00b2\/ASLSP #Organ2Aslsp #halberstadt","jetpack_publicize_feature_enabled":true,"jetpack_social_post_already_shared":true,"jetpack_social_options":{"image_generator_settings":{"template":"highway","default_image_id":0,"font":"","enabled":false},"version":2}},"categories":[1,29,151],"tags":[290,289,115,288],"class_list":["post-2349","post","type-post","status-publish","format-standard","has-post-thumbnail","hentry","category-allgemein","category-erinnerungshorte","category-geschichten","tag-halberstadt","tag-john-cage","tag-musik","tag-organ2-aslsp"],"yoast_head":"<!-- This site is optimized with the Yoast SEO plugin v27.5 - https:\/\/yoast.com\/product\/yoast-seo-wordpress\/ -->\n<title>ORGAN2 ASLSP - taumelland.de<\/title>\n<meta name=\"description\" content=\"eit dem Jahr 2000\/1 wird in Halberstadt das Musikst\u00fcck ORGAN\u00b2\/ASLSP ( as slow as possible) aufgef\u00fchrt. Urspr\u00fcnglich von John Cage f\u00fcr Klavier komponiert worden, schrieb er es 1987 f\u00fcr den Organisten Gerd Zacher f\u00fcr Orgel um. Die Urauff\u00fchrung des St\u00fcckes 1989 dauerte dann 29 Minuten.\" \/>\n<meta name=\"robots\" content=\"index, follow, max-snippet:-1, max-image-preview:large, max-video-preview:-1\" \/>\n<link rel=\"canonical\" href=\"https:\/\/www.taumelland.de\/index.php\/2020\/09\/06\/organ2aslsp\/\" \/>\n<meta property=\"og:locale\" content=\"de_DE\" \/>\n<meta property=\"og:type\" content=\"article\" \/>\n<meta property=\"og:title\" content=\"ORGAN2 ASLSP - taumelland.de\" \/>\n<meta property=\"og:description\" content=\"eit dem Jahr 2000\/1 wird in Halberstadt das Musikst\u00fcck ORGAN\u00b2\/ASLSP ( as slow as possible) aufgef\u00fchrt. Urspr\u00fcnglich von John Cage f\u00fcr Klavier komponiert worden, schrieb er es 1987 f\u00fcr den Organisten Gerd Zacher f\u00fcr Orgel um. Die Urauff\u00fchrung des St\u00fcckes 1989 dauerte dann 29 Minuten.\" \/>\n<meta property=\"og:url\" content=\"https:\/\/www.taumelland.de\/index.php\/2020\/09\/06\/organ2aslsp\/\" \/>\n<meta property=\"og:site_name\" content=\"taumelland.de\" \/>\n<meta property=\"article:published_time\" content=\"2020-09-06T13:36:52+00:00\" \/>\n<meta property=\"article:modified_time\" content=\"2020-09-06T14:56:10+00:00\" \/>\n<meta property=\"og:image\" content=\"https:\/\/www.taumelland.de\/wp-content\/uploads\/2020\/09\/Organ2Aslsp_2-7554.jpg\" \/>\n\t<meta property=\"og:image:width\" content=\"800\" \/>\n\t<meta property=\"og:image:height\" content=\"533\" \/>\n\t<meta property=\"og:image:type\" content=\"image\/jpeg\" \/>\n<meta name=\"author\" content=\"Mbolee\" \/>\n<meta name=\"twitter:card\" content=\"summary_large_image\" \/>\n<meta name=\"twitter:label1\" content=\"Verfasst von\" \/>\n\t<meta name=\"twitter:data1\" content=\"Mbolee\" \/>\n\t<meta name=\"twitter:label2\" content=\"Gesch\u00e4tzte Lesezeit\" \/>\n\t<meta name=\"twitter:data2\" content=\"10\u00a0Minuten\" \/>\n<script type=\"application\/ld+json\" class=\"yoast-schema-graph\">{\"@context\":\"https:\\\/\\\/schema.org\",\"@graph\":[{\"@type\":\"Article\",\"@id\":\"https:\\\/\\\/www.taumelland.de\\\/index.php\\\/2020\\\/09\\\/06\\\/organ2aslsp\\\/#article\",\"isPartOf\":{\"@id\":\"https:\\\/\\\/www.taumelland.de\\\/index.php\\\/2020\\\/09\\\/06\\\/organ2aslsp\\\/\"},\"author\":{\"name\":\"Mbolee\",\"@id\":\"https:\\\/\\\/www.taumelland.de\\\/#\\\/schema\\\/person\\\/7c3bfb4fefffd1a6bd38e8c18f296dbf\"},\"headline\":\"ORGAN2 ASLSP\",\"datePublished\":\"2020-09-06T13:36:52+00:00\",\"dateModified\":\"2020-09-06T14:56:10+00:00\",\"mainEntityOfPage\":{\"@id\":\"https:\\\/\\\/www.taumelland.de\\\/index.php\\\/2020\\\/09\\\/06\\\/organ2aslsp\\\/\"},\"wordCount\":1915,\"commentCount\":0,\"publisher\":{\"@id\":\"https:\\\/\\\/www.taumelland.de\\\/#\\\/schema\\\/person\\\/d408cfcd33462b0f8d9e9356cfef1aab\"},\"image\":{\"@id\":\"https:\\\/\\\/www.taumelland.de\\\/index.php\\\/2020\\\/09\\\/06\\\/organ2aslsp\\\/#primaryimage\"},\"thumbnailUrl\":\"https:\\\/\\\/i0.wp.com\\\/www.taumelland.de\\\/wp-content\\\/uploads\\\/2020\\\/09\\\/Organ2Aslsp_2-7554.jpg?fit=800%2C533&ssl=1\",\"keywords\":[\"Halberstadt\",\"John Cage\",\"Musik\",\"Organ2\\\/Aslsp\"],\"articleSection\":{\"1\":\"Erinnerungshorte\",\"2\":\"Geschichten\"},\"inLanguage\":\"de\",\"potentialAction\":[{\"@type\":\"CommentAction\",\"name\":\"Comment\",\"target\":[\"https:\\\/\\\/www.taumelland.de\\\/index.php\\\/2020\\\/09\\\/06\\\/organ2aslsp\\\/#respond\"]}]},{\"@type\":\"WebPage\",\"@id\":\"https:\\\/\\\/www.taumelland.de\\\/index.php\\\/2020\\\/09\\\/06\\\/organ2aslsp\\\/\",\"url\":\"https:\\\/\\\/www.taumelland.de\\\/index.php\\\/2020\\\/09\\\/06\\\/organ2aslsp\\\/\",\"name\":\"ORGAN2 ASLSP - taumelland.de\",\"isPartOf\":{\"@id\":\"https:\\\/\\\/www.taumelland.de\\\/#website\"},\"primaryImageOfPage\":{\"@id\":\"https:\\\/\\\/www.taumelland.de\\\/index.php\\\/2020\\\/09\\\/06\\\/organ2aslsp\\\/#primaryimage\"},\"image\":{\"@id\":\"https:\\\/\\\/www.taumelland.de\\\/index.php\\\/2020\\\/09\\\/06\\\/organ2aslsp\\\/#primaryimage\"},\"thumbnailUrl\":\"https:\\\/\\\/i0.wp.com\\\/www.taumelland.de\\\/wp-content\\\/uploads\\\/2020\\\/09\\\/Organ2Aslsp_2-7554.jpg?fit=800%2C533&ssl=1\",\"datePublished\":\"2020-09-06T13:36:52+00:00\",\"dateModified\":\"2020-09-06T14:56:10+00:00\",\"description\":\"eit dem Jahr 2000\\\/1 wird in Halberstadt das Musikst\u00fcck ORGAN\u00b2\\\/ASLSP ( as slow as possible) aufgef\u00fchrt. Urspr\u00fcnglich von John Cage f\u00fcr Klavier komponiert worden, schrieb er es 1987 f\u00fcr den Organisten Gerd Zacher f\u00fcr Orgel um. Die Urauff\u00fchrung des St\u00fcckes 1989 dauerte dann 29 Minuten.\",\"breadcrumb\":{\"@id\":\"https:\\\/\\\/www.taumelland.de\\\/index.php\\\/2020\\\/09\\\/06\\\/organ2aslsp\\\/#breadcrumb\"},\"inLanguage\":\"de\",\"potentialAction\":[{\"@type\":\"ReadAction\",\"target\":[\"https:\\\/\\\/www.taumelland.de\\\/index.php\\\/2020\\\/09\\\/06\\\/organ2aslsp\\\/\"]}]},{\"@type\":\"ImageObject\",\"inLanguage\":\"de\",\"@id\":\"https:\\\/\\\/www.taumelland.de\\\/index.php\\\/2020\\\/09\\\/06\\\/organ2aslsp\\\/#primaryimage\",\"url\":\"https:\\\/\\\/i0.wp.com\\\/www.taumelland.de\\\/wp-content\\\/uploads\\\/2020\\\/09\\\/Organ2Aslsp_2-7554.jpg?fit=800%2C533&ssl=1\",\"contentUrl\":\"https:\\\/\\\/i0.wp.com\\\/www.taumelland.de\\\/wp-content\\\/uploads\\\/2020\\\/09\\\/Organ2Aslsp_2-7554.jpg?fit=800%2C533&ssl=1\",\"width\":800,\"height\":533,\"caption\":\"Organ2ASLSP\"},{\"@type\":\"BreadcrumbList\",\"@id\":\"https:\\\/\\\/www.taumelland.de\\\/index.php\\\/2020\\\/09\\\/06\\\/organ2aslsp\\\/#breadcrumb\",\"itemListElement\":[{\"@type\":\"ListItem\",\"position\":1,\"name\":\"Home\",\"item\":\"https:\\\/\\\/www.taumelland.de\\\/\"},{\"@type\":\"ListItem\",\"position\":2,\"name\":\"ORGAN2 ASLSP\"}]},{\"@type\":\"WebSite\",\"@id\":\"https:\\\/\\\/www.taumelland.de\\\/#website\",\"url\":\"https:\\\/\\\/www.taumelland.de\\\/\",\"name\":\"taumelland.de\",\"description\":\"der romantische Fotoblog\",\"publisher\":{\"@id\":\"https:\\\/\\\/www.taumelland.de\\\/#\\\/schema\\\/person\\\/d408cfcd33462b0f8d9e9356cfef1aab\"},\"potentialAction\":[{\"@type\":\"SearchAction\",\"target\":{\"@type\":\"EntryPoint\",\"urlTemplate\":\"https:\\\/\\\/www.taumelland.de\\\/?s={search_term_string}\"},\"query-input\":{\"@type\":\"PropertyValueSpecification\",\"valueRequired\":true,\"valueName\":\"search_term_string\"}}],\"inLanguage\":\"de\"},{\"@type\":[\"Person\",\"Organization\"],\"@id\":\"https:\\\/\\\/www.taumelland.de\\\/#\\\/schema\\\/person\\\/d408cfcd33462b0f8d9e9356cfef1aab\",\"name\":\"Marcus Bohl\",\"image\":{\"@type\":\"ImageObject\",\"inLanguage\":\"de\",\"@id\":\"https:\\\/\\\/i0.wp.com\\\/www.taumelland.de\\\/wp-content\\\/uploads\\\/2022\\\/04\\\/rosa3.jpg?fit=960%2C639&ssl=1\",\"url\":\"https:\\\/\\\/i0.wp.com\\\/www.taumelland.de\\\/wp-content\\\/uploads\\\/2022\\\/04\\\/rosa3.jpg?fit=960%2C639&ssl=1\",\"contentUrl\":\"https:\\\/\\\/i0.wp.com\\\/www.taumelland.de\\\/wp-content\\\/uploads\\\/2022\\\/04\\\/rosa3.jpg?fit=960%2C639&ssl=1\",\"width\":960,\"height\":639,\"caption\":\"Marcus Bohl\"},\"logo\":{\"@id\":\"https:\\\/\\\/i0.wp.com\\\/www.taumelland.de\\\/wp-content\\\/uploads\\\/2022\\\/04\\\/rosa3.jpg?fit=960%2C639&ssl=1\"},\"sameAs\":[\"https:\\\/\\\/www.instagram.com\\\/taumelland\\\/?hl=de\"]},{\"@type\":\"Person\",\"@id\":\"https:\\\/\\\/www.taumelland.de\\\/#\\\/schema\\\/person\\\/7c3bfb4fefffd1a6bd38e8c18f296dbf\",\"name\":\"Mbolee\",\"sameAs\":[\"http:\\\/\\\/taumelland.de\"],\"url\":\"https:\\\/\\\/www.taumelland.de\\\/index.php\\\/author\\\/mbolee\\\/\"}]}<\/script>\n<!-- \/ Yoast SEO plugin. -->","yoast_head_json":{"title":"ORGAN2 ASLSP - taumelland.de","description":"eit dem Jahr 2000\/1 wird in Halberstadt das Musikst\u00fcck ORGAN\u00b2\/ASLSP ( as slow as possible) aufgef\u00fchrt. Urspr\u00fcnglich von John Cage f\u00fcr Klavier komponiert worden, schrieb er es 1987 f\u00fcr den Organisten Gerd Zacher f\u00fcr Orgel um. Die Urauff\u00fchrung des St\u00fcckes 1989 dauerte dann 29 Minuten.","robots":{"index":"index","follow":"follow","max-snippet":"max-snippet:-1","max-image-preview":"max-image-preview:large","max-video-preview":"max-video-preview:-1"},"canonical":"https:\/\/www.taumelland.de\/index.php\/2020\/09\/06\/organ2aslsp\/","og_locale":"de_DE","og_type":"article","og_title":"ORGAN2 ASLSP - taumelland.de","og_description":"eit dem Jahr 2000\/1 wird in Halberstadt das Musikst\u00fcck ORGAN\u00b2\/ASLSP ( as slow as possible) aufgef\u00fchrt. Urspr\u00fcnglich von John Cage f\u00fcr Klavier komponiert worden, schrieb er es 1987 f\u00fcr den Organisten Gerd Zacher f\u00fcr Orgel um. Die Urauff\u00fchrung des St\u00fcckes 1989 dauerte dann 29 Minuten.","og_url":"https:\/\/www.taumelland.de\/index.php\/2020\/09\/06\/organ2aslsp\/","og_site_name":"taumelland.de","article_published_time":"2020-09-06T13:36:52+00:00","article_modified_time":"2020-09-06T14:56:10+00:00","og_image":[{"width":800,"height":533,"url":"https:\/\/www.taumelland.de\/wp-content\/uploads\/2020\/09\/Organ2Aslsp_2-7554.jpg","type":"image\/jpeg"}],"author":"Mbolee","twitter_card":"summary_large_image","twitter_misc":{"Verfasst von":"Mbolee","Gesch\u00e4tzte Lesezeit":"10\u00a0Minuten"},"schema":{"@context":"https:\/\/schema.org","@graph":[{"@type":"Article","@id":"https:\/\/www.taumelland.de\/index.php\/2020\/09\/06\/organ2aslsp\/#article","isPartOf":{"@id":"https:\/\/www.taumelland.de\/index.php\/2020\/09\/06\/organ2aslsp\/"},"author":{"name":"Mbolee","@id":"https:\/\/www.taumelland.de\/#\/schema\/person\/7c3bfb4fefffd1a6bd38e8c18f296dbf"},"headline":"ORGAN2 ASLSP","datePublished":"2020-09-06T13:36:52+00:00","dateModified":"2020-09-06T14:56:10+00:00","mainEntityOfPage":{"@id":"https:\/\/www.taumelland.de\/index.php\/2020\/09\/06\/organ2aslsp\/"},"wordCount":1915,"commentCount":0,"publisher":{"@id":"https:\/\/www.taumelland.de\/#\/schema\/person\/d408cfcd33462b0f8d9e9356cfef1aab"},"image":{"@id":"https:\/\/www.taumelland.de\/index.php\/2020\/09\/06\/organ2aslsp\/#primaryimage"},"thumbnailUrl":"https:\/\/i0.wp.com\/www.taumelland.de\/wp-content\/uploads\/2020\/09\/Organ2Aslsp_2-7554.jpg?fit=800%2C533&ssl=1","keywords":["Halberstadt","John Cage","Musik","Organ2\/Aslsp"],"articleSection":{"1":"Erinnerungshorte","2":"Geschichten"},"inLanguage":"de","potentialAction":[{"@type":"CommentAction","name":"Comment","target":["https:\/\/www.taumelland.de\/index.php\/2020\/09\/06\/organ2aslsp\/#respond"]}]},{"@type":"WebPage","@id":"https:\/\/www.taumelland.de\/index.php\/2020\/09\/06\/organ2aslsp\/","url":"https:\/\/www.taumelland.de\/index.php\/2020\/09\/06\/organ2aslsp\/","name":"ORGAN2 ASLSP - taumelland.de","isPartOf":{"@id":"https:\/\/www.taumelland.de\/#website"},"primaryImageOfPage":{"@id":"https:\/\/www.taumelland.de\/index.php\/2020\/09\/06\/organ2aslsp\/#primaryimage"},"image":{"@id":"https:\/\/www.taumelland.de\/index.php\/2020\/09\/06\/organ2aslsp\/#primaryimage"},"thumbnailUrl":"https:\/\/i0.wp.com\/www.taumelland.de\/wp-content\/uploads\/2020\/09\/Organ2Aslsp_2-7554.jpg?fit=800%2C533&ssl=1","datePublished":"2020-09-06T13:36:52+00:00","dateModified":"2020-09-06T14:56:10+00:00","description":"eit dem Jahr 2000\/1 wird in Halberstadt das Musikst\u00fcck ORGAN\u00b2\/ASLSP ( as slow as possible) aufgef\u00fchrt. Urspr\u00fcnglich von John Cage f\u00fcr Klavier komponiert worden, schrieb er es 1987 f\u00fcr den Organisten Gerd Zacher f\u00fcr Orgel um. Die Urauff\u00fchrung des St\u00fcckes 1989 dauerte dann 29 Minuten.","breadcrumb":{"@id":"https:\/\/www.taumelland.de\/index.php\/2020\/09\/06\/organ2aslsp\/#breadcrumb"},"inLanguage":"de","potentialAction":[{"@type":"ReadAction","target":["https:\/\/www.taumelland.de\/index.php\/2020\/09\/06\/organ2aslsp\/"]}]},{"@type":"ImageObject","inLanguage":"de","@id":"https:\/\/www.taumelland.de\/index.php\/2020\/09\/06\/organ2aslsp\/#primaryimage","url":"https:\/\/i0.wp.com\/www.taumelland.de\/wp-content\/uploads\/2020\/09\/Organ2Aslsp_2-7554.jpg?fit=800%2C533&ssl=1","contentUrl":"https:\/\/i0.wp.com\/www.taumelland.de\/wp-content\/uploads\/2020\/09\/Organ2Aslsp_2-7554.jpg?fit=800%2C533&ssl=1","width":800,"height":533,"caption":"Organ2ASLSP"},{"@type":"BreadcrumbList","@id":"https:\/\/www.taumelland.de\/index.php\/2020\/09\/06\/organ2aslsp\/#breadcrumb","itemListElement":[{"@type":"ListItem","position":1,"name":"Home","item":"https:\/\/www.taumelland.de\/"},{"@type":"ListItem","position":2,"name":"ORGAN2 ASLSP"}]},{"@type":"WebSite","@id":"https:\/\/www.taumelland.de\/#website","url":"https:\/\/www.taumelland.de\/","name":"taumelland.de","description":"der romantische Fotoblog","publisher":{"@id":"https:\/\/www.taumelland.de\/#\/schema\/person\/d408cfcd33462b0f8d9e9356cfef1aab"},"potentialAction":[{"@type":"SearchAction","target":{"@type":"EntryPoint","urlTemplate":"https:\/\/www.taumelland.de\/?s={search_term_string}"},"query-input":{"@type":"PropertyValueSpecification","valueRequired":true,"valueName":"search_term_string"}}],"inLanguage":"de"},{"@type":["Person","Organization"],"@id":"https:\/\/www.taumelland.de\/#\/schema\/person\/d408cfcd33462b0f8d9e9356cfef1aab","name":"Marcus Bohl","image":{"@type":"ImageObject","inLanguage":"de","@id":"https:\/\/i0.wp.com\/www.taumelland.de\/wp-content\/uploads\/2022\/04\/rosa3.jpg?fit=960%2C639&ssl=1","url":"https:\/\/i0.wp.com\/www.taumelland.de\/wp-content\/uploads\/2022\/04\/rosa3.jpg?fit=960%2C639&ssl=1","contentUrl":"https:\/\/i0.wp.com\/www.taumelland.de\/wp-content\/uploads\/2022\/04\/rosa3.jpg?fit=960%2C639&ssl=1","width":960,"height":639,"caption":"Marcus Bohl"},"logo":{"@id":"https:\/\/i0.wp.com\/www.taumelland.de\/wp-content\/uploads\/2022\/04\/rosa3.jpg?fit=960%2C639&ssl=1"},"sameAs":["https:\/\/www.instagram.com\/taumelland\/?hl=de"]},{"@type":"Person","@id":"https:\/\/www.taumelland.de\/#\/schema\/person\/7c3bfb4fefffd1a6bd38e8c18f296dbf","name":"Mbolee","sameAs":["http:\/\/taumelland.de"],"url":"https:\/\/www.taumelland.de\/index.php\/author\/mbolee\/"}]}},"jetpack_publicize_connections":[],"jetpack_featured_media_url":"https:\/\/i0.wp.com\/www.taumelland.de\/wp-content\/uploads\/2020\/09\/Organ2Aslsp_2-7554.jpg?fit=800%2C533&ssl=1","jetpack_sharing_enabled":true,"jetpack_shortlink":"https:\/\/wp.me\/p77Evr-BT","jetpack-related-posts":[],"_links":{"self":[{"href":"https:\/\/www.taumelland.de\/index.php\/wp-json\/wp\/v2\/posts\/2349","targetHints":{"allow":["GET"]}}],"collection":[{"href":"https:\/\/www.taumelland.de\/index.php\/wp-json\/wp\/v2\/posts"}],"about":[{"href":"https:\/\/www.taumelland.de\/index.php\/wp-json\/wp\/v2\/types\/post"}],"author":[{"embeddable":true,"href":"https:\/\/www.taumelland.de\/index.php\/wp-json\/wp\/v2\/users\/1"}],"replies":[{"embeddable":true,"href":"https:\/\/www.taumelland.de\/index.php\/wp-json\/wp\/v2\/comments?post=2349"}],"version-history":[{"count":20,"href":"https:\/\/www.taumelland.de\/index.php\/wp-json\/wp\/v2\/posts\/2349\/revisions"}],"predecessor-version":[{"id":2378,"href":"https:\/\/www.taumelland.de\/index.php\/wp-json\/wp\/v2\/posts\/2349\/revisions\/2378"}],"wp:featuredmedia":[{"embeddable":true,"href":"https:\/\/www.taumelland.de\/index.php\/wp-json\/wp\/v2\/media\/2367"}],"wp:attachment":[{"href":"https:\/\/www.taumelland.de\/index.php\/wp-json\/wp\/v2\/media?parent=2349"}],"wp:term":[{"taxonomy":"category","embeddable":true,"href":"https:\/\/www.taumelland.de\/index.php\/wp-json\/wp\/v2\/categories?post=2349"},{"taxonomy":"post_tag","embeddable":true,"href":"https:\/\/www.taumelland.de\/index.php\/wp-json\/wp\/v2\/tags?post=2349"}],"curies":[{"name":"wp","href":"https:\/\/api.w.org\/{rel}","templated":true}]}}