{"id":2258,"date":"2020-04-23T22:30:49","date_gmt":"2020-04-23T20:30:49","guid":{"rendered":"https:\/\/www.taumelland.de\/?p=2258"},"modified":"2020-04-23T22:35:15","modified_gmt":"2020-04-23T20:35:15","slug":"fichtensterben","status":"publish","type":"post","link":"https:\/\/www.taumelland.de\/index.php\/2020\/04\/23\/fichtensterben\/","title":{"rendered":"Fichtensterben"},"content":{"rendered":"\n<h2 class=\"wp-block-heading\">Die Wildnis vor der Haust\u00fcr # 2: Fichtensterben<\/h2>\n\n\n\n<figure class=\"wp-block-image size-large\"><a href=\"https:\/\/i0.wp.com\/www.taumelland.de\/wp-content\/uploads\/2020\/04\/fichten5-7284.jpg?ssl=1\" target=\"_blank\"  rel=\"lightbox[2258] noopener noreferrer\"><img data-recalc-dims=\"1\" loading=\"lazy\" decoding=\"async\" width=\"700\" height=\"466\" data-attachment-id=\"2264\" data-permalink=\"https:\/\/www.taumelland.de\/fichten5-7284\/\" data-orig-file=\"https:\/\/i0.wp.com\/www.taumelland.de\/wp-content\/uploads\/2020\/04\/fichten5-7284.jpg?fit=960%2C639&amp;ssl=1\" data-orig-size=\"960,639\" data-comments-opened=\"1\" data-image-meta=\"{&quot;aperture&quot;:&quot;8&quot;,&quot;credit&quot;:&quot;Marcus Bohl bolee(at)bolee.de&quot;,&quot;camera&quot;:&quot;NIKON Z 6&quot;,&quot;caption&quot;:&quot;&quot;,&quot;created_timestamp&quot;:&quot;1587299996&quot;,&quot;copyright&quot;:&quot;Marcus Bohl&quot;,&quot;focal_length&quot;:&quot;39&quot;,&quot;iso&quot;:&quot;1100&quot;,&quot;shutter_speed&quot;:&quot;0.025&quot;,&quot;title&quot;:&quot;&quot;,&quot;orientation&quot;:&quot;1&quot;}\" data-image-title=\"fichten#5-7284\" data-image-description=\"\" data-image-caption=\"\" data-large-file=\"https:\/\/i0.wp.com\/www.taumelland.de\/wp-content\/uploads\/2020\/04\/fichten5-7284.jpg?fit=700%2C466&amp;ssl=1\" src=\"https:\/\/i0.wp.com\/www.taumelland.de\/wp-content\/uploads\/2020\/04\/fichten5-7284.jpg?resize=700%2C466&#038;ssl=1\" alt=\"tote Fichten\" class=\"wp-image-2264\" srcset=\"https:\/\/i0.wp.com\/www.taumelland.de\/wp-content\/uploads\/2020\/04\/fichten5-7284.jpg?w=960&amp;ssl=1 960w, https:\/\/i0.wp.com\/www.taumelland.de\/wp-content\/uploads\/2020\/04\/fichten5-7284.jpg?resize=300%2C200&amp;ssl=1 300w, https:\/\/i0.wp.com\/www.taumelland.de\/wp-content\/uploads\/2020\/04\/fichten5-7284.jpg?resize=150%2C100&amp;ssl=1 150w, https:\/\/i0.wp.com\/www.taumelland.de\/wp-content\/uploads\/2020\/04\/fichten5-7284.jpg?resize=580%2C386&amp;ssl=1 580w, https:\/\/i0.wp.com\/www.taumelland.de\/wp-content\/uploads\/2020\/04\/fichten5-7284.jpg?resize=800%2C533&amp;ssl=1 800w\" sizes=\"auto, (max-width: 700px) 100vw, 700px\" \/><\/a><figcaption>entrindete Fichtenst\u00e4mme hinter Fr\u00fchlingsgr\u00fcn, Eiserne Hand, Wiesbaden<\/figcaption><\/figure>\n\n\n\n<p>Sieben Aufnahmen, alle Taunus April 2020<\/p>\n\n\n\n<p>Im Fr\u00fchling 2020 l\u00e4sst es sich auch im Taunus nicht mehr \u00fcbersehen: &nbsp;mit dem Fichtenwald geht es zu Ende.<\/p>\n\n\n\n<p>Das ist schon l\u00e4nger so prophezeit worden und wird nun schlagartig augenscheinlich.<br>Egal ob am Kitzelberg bei Naurod, auf der Eisernen Hand, der Platte oder auch bei Niederseelbach: \u00dcberall sind die gro\u00dfen Fichten-Plantagen gerodet worden.&nbsp;<br>Der anhaltenden Trockenheit der letzten Jahre und dem durch die milden Winter beg\u00fcnstigten Sch\u00e4dlingsbefall durch den Borkenk\u00e4fer haben die Fichten einfach nichts mehr entgegensetzen k\u00f6nnen. &nbsp;<br>Auch fehlte es in einzelnen Forst-Revieren schlicht und ergreifend an Forstwirten um die Borkenk\u00e4ferplage einzud\u00e4mmen. &nbsp;Denn auch die Waldwirtschaft unterlag in den letzen Jahrzehnten einer starken Rationalisierung, durch die vor allem auch Personalstellen eingespart wurden.<\/p>\n\n\n\n<figure class=\"wp-block-gallery columns-3 is-cropped wp-block-gallery-1 is-layout-flex wp-block-gallery-is-layout-flex\"><ul class=\"blocks-gallery-grid\"><li class=\"blocks-gallery-item\"><figure><img data-recalc-dims=\"1\" loading=\"lazy\" decoding=\"async\" width=\"700\" height=\"466\" data-attachment-id=\"2260\" data-permalink=\"https:\/\/www.taumelland.de\/fichten1-7068\/\" data-orig-file=\"https:\/\/i0.wp.com\/www.taumelland.de\/wp-content\/uploads\/2020\/04\/fichten1-7068.jpg?fit=960%2C639&amp;ssl=1\" data-orig-size=\"960,639\" data-comments-opened=\"1\" data-image-meta=\"{&quot;aperture&quot;:&quot;7.1&quot;,&quot;credit&quot;:&quot;Marcus Bohl bolee(at)bolee.de&quot;,&quot;camera&quot;:&quot;NIKON Z 6&quot;,&quot;caption&quot;:&quot;&quot;,&quot;created_timestamp&quot;:&quot;1586766747&quot;,&quot;copyright&quot;:&quot;Marcus Bohl&quot;,&quot;focal_length&quot;:&quot;50&quot;,&quot;iso&quot;:&quot;280&quot;,&quot;shutter_speed&quot;:&quot;0.0125&quot;,&quot;title&quot;:&quot;&quot;,&quot;orientation&quot;:&quot;1&quot;}\" data-image-title=\"fichten#1-7068\" data-image-description=\"\" data-image-caption=\"&lt;p&gt;Rodung am Kitzelberg, Wiesbaden&lt;\/p&gt;\n\" data-large-file=\"https:\/\/i0.wp.com\/www.taumelland.de\/wp-content\/uploads\/2020\/04\/fichten1-7068.jpg?fit=700%2C466&amp;ssl=1\" src=\"https:\/\/i0.wp.com\/www.taumelland.de\/wp-content\/uploads\/2020\/04\/fichten1-7068.jpg?resize=700%2C466&#038;ssl=1\" alt=\"\" data-id=\"2260\" data-full-url=\"https:\/\/www.taumelland.de\/wp-content\/uploads\/2020\/04\/fichten1-7068.jpg\" data-link=\"https:\/\/www.taumelland.de\/fichten1-7068\/\" class=\"wp-image-2260\" srcset=\"https:\/\/i0.wp.com\/www.taumelland.de\/wp-content\/uploads\/2020\/04\/fichten1-7068.jpg?w=960&amp;ssl=1 960w, https:\/\/i0.wp.com\/www.taumelland.de\/wp-content\/uploads\/2020\/04\/fichten1-7068.jpg?resize=300%2C200&amp;ssl=1 300w, https:\/\/i0.wp.com\/www.taumelland.de\/wp-content\/uploads\/2020\/04\/fichten1-7068.jpg?resize=150%2C100&amp;ssl=1 150w, https:\/\/i0.wp.com\/www.taumelland.de\/wp-content\/uploads\/2020\/04\/fichten1-7068.jpg?resize=580%2C386&amp;ssl=1 580w, https:\/\/i0.wp.com\/www.taumelland.de\/wp-content\/uploads\/2020\/04\/fichten1-7068.jpg?resize=800%2C533&amp;ssl=1 800w\" sizes=\"auto, (max-width: 700px) 100vw, 700px\" \/><figcaption class=\"blocks-gallery-item__caption\">Rodung am Kitzelberg, Wiesbaden<\/figcaption><\/figure><\/li><li class=\"blocks-gallery-item\"><figure><img data-recalc-dims=\"1\" loading=\"lazy\" decoding=\"async\" width=\"700\" height=\"466\" data-attachment-id=\"2265\" data-permalink=\"https:\/\/www.taumelland.de\/fichten6-7297\/\" data-orig-file=\"https:\/\/i0.wp.com\/www.taumelland.de\/wp-content\/uploads\/2020\/04\/fichten6-7297.jpg?fit=960%2C639&amp;ssl=1\" data-orig-size=\"960,639\" data-comments-opened=\"1\" data-image-meta=\"{&quot;aperture&quot;:&quot;7.1&quot;,&quot;credit&quot;:&quot;Marcus Bohl bolee(at)bolee.de&quot;,&quot;camera&quot;:&quot;NIKON Z 6&quot;,&quot;caption&quot;:&quot;&quot;,&quot;created_timestamp&quot;:&quot;1587300078&quot;,&quot;copyright&quot;:&quot;Marcus Bohl&quot;,&quot;focal_length&quot;:&quot;24&quot;,&quot;iso&quot;:&quot;320&quot;,&quot;shutter_speed&quot;:&quot;0.04&quot;,&quot;title&quot;:&quot;&quot;,&quot;orientation&quot;:&quot;1&quot;}\" data-image-title=\"fichten#6-7297\" data-image-description=\"\" data-image-caption=\"&lt;p&gt;skelettierte Fichten, Eisere Hand &lt;\/p&gt;\n\" data-large-file=\"https:\/\/i0.wp.com\/www.taumelland.de\/wp-content\/uploads\/2020\/04\/fichten6-7297.jpg?fit=700%2C466&amp;ssl=1\" src=\"https:\/\/i0.wp.com\/www.taumelland.de\/wp-content\/uploads\/2020\/04\/fichten6-7297.jpg?resize=700%2C466&#038;ssl=1\" alt=\"\" data-id=\"2265\" data-full-url=\"https:\/\/www.taumelland.de\/wp-content\/uploads\/2020\/04\/fichten6-7297.jpg\" data-link=\"https:\/\/www.taumelland.de\/fichten6-7297\/\" class=\"wp-image-2265\" srcset=\"https:\/\/i0.wp.com\/www.taumelland.de\/wp-content\/uploads\/2020\/04\/fichten6-7297.jpg?w=960&amp;ssl=1 960w, https:\/\/i0.wp.com\/www.taumelland.de\/wp-content\/uploads\/2020\/04\/fichten6-7297.jpg?resize=300%2C200&amp;ssl=1 300w, https:\/\/i0.wp.com\/www.taumelland.de\/wp-content\/uploads\/2020\/04\/fichten6-7297.jpg?resize=150%2C100&amp;ssl=1 150w, https:\/\/i0.wp.com\/www.taumelland.de\/wp-content\/uploads\/2020\/04\/fichten6-7297.jpg?resize=580%2C386&amp;ssl=1 580w, https:\/\/i0.wp.com\/www.taumelland.de\/wp-content\/uploads\/2020\/04\/fichten6-7297.jpg?resize=800%2C533&amp;ssl=1 800w\" sizes=\"auto, (max-width: 700px) 100vw, 700px\" \/><figcaption class=\"blocks-gallery-item__caption\">skelettierte Fichten, Eisere Hand <\/figcaption><\/figure><\/li><li class=\"blocks-gallery-item\"><figure><img data-recalc-dims=\"1\" loading=\"lazy\" decoding=\"async\" width=\"700\" height=\"466\" data-attachment-id=\"2266\" data-permalink=\"https:\/\/www.taumelland.de\/fichten7-7462\/\" data-orig-file=\"https:\/\/i0.wp.com\/www.taumelland.de\/wp-content\/uploads\/2020\/04\/fichten7-7462.jpg?fit=960%2C639&amp;ssl=1\" data-orig-size=\"960,639\" data-comments-opened=\"1\" data-image-meta=\"{&quot;aperture&quot;:&quot;6.3&quot;,&quot;credit&quot;:&quot;Marcus Bohl bolee(at)bolee.de&quot;,&quot;camera&quot;:&quot;NIKON Z 6&quot;,&quot;caption&quot;:&quot;&quot;,&quot;created_timestamp&quot;:&quot;1587539669&quot;,&quot;copyright&quot;:&quot;Marcus Bohl&quot;,&quot;focal_length&quot;:&quot;24&quot;,&quot;iso&quot;:&quot;250&quot;,&quot;shutter_speed&quot;:&quot;0.0015625&quot;,&quot;title&quot;:&quot;&quot;,&quot;orientation&quot;:&quot;1&quot;}\" data-image-title=\"fichten#7-7462\" data-image-description=\"\" data-image-caption=\"&lt;p&gt;clear cut, Platte Wiesbaden&lt;\/p&gt;\n\" data-large-file=\"https:\/\/i0.wp.com\/www.taumelland.de\/wp-content\/uploads\/2020\/04\/fichten7-7462.jpg?fit=700%2C466&amp;ssl=1\" src=\"https:\/\/i0.wp.com\/www.taumelland.de\/wp-content\/uploads\/2020\/04\/fichten7-7462.jpg?resize=700%2C466&#038;ssl=1\" alt=\"\" data-id=\"2266\" data-full-url=\"https:\/\/www.taumelland.de\/wp-content\/uploads\/2020\/04\/fichten7-7462.jpg\" data-link=\"https:\/\/www.taumelland.de\/fichten7-7462\/\" class=\"wp-image-2266\" srcset=\"https:\/\/i0.wp.com\/www.taumelland.de\/wp-content\/uploads\/2020\/04\/fichten7-7462.jpg?w=960&amp;ssl=1 960w, https:\/\/i0.wp.com\/www.taumelland.de\/wp-content\/uploads\/2020\/04\/fichten7-7462.jpg?resize=300%2C200&amp;ssl=1 300w, https:\/\/i0.wp.com\/www.taumelland.de\/wp-content\/uploads\/2020\/04\/fichten7-7462.jpg?resize=150%2C100&amp;ssl=1 150w, https:\/\/i0.wp.com\/www.taumelland.de\/wp-content\/uploads\/2020\/04\/fichten7-7462.jpg?resize=580%2C386&amp;ssl=1 580w, https:\/\/i0.wp.com\/www.taumelland.de\/wp-content\/uploads\/2020\/04\/fichten7-7462.jpg?resize=800%2C533&amp;ssl=1 800w\" sizes=\"auto, (max-width: 700px) 100vw, 700px\" \/><figcaption class=\"blocks-gallery-item__caption\">clear cut, Platte Wiesbaden<\/figcaption><\/figure><\/li><li class=\"blocks-gallery-item\"><figure><img data-recalc-dims=\"1\" loading=\"lazy\" decoding=\"async\" width=\"700\" height=\"466\" data-attachment-id=\"2262\" data-permalink=\"https:\/\/www.taumelland.de\/fichten3-7229\/\" data-orig-file=\"https:\/\/i0.wp.com\/www.taumelland.de\/wp-content\/uploads\/2020\/04\/fichten3-7229.jpg?fit=960%2C639&amp;ssl=1\" data-orig-size=\"960,639\" data-comments-opened=\"1\" data-image-meta=\"{&quot;aperture&quot;:&quot;5&quot;,&quot;credit&quot;:&quot;Marcus Bohl bolee(at)bolee.de&quot;,&quot;camera&quot;:&quot;NIKON Z 6&quot;,&quot;caption&quot;:&quot;&quot;,&quot;created_timestamp&quot;:&quot;1587298615&quot;,&quot;copyright&quot;:&quot;Marcus Bohl&quot;,&quot;focal_length&quot;:&quot;24&quot;,&quot;iso&quot;:&quot;250&quot;,&quot;shutter_speed&quot;:&quot;0.003125&quot;,&quot;title&quot;:&quot;&quot;,&quot;orientation&quot;:&quot;1&quot;}\" data-image-title=\"fichten#3-7229\" data-image-description=\"\" data-image-caption=\"&lt;p&gt;Baumst\u00e4mme, Eiserne Hand, Wiesbaden&lt;\/p&gt;\n\" data-large-file=\"https:\/\/i0.wp.com\/www.taumelland.de\/wp-content\/uploads\/2020\/04\/fichten3-7229.jpg?fit=700%2C466&amp;ssl=1\" src=\"https:\/\/i0.wp.com\/www.taumelland.de\/wp-content\/uploads\/2020\/04\/fichten3-7229.jpg?resize=700%2C466&#038;ssl=1\" alt=\"\" data-id=\"2262\" data-full-url=\"https:\/\/www.taumelland.de\/wp-content\/uploads\/2020\/04\/fichten3-7229.jpg\" data-link=\"https:\/\/www.taumelland.de\/fichten3-7229\/\" class=\"wp-image-2262\" srcset=\"https:\/\/i0.wp.com\/www.taumelland.de\/wp-content\/uploads\/2020\/04\/fichten3-7229.jpg?w=960&amp;ssl=1 960w, https:\/\/i0.wp.com\/www.taumelland.de\/wp-content\/uploads\/2020\/04\/fichten3-7229.jpg?resize=300%2C200&amp;ssl=1 300w, https:\/\/i0.wp.com\/www.taumelland.de\/wp-content\/uploads\/2020\/04\/fichten3-7229.jpg?resize=150%2C100&amp;ssl=1 150w, https:\/\/i0.wp.com\/www.taumelland.de\/wp-content\/uploads\/2020\/04\/fichten3-7229.jpg?resize=580%2C386&amp;ssl=1 580w, https:\/\/i0.wp.com\/www.taumelland.de\/wp-content\/uploads\/2020\/04\/fichten3-7229.jpg?resize=800%2C533&amp;ssl=1 800w\" sizes=\"auto, (max-width: 700px) 100vw, 700px\" \/><figcaption class=\"blocks-gallery-item__caption\">Baumst\u00e4mme, Eiserne Hand, Wiesbaden<\/figcaption><\/figure><\/li><\/ul><\/figure>\n\n\n\n<p>Voila, der Klimawandel!<\/p>\n\n\n\n<p>Nun ist das nicht gleich das Ende des Waldes, aber er wird sich im Laufe der n\u00e4chsten Jahrzehnte stark ver\u00e4ndern. Das muss nicht unbedingt zum Schlechteren sein.\u00a0So k\u00f6nnten\u00a0artenreichere Mischw\u00e4lder an die Stelle des \u201eFichten-Stangenwaldes\u201c treten, die mit den extremeren klimatischen Bedingungen besser klar kommen werden. Teile der gerodeten Fl\u00e4chen k\u00f6nnten sich selbst \u00fcberlassen bleiben auf dass hier &#8211;\u00a0wie schon im Nationalpark bayerischen Wald &#8211;\u00a0ein Urwald entstehe.\u00a0Auch die Fichte h\u00e4tte an feuchteren Standorten, \u00a0wie zum Beispiel in Tallagen eine gute Chance auf Wachstum.<\/p>\n\n\n\n<figure class=\"wp-block-image size-large\"><a href=\"https:\/\/i0.wp.com\/www.taumelland.de\/wp-content\/uploads\/2020\/04\/fichten4-7248.jpg?ssl=1\" target=\"_blank\"  rel=\"lightbox[2258] noopener noreferrer\"><img data-recalc-dims=\"1\" loading=\"lazy\" decoding=\"async\" width=\"700\" height=\"466\" data-attachment-id=\"2263\" data-permalink=\"https:\/\/www.taumelland.de\/fichten4-7248\/\" data-orig-file=\"https:\/\/i0.wp.com\/www.taumelland.de\/wp-content\/uploads\/2020\/04\/fichten4-7248.jpg?fit=960%2C639&amp;ssl=1\" data-orig-size=\"960,639\" data-comments-opened=\"1\" data-image-meta=\"{&quot;aperture&quot;:&quot;8&quot;,&quot;credit&quot;:&quot;Marcus Bohl bolee(at)bolee.de&quot;,&quot;camera&quot;:&quot;NIKON Z 6&quot;,&quot;caption&quot;:&quot;&quot;,&quot;created_timestamp&quot;:&quot;1587298947&quot;,&quot;copyright&quot;:&quot;Marcus Bohl&quot;,&quot;focal_length&quot;:&quot;24&quot;,&quot;iso&quot;:&quot;250&quot;,&quot;shutter_speed&quot;:&quot;0.008&quot;,&quot;title&quot;:&quot;&quot;,&quot;orientation&quot;:&quot;1&quot;}\" data-image-title=\"fichten#4-7248\" data-image-description=\"\" data-image-caption=\"\" data-large-file=\"https:\/\/i0.wp.com\/www.taumelland.de\/wp-content\/uploads\/2020\/04\/fichten4-7248.jpg?fit=700%2C466&amp;ssl=1\" src=\"https:\/\/i0.wp.com\/www.taumelland.de\/wp-content\/uploads\/2020\/04\/fichten4-7248.jpg?resize=700%2C466&#038;ssl=1\" alt=\"\" class=\"wp-image-2263\" srcset=\"https:\/\/i0.wp.com\/www.taumelland.de\/wp-content\/uploads\/2020\/04\/fichten4-7248.jpg?w=960&amp;ssl=1 960w, https:\/\/i0.wp.com\/www.taumelland.de\/wp-content\/uploads\/2020\/04\/fichten4-7248.jpg?resize=300%2C200&amp;ssl=1 300w, https:\/\/i0.wp.com\/www.taumelland.de\/wp-content\/uploads\/2020\/04\/fichten4-7248.jpg?resize=150%2C100&amp;ssl=1 150w, https:\/\/i0.wp.com\/www.taumelland.de\/wp-content\/uploads\/2020\/04\/fichten4-7248.jpg?resize=580%2C386&amp;ssl=1 580w, https:\/\/i0.wp.com\/www.taumelland.de\/wp-content\/uploads\/2020\/04\/fichten4-7248.jpg?resize=800%2C533&amp;ssl=1 800w\" sizes=\"auto, (max-width: 700px) 100vw, 700px\" \/><\/a><figcaption>Eine Nacht auf dem kahlen Berge &#8211; Feuerstelle, Eiserne Hand<\/figcaption><\/figure>\n\n\n\n<p>Trotzdem wurde ich ein wenig melancholisch, als mir das Ausma\u00df des Fichtensterbens so klar vor Augen gef\u00fchrt wurde. Den Fichtenwald verbinde ich mit meiner Kindheit, hier spielten wir Fangen und Verstecken und ihn betraten wir im Dunkeln, wenn wir uns f\u00fcrchten wollten. &nbsp;<\/p>\n\n\n\n<div class=\"wp-block-image\"><figure class=\"alignleft size-large\"><a href=\"https:\/\/i0.wp.com\/www.taumelland.de\/wp-content\/uploads\/2020\/04\/fichten2-7215.jpg?ssl=1\" target=\"_blank\"  rel=\"lightbox[2258] noopener noreferrer\"><img data-recalc-dims=\"1\" loading=\"lazy\" decoding=\"async\" width=\"700\" height=\"466\" data-attachment-id=\"2261\" data-permalink=\"https:\/\/www.taumelland.de\/fichten2-7215\/\" data-orig-file=\"https:\/\/i0.wp.com\/www.taumelland.de\/wp-content\/uploads\/2020\/04\/fichten2-7215.jpg?fit=960%2C639&amp;ssl=1\" data-orig-size=\"960,639\" data-comments-opened=\"1\" data-image-meta=\"{&quot;aperture&quot;:&quot;0&quot;,&quot;credit&quot;:&quot;&quot;,&quot;camera&quot;:&quot;&quot;,&quot;caption&quot;:&quot;&quot;,&quot;created_timestamp&quot;:&quot;0&quot;,&quot;copyright&quot;:&quot;Marcus Bohl&quot;,&quot;focal_length&quot;:&quot;0&quot;,&quot;iso&quot;:&quot;0&quot;,&quot;shutter_speed&quot;:&quot;0&quot;,&quot;title&quot;:&quot;&quot;,&quot;orientation&quot;:&quot;0&quot;}\" data-image-title=\"fichten#2-7215\" data-image-description=\"\" data-image-caption=\"\" data-large-file=\"https:\/\/i0.wp.com\/www.taumelland.de\/wp-content\/uploads\/2020\/04\/fichten2-7215.jpg?fit=700%2C466&amp;ssl=1\" src=\"https:\/\/i0.wp.com\/www.taumelland.de\/wp-content\/uploads\/2020\/04\/fichten2-7215.jpg?resize=700%2C466&#038;ssl=1\" alt=\"\" class=\"wp-image-2261\" srcset=\"https:\/\/i0.wp.com\/www.taumelland.de\/wp-content\/uploads\/2020\/04\/fichten2-7215.jpg?w=960&amp;ssl=1 960w, https:\/\/i0.wp.com\/www.taumelland.de\/wp-content\/uploads\/2020\/04\/fichten2-7215.jpg?resize=300%2C200&amp;ssl=1 300w, https:\/\/i0.wp.com\/www.taumelland.de\/wp-content\/uploads\/2020\/04\/fichten2-7215.jpg?resize=150%2C100&amp;ssl=1 150w, https:\/\/i0.wp.com\/www.taumelland.de\/wp-content\/uploads\/2020\/04\/fichten2-7215.jpg?resize=580%2C386&amp;ssl=1 580w, https:\/\/i0.wp.com\/www.taumelland.de\/wp-content\/uploads\/2020\/04\/fichten2-7215.jpg?resize=800%2C533&amp;ssl=1 800w\" sizes=\"auto, (max-width: 700px) 100vw, 700px\" \/><\/a><figcaption>Bei Niederseelbach: Die Rodung er\u00f6ffnet auch ganz neue Perspektiven, man kann jetzt bis zum gro\u00dfen Feldberg schauen!<br>Ich erinnere mich noch sehr gut, wie ich 1992 in diesem ehemals d\u00fcstern Waldst\u00fcck mit dem GPS-Ger\u00e4t meines Bruders stand. Nach ungef\u00e4hr einer Viertelstunde des Wartens zeigte mir das Ger\u00e4t doch tats\u00e4chlich meine Position an und ich freute mich wie ein Schneek\u00f6nig!<\/figcaption><\/figure><\/div>\n","protected":false},"excerpt":{"rendered":"<p>Die Wildnis vor der Haust\u00fcr # 2: Fichtensterben Sieben Aufnahmen, alle Taunus April 2020 Im Fr\u00fchling 2020 l\u00e4sst es sich auch im Taunus nicht mehr \u00fcbersehen: &nbsp;mit dem Fichtenwald geht es zu Ende. Das ist schon l\u00e4nger so prophezeit worden und wird nun schlagartig augenscheinlich.Egal&hellip;<\/p>\n","protected":false},"author":1,"featured_media":2261,"comment_status":"open","ping_status":"open","sticky":false,"template":"","format":"standard","meta":{"_themeisle_gutenberg_block_has_review":false,"jetpack_post_was_ever_published":false,"_jetpack_newsletter_access":"","_jetpack_dont_email_post_to_subs":false,"_jetpack_newsletter_tier_id":0,"_jetpack_memberships_contains_paywalled_content":false,"_jetpack_memberships_contains_paid_content":false,"footnotes":"","jetpack_publicize_message":"Fichtensterben #fichtensterben #borkenk\u00e4fer #wald #taunus #wiesbaden","jetpack_publicize_feature_enabled":true,"jetpack_social_post_already_shared":true,"jetpack_social_options":{"image_generator_settings":{"template":"highway","default_image_id":0,"font":"","enabled":false},"version":2}},"categories":[1,19,2,47],"tags":[282,280,283,16],"class_list":["post-2258","post","type-post","status-publish","format-standard","has-post-thumbnail","hentry","category-allgemein","category-baeume","category-wald","category-waldeinsamkeit","tag-die-wildnis-vor-der-haustuer","tag-fichten","tag-klimawandel","tag-taunus"],"yoast_head":"<!-- This site is optimized with the Yoast SEO plugin v27.5 - https:\/\/yoast.com\/product\/yoast-seo-wordpress\/ -->\n<title>Fichtensterben taumelland.de %<\/title>\n<meta name=\"description\" content=\"Im Fr\u00fchling 2020 l\u00e4sst es sich auch im Taunus nicht mehr \u00fcbersehen: \u00a0mit dem Fichtenwald geht es zu Ende.Das ist schon l\u00e4nger so prophezeit worden und wird nun schlagartig augenscheinlich.\" \/>\n<meta name=\"robots\" content=\"index, follow, max-snippet:-1, max-image-preview:large, max-video-preview:-1\" \/>\n<link rel=\"canonical\" href=\"https:\/\/www.taumelland.de\/index.php\/2020\/04\/23\/fichtensterben\/\" \/>\n<meta property=\"og:locale\" content=\"de_DE\" \/>\n<meta property=\"og:type\" content=\"article\" \/>\n<meta property=\"og:title\" content=\"Fichtensterben taumelland.de %\" \/>\n<meta property=\"og:description\" content=\"Im Fr\u00fchling 2020 l\u00e4sst es sich auch im Taunus nicht mehr \u00fcbersehen: \u00a0mit dem Fichtenwald geht es zu Ende.Das ist schon l\u00e4nger so prophezeit worden und wird nun schlagartig augenscheinlich.\" \/>\n<meta property=\"og:url\" content=\"https:\/\/www.taumelland.de\/index.php\/2020\/04\/23\/fichtensterben\/\" \/>\n<meta property=\"og:site_name\" content=\"taumelland.de\" \/>\n<meta property=\"article:published_time\" content=\"2020-04-23T20:30:49+00:00\" \/>\n<meta property=\"article:modified_time\" content=\"2020-04-23T20:35:15+00:00\" \/>\n<meta property=\"og:image\" content=\"https:\/\/www.taumelland.de\/wp-content\/uploads\/2020\/04\/fichten2-7215.jpg\" \/>\n\t<meta property=\"og:image:width\" content=\"960\" \/>\n\t<meta property=\"og:image:height\" content=\"639\" \/>\n\t<meta property=\"og:image:type\" content=\"image\/jpeg\" \/>\n<meta name=\"author\" content=\"Mbolee\" \/>\n<meta name=\"twitter:card\" content=\"summary_large_image\" \/>\n<meta name=\"twitter:label1\" content=\"Verfasst von\" \/>\n\t<meta name=\"twitter:data1\" content=\"Mbolee\" \/>\n\t<meta name=\"twitter:label2\" content=\"Gesch\u00e4tzte Lesezeit\" \/>\n\t<meta name=\"twitter:data2\" content=\"2\u00a0Minuten\" \/>\n<script type=\"application\/ld+json\" class=\"yoast-schema-graph\">{\"@context\":\"https:\\\/\\\/schema.org\",\"@graph\":[{\"@type\":\"Article\",\"@id\":\"https:\\\/\\\/www.taumelland.de\\\/index.php\\\/2020\\\/04\\\/23\\\/fichtensterben\\\/#article\",\"isPartOf\":{\"@id\":\"https:\\\/\\\/www.taumelland.de\\\/index.php\\\/2020\\\/04\\\/23\\\/fichtensterben\\\/\"},\"author\":{\"name\":\"Mbolee\",\"@id\":\"https:\\\/\\\/www.taumelland.de\\\/#\\\/schema\\\/person\\\/7c3bfb4fefffd1a6bd38e8c18f296dbf\"},\"headline\":\"Fichtensterben\",\"datePublished\":\"2020-04-23T20:30:49+00:00\",\"dateModified\":\"2020-04-23T20:35:15+00:00\",\"mainEntityOfPage\":{\"@id\":\"https:\\\/\\\/www.taumelland.de\\\/index.php\\\/2020\\\/04\\\/23\\\/fichtensterben\\\/\"},\"wordCount\":386,\"commentCount\":0,\"publisher\":{\"@id\":\"https:\\\/\\\/www.taumelland.de\\\/#\\\/schema\\\/person\\\/d408cfcd33462b0f8d9e9356cfef1aab\"},\"image\":{\"@id\":\"https:\\\/\\\/www.taumelland.de\\\/index.php\\\/2020\\\/04\\\/23\\\/fichtensterben\\\/#primaryimage\"},\"thumbnailUrl\":\"https:\\\/\\\/i0.wp.com\\\/www.taumelland.de\\\/wp-content\\\/uploads\\\/2020\\\/04\\\/fichten2-7215.jpg?fit=960%2C639&ssl=1\",\"keywords\":[\"Die Wildnis vor der Haust\u00fcr\",\"Fichten\",\"Klimawandel\",\"Taunus\"],\"articleSection\":{\"1\":\"B\u00e4ume\",\"2\":\"Wald\",\"3\":\"Waldeinsamkeit\"},\"inLanguage\":\"de\",\"potentialAction\":[{\"@type\":\"CommentAction\",\"name\":\"Comment\",\"target\":[\"https:\\\/\\\/www.taumelland.de\\\/index.php\\\/2020\\\/04\\\/23\\\/fichtensterben\\\/#respond\"]}]},{\"@type\":\"WebPage\",\"@id\":\"https:\\\/\\\/www.taumelland.de\\\/index.php\\\/2020\\\/04\\\/23\\\/fichtensterben\\\/\",\"url\":\"https:\\\/\\\/www.taumelland.de\\\/index.php\\\/2020\\\/04\\\/23\\\/fichtensterben\\\/\",\"name\":\"Fichtensterben taumelland.de %\",\"isPartOf\":{\"@id\":\"https:\\\/\\\/www.taumelland.de\\\/#website\"},\"primaryImageOfPage\":{\"@id\":\"https:\\\/\\\/www.taumelland.de\\\/index.php\\\/2020\\\/04\\\/23\\\/fichtensterben\\\/#primaryimage\"},\"image\":{\"@id\":\"https:\\\/\\\/www.taumelland.de\\\/index.php\\\/2020\\\/04\\\/23\\\/fichtensterben\\\/#primaryimage\"},\"thumbnailUrl\":\"https:\\\/\\\/i0.wp.com\\\/www.taumelland.de\\\/wp-content\\\/uploads\\\/2020\\\/04\\\/fichten2-7215.jpg?fit=960%2C639&ssl=1\",\"datePublished\":\"2020-04-23T20:30:49+00:00\",\"dateModified\":\"2020-04-23T20:35:15+00:00\",\"description\":\"Im Fr\u00fchling 2020 l\u00e4sst es sich auch im Taunus nicht mehr \u00fcbersehen: \u00a0mit dem Fichtenwald geht es zu Ende.Das ist schon l\u00e4nger so prophezeit worden und wird nun schlagartig augenscheinlich.\",\"breadcrumb\":{\"@id\":\"https:\\\/\\\/www.taumelland.de\\\/index.php\\\/2020\\\/04\\\/23\\\/fichtensterben\\\/#breadcrumb\"},\"inLanguage\":\"de\",\"potentialAction\":[{\"@type\":\"ReadAction\",\"target\":[\"https:\\\/\\\/www.taumelland.de\\\/index.php\\\/2020\\\/04\\\/23\\\/fichtensterben\\\/\"]}]},{\"@type\":\"ImageObject\",\"inLanguage\":\"de\",\"@id\":\"https:\\\/\\\/www.taumelland.de\\\/index.php\\\/2020\\\/04\\\/23\\\/fichtensterben\\\/#primaryimage\",\"url\":\"https:\\\/\\\/i0.wp.com\\\/www.taumelland.de\\\/wp-content\\\/uploads\\\/2020\\\/04\\\/fichten2-7215.jpg?fit=960%2C639&ssl=1\",\"contentUrl\":\"https:\\\/\\\/i0.wp.com\\\/www.taumelland.de\\\/wp-content\\\/uploads\\\/2020\\\/04\\\/fichten2-7215.jpg?fit=960%2C639&ssl=1\",\"width\":960,\"height\":639,\"caption\":\"fichtensterben\"},{\"@type\":\"BreadcrumbList\",\"@id\":\"https:\\\/\\\/www.taumelland.de\\\/index.php\\\/2020\\\/04\\\/23\\\/fichtensterben\\\/#breadcrumb\",\"itemListElement\":[{\"@type\":\"ListItem\",\"position\":1,\"name\":\"Home\",\"item\":\"https:\\\/\\\/www.taumelland.de\\\/\"},{\"@type\":\"ListItem\",\"position\":2,\"name\":\"Fichtensterben\"}]},{\"@type\":\"WebSite\",\"@id\":\"https:\\\/\\\/www.taumelland.de\\\/#website\",\"url\":\"https:\\\/\\\/www.taumelland.de\\\/\",\"name\":\"taumelland.de\",\"description\":\"der romantische Fotoblog\",\"publisher\":{\"@id\":\"https:\\\/\\\/www.taumelland.de\\\/#\\\/schema\\\/person\\\/d408cfcd33462b0f8d9e9356cfef1aab\"},\"potentialAction\":[{\"@type\":\"SearchAction\",\"target\":{\"@type\":\"EntryPoint\",\"urlTemplate\":\"https:\\\/\\\/www.taumelland.de\\\/?s={search_term_string}\"},\"query-input\":{\"@type\":\"PropertyValueSpecification\",\"valueRequired\":true,\"valueName\":\"search_term_string\"}}],\"inLanguage\":\"de\"},{\"@type\":[\"Person\",\"Organization\"],\"@id\":\"https:\\\/\\\/www.taumelland.de\\\/#\\\/schema\\\/person\\\/d408cfcd33462b0f8d9e9356cfef1aab\",\"name\":\"Marcus Bohl\",\"image\":{\"@type\":\"ImageObject\",\"inLanguage\":\"de\",\"@id\":\"https:\\\/\\\/i0.wp.com\\\/www.taumelland.de\\\/wp-content\\\/uploads\\\/2022\\\/04\\\/rosa3.jpg?fit=960%2C639&ssl=1\",\"url\":\"https:\\\/\\\/i0.wp.com\\\/www.taumelland.de\\\/wp-content\\\/uploads\\\/2022\\\/04\\\/rosa3.jpg?fit=960%2C639&ssl=1\",\"contentUrl\":\"https:\\\/\\\/i0.wp.com\\\/www.taumelland.de\\\/wp-content\\\/uploads\\\/2022\\\/04\\\/rosa3.jpg?fit=960%2C639&ssl=1\",\"width\":960,\"height\":639,\"caption\":\"Marcus Bohl\"},\"logo\":{\"@id\":\"https:\\\/\\\/i0.wp.com\\\/www.taumelland.de\\\/wp-content\\\/uploads\\\/2022\\\/04\\\/rosa3.jpg?fit=960%2C639&ssl=1\"},\"sameAs\":[\"https:\\\/\\\/www.instagram.com\\\/taumelland\\\/?hl=de\"]},{\"@type\":\"Person\",\"@id\":\"https:\\\/\\\/www.taumelland.de\\\/#\\\/schema\\\/person\\\/7c3bfb4fefffd1a6bd38e8c18f296dbf\",\"name\":\"Mbolee\",\"sameAs\":[\"http:\\\/\\\/taumelland.de\"],\"url\":\"https:\\\/\\\/www.taumelland.de\\\/index.php\\\/author\\\/mbolee\\\/\"}]}<\/script>\n<!-- \/ Yoast SEO plugin. -->","yoast_head_json":{"title":"Fichtensterben taumelland.de %","description":"Im Fr\u00fchling 2020 l\u00e4sst es sich auch im Taunus nicht mehr \u00fcbersehen: \u00a0mit dem Fichtenwald geht es zu Ende.Das ist schon l\u00e4nger so prophezeit worden und wird nun schlagartig augenscheinlich.","robots":{"index":"index","follow":"follow","max-snippet":"max-snippet:-1","max-image-preview":"max-image-preview:large","max-video-preview":"max-video-preview:-1"},"canonical":"https:\/\/www.taumelland.de\/index.php\/2020\/04\/23\/fichtensterben\/","og_locale":"de_DE","og_type":"article","og_title":"Fichtensterben taumelland.de %","og_description":"Im Fr\u00fchling 2020 l\u00e4sst es sich auch im Taunus nicht mehr \u00fcbersehen: \u00a0mit dem Fichtenwald geht es zu Ende.Das ist schon l\u00e4nger so prophezeit worden und wird nun schlagartig augenscheinlich.","og_url":"https:\/\/www.taumelland.de\/index.php\/2020\/04\/23\/fichtensterben\/","og_site_name":"taumelland.de","article_published_time":"2020-04-23T20:30:49+00:00","article_modified_time":"2020-04-23T20:35:15+00:00","og_image":[{"width":960,"height":639,"url":"https:\/\/www.taumelland.de\/wp-content\/uploads\/2020\/04\/fichten2-7215.jpg","type":"image\/jpeg"}],"author":"Mbolee","twitter_card":"summary_large_image","twitter_misc":{"Verfasst von":"Mbolee","Gesch\u00e4tzte Lesezeit":"2\u00a0Minuten"},"schema":{"@context":"https:\/\/schema.org","@graph":[{"@type":"Article","@id":"https:\/\/www.taumelland.de\/index.php\/2020\/04\/23\/fichtensterben\/#article","isPartOf":{"@id":"https:\/\/www.taumelland.de\/index.php\/2020\/04\/23\/fichtensterben\/"},"author":{"name":"Mbolee","@id":"https:\/\/www.taumelland.de\/#\/schema\/person\/7c3bfb4fefffd1a6bd38e8c18f296dbf"},"headline":"Fichtensterben","datePublished":"2020-04-23T20:30:49+00:00","dateModified":"2020-04-23T20:35:15+00:00","mainEntityOfPage":{"@id":"https:\/\/www.taumelland.de\/index.php\/2020\/04\/23\/fichtensterben\/"},"wordCount":386,"commentCount":0,"publisher":{"@id":"https:\/\/www.taumelland.de\/#\/schema\/person\/d408cfcd33462b0f8d9e9356cfef1aab"},"image":{"@id":"https:\/\/www.taumelland.de\/index.php\/2020\/04\/23\/fichtensterben\/#primaryimage"},"thumbnailUrl":"https:\/\/i0.wp.com\/www.taumelland.de\/wp-content\/uploads\/2020\/04\/fichten2-7215.jpg?fit=960%2C639&ssl=1","keywords":["Die Wildnis vor der Haust\u00fcr","Fichten","Klimawandel","Taunus"],"articleSection":{"1":"B\u00e4ume","2":"Wald","3":"Waldeinsamkeit"},"inLanguage":"de","potentialAction":[{"@type":"CommentAction","name":"Comment","target":["https:\/\/www.taumelland.de\/index.php\/2020\/04\/23\/fichtensterben\/#respond"]}]},{"@type":"WebPage","@id":"https:\/\/www.taumelland.de\/index.php\/2020\/04\/23\/fichtensterben\/","url":"https:\/\/www.taumelland.de\/index.php\/2020\/04\/23\/fichtensterben\/","name":"Fichtensterben taumelland.de %","isPartOf":{"@id":"https:\/\/www.taumelland.de\/#website"},"primaryImageOfPage":{"@id":"https:\/\/www.taumelland.de\/index.php\/2020\/04\/23\/fichtensterben\/#primaryimage"},"image":{"@id":"https:\/\/www.taumelland.de\/index.php\/2020\/04\/23\/fichtensterben\/#primaryimage"},"thumbnailUrl":"https:\/\/i0.wp.com\/www.taumelland.de\/wp-content\/uploads\/2020\/04\/fichten2-7215.jpg?fit=960%2C639&ssl=1","datePublished":"2020-04-23T20:30:49+00:00","dateModified":"2020-04-23T20:35:15+00:00","description":"Im Fr\u00fchling 2020 l\u00e4sst es sich auch im Taunus nicht mehr \u00fcbersehen: \u00a0mit dem Fichtenwald geht es zu Ende.Das ist schon l\u00e4nger so prophezeit worden und wird nun schlagartig augenscheinlich.","breadcrumb":{"@id":"https:\/\/www.taumelland.de\/index.php\/2020\/04\/23\/fichtensterben\/#breadcrumb"},"inLanguage":"de","potentialAction":[{"@type":"ReadAction","target":["https:\/\/www.taumelland.de\/index.php\/2020\/04\/23\/fichtensterben\/"]}]},{"@type":"ImageObject","inLanguage":"de","@id":"https:\/\/www.taumelland.de\/index.php\/2020\/04\/23\/fichtensterben\/#primaryimage","url":"https:\/\/i0.wp.com\/www.taumelland.de\/wp-content\/uploads\/2020\/04\/fichten2-7215.jpg?fit=960%2C639&ssl=1","contentUrl":"https:\/\/i0.wp.com\/www.taumelland.de\/wp-content\/uploads\/2020\/04\/fichten2-7215.jpg?fit=960%2C639&ssl=1","width":960,"height":639,"caption":"fichtensterben"},{"@type":"BreadcrumbList","@id":"https:\/\/www.taumelland.de\/index.php\/2020\/04\/23\/fichtensterben\/#breadcrumb","itemListElement":[{"@type":"ListItem","position":1,"name":"Home","item":"https:\/\/www.taumelland.de\/"},{"@type":"ListItem","position":2,"name":"Fichtensterben"}]},{"@type":"WebSite","@id":"https:\/\/www.taumelland.de\/#website","url":"https:\/\/www.taumelland.de\/","name":"taumelland.de","description":"der romantische Fotoblog","publisher":{"@id":"https:\/\/www.taumelland.de\/#\/schema\/person\/d408cfcd33462b0f8d9e9356cfef1aab"},"potentialAction":[{"@type":"SearchAction","target":{"@type":"EntryPoint","urlTemplate":"https:\/\/www.taumelland.de\/?s={search_term_string}"},"query-input":{"@type":"PropertyValueSpecification","valueRequired":true,"valueName":"search_term_string"}}],"inLanguage":"de"},{"@type":["Person","Organization"],"@id":"https:\/\/www.taumelland.de\/#\/schema\/person\/d408cfcd33462b0f8d9e9356cfef1aab","name":"Marcus Bohl","image":{"@type":"ImageObject","inLanguage":"de","@id":"https:\/\/i0.wp.com\/www.taumelland.de\/wp-content\/uploads\/2022\/04\/rosa3.jpg?fit=960%2C639&ssl=1","url":"https:\/\/i0.wp.com\/www.taumelland.de\/wp-content\/uploads\/2022\/04\/rosa3.jpg?fit=960%2C639&ssl=1","contentUrl":"https:\/\/i0.wp.com\/www.taumelland.de\/wp-content\/uploads\/2022\/04\/rosa3.jpg?fit=960%2C639&ssl=1","width":960,"height":639,"caption":"Marcus Bohl"},"logo":{"@id":"https:\/\/i0.wp.com\/www.taumelland.de\/wp-content\/uploads\/2022\/04\/rosa3.jpg?fit=960%2C639&ssl=1"},"sameAs":["https:\/\/www.instagram.com\/taumelland\/?hl=de"]},{"@type":"Person","@id":"https:\/\/www.taumelland.de\/#\/schema\/person\/7c3bfb4fefffd1a6bd38e8c18f296dbf","name":"Mbolee","sameAs":["http:\/\/taumelland.de"],"url":"https:\/\/www.taumelland.de\/index.php\/author\/mbolee\/"}]}},"jetpack_publicize_connections":[],"jetpack_featured_media_url":"https:\/\/i0.wp.com\/www.taumelland.de\/wp-content\/uploads\/2020\/04\/fichten2-7215.jpg?fit=960%2C639&ssl=1","jetpack_sharing_enabled":true,"jetpack_shortlink":"https:\/\/wp.me\/p77Evr-Aq","jetpack-related-posts":[],"_links":{"self":[{"href":"https:\/\/www.taumelland.de\/index.php\/wp-json\/wp\/v2\/posts\/2258","targetHints":{"allow":["GET"]}}],"collection":[{"href":"https:\/\/www.taumelland.de\/index.php\/wp-json\/wp\/v2\/posts"}],"about":[{"href":"https:\/\/www.taumelland.de\/index.php\/wp-json\/wp\/v2\/types\/post"}],"author":[{"embeddable":true,"href":"https:\/\/www.taumelland.de\/index.php\/wp-json\/wp\/v2\/users\/1"}],"replies":[{"embeddable":true,"href":"https:\/\/www.taumelland.de\/index.php\/wp-json\/wp\/v2\/comments?post=2258"}],"version-history":[{"count":7,"href":"https:\/\/www.taumelland.de\/index.php\/wp-json\/wp\/v2\/posts\/2258\/revisions"}],"predecessor-version":[{"id":2272,"href":"https:\/\/www.taumelland.de\/index.php\/wp-json\/wp\/v2\/posts\/2258\/revisions\/2272"}],"wp:featuredmedia":[{"embeddable":true,"href":"https:\/\/www.taumelland.de\/index.php\/wp-json\/wp\/v2\/media\/2261"}],"wp:attachment":[{"href":"https:\/\/www.taumelland.de\/index.php\/wp-json\/wp\/v2\/media?parent=2258"}],"wp:term":[{"taxonomy":"category","embeddable":true,"href":"https:\/\/www.taumelland.de\/index.php\/wp-json\/wp\/v2\/categories?post=2258"},{"taxonomy":"post_tag","embeddable":true,"href":"https:\/\/www.taumelland.de\/index.php\/wp-json\/wp\/v2\/tags?post=2258"}],"curies":[{"name":"wp","href":"https:\/\/api.w.org\/{rel}","templated":true}]}}