{"id":223,"date":"2016-04-25T22:34:32","date_gmt":"2016-04-25T20:34:32","guid":{"rendered":"http:\/\/www.taumelland.de\/?p=223"},"modified":"2016-04-25T22:34:32","modified_gmt":"2016-04-25T20:34:32","slug":"first-green","status":"publish","type":"post","link":"https:\/\/www.taumelland.de\/index.php\/2016\/04\/25\/first-green\/","title":{"rendered":"First Green"},"content":{"rendered":"<p>Serie in 5 Bildern, Taunus April 2016<\/p>\n<p>First green &#8211; Von Mitte\u00a0April bist Mitte Mai kehren die Bl\u00e4tter in den Wald zur\u00fcck. Was am Anfang noch wie ein sch\u00fcchterner Pointillismus anmutet wandelt sich zu einer impressionistischen Farborgie in Gr\u00fcn.<br \/>\nMit die sch\u00f6nste und spannendste Zeit um im Wald unterwegs zu sein.<\/p>\n<div class=\"tiled-gallery type-rectangular tiled-gallery-unresized\" data-original-width=\"700\" data-carousel-extra='{&quot;blog_id&quot;:1,&quot;permalink&quot;:&quot;https:\\\/\\\/www.taumelland.de\\\/index.php\\\/2016\\\/04\\\/25\\\/first-green\\\/&quot;,&quot;likes_blog_id&quot;:105258357}' itemscope itemtype=\"http:\/\/schema.org\/ImageGallery\" > <div class=\"gallery-row\" style=\"width: 700px; height: 313px;\" data-original-width=\"700\" data-original-height=\"313\" > <div class=\"gallery-group images-1\" style=\"width: 467px; height: 313px;\" data-original-width=\"467\" data-original-height=\"313\" > <div class=\"tiled-gallery-item tiled-gallery-item-large\" itemprop=\"associatedMedia\" itemscope itemtype=\"http:\/\/schema.org\/ImageObject\"> <a href=\"https:\/\/i0.wp.com\/www.taumelland.de\/wp-content\/uploads\/2016\/04\/Jj_ABaeume-6160-1.jpg?ssl=1\" border=\"0\" itemprop=\"url\" rel=\"lightbox[223]\"> <meta itemprop=\"width\" content=\"463\"> <meta itemprop=\"height\" content=\"309\"> <img decoding=\"async\" class=\"\" data-attachment-id=\"232\" data-orig-file=\"https:\/\/www.taumelland.de\/wp-content\/uploads\/2016\/04\/Jj_ABaeume-6160-1.jpg\" data-orig-size=\"970,647\" data-comments-opened=\"1\" data-image-meta=\"{&quot;aperture&quot;:&quot;0&quot;,&quot;credit&quot;:&quot;&quot;,&quot;camera&quot;:&quot;&quot;,&quot;caption&quot;:&quot;&quot;,&quot;created_timestamp&quot;:&quot;0&quot;,&quot;copyright&quot;:&quot;&quot;,&quot;focal_length&quot;:&quot;0&quot;,&quot;iso&quot;:&quot;0&quot;,&quot;shutter_speed&quot;:&quot;0&quot;,&quot;title&quot;:&quot;&quot;,&quot;orientation&quot;:&quot;0&quot;}\" data-image-title=\"Generationen\" data-image-description=\"\" data-medium-file=\"https:\/\/i0.wp.com\/www.taumelland.de\/wp-content\/uploads\/2016\/04\/Jj_ABaeume-6160-1.jpg?fit=300%2C200&#038;ssl=1\" data-large-file=\"https:\/\/i0.wp.com\/www.taumelland.de\/wp-content\/uploads\/2016\/04\/Jj_ABaeume-6160-1.jpg?fit=700%2C467&#038;ssl=1\" src=\"https:\/\/i0.wp.com\/www.taumelland.de\/wp-content\/uploads\/2016\/04\/Jj_ABaeume-6160-1.jpg?w=463&#038;h=309&#038;ssl=1\" srcset=\"https:\/\/i0.wp.com\/www.taumelland.de\/wp-content\/uploads\/2016\/04\/Jj_ABaeume-6160-1.jpg?w=970&amp;ssl=1 970w, https:\/\/i0.wp.com\/www.taumelland.de\/wp-content\/uploads\/2016\/04\/Jj_ABaeume-6160-1.jpg?resize=150%2C100&amp;ssl=1 150w, https:\/\/i0.wp.com\/www.taumelland.de\/wp-content\/uploads\/2016\/04\/Jj_ABaeume-6160-1.jpg?resize=300%2C200&amp;ssl=1 300w, https:\/\/i0.wp.com\/www.taumelland.de\/wp-content\/uploads\/2016\/04\/Jj_ABaeume-6160-1.jpg?resize=580%2C387&amp;ssl=1 580w, https:\/\/i0.wp.com\/www.taumelland.de\/wp-content\/uploads\/2016\/04\/Jj_ABaeume-6160-1.jpg?resize=800%2C534&amp;ssl=1 800w\" width=\"463\" height=\"309\" loading=\"lazy\" data-original-width=\"463\" data-original-height=\"309\" itemprop=\"http:\/\/schema.org\/image\" title=\"Generationen\" alt=\"Generationen\" style=\"width: 463px; height: 309px;\" \/> <\/a> <\/div> <\/div> <!-- close group --> <div class=\"gallery-group images-2\" style=\"width: 233px; height: 313px;\" data-original-width=\"233\" data-original-height=\"313\" > <div class=\"tiled-gallery-item tiled-gallery-item-small\" itemprop=\"associatedMedia\" itemscope itemtype=\"http:\/\/schema.org\/ImageObject\"> <a href=\"https:\/\/i0.wp.com\/www.taumelland.de\/wp-content\/uploads\/2016\/04\/goldsteintal-6151.jpg?ssl=1\" border=\"0\" itemprop=\"url\" rel=\"lightbox[223]\"> <meta itemprop=\"width\" content=\"229\"> <meta itemprop=\"height\" content=\"153\"> <img decoding=\"async\" class=\"\" data-attachment-id=\"238\" data-orig-file=\"https:\/\/www.taumelland.de\/wp-content\/uploads\/2016\/04\/goldsteintal-6151.jpg\" data-orig-size=\"970,647\" data-comments-opened=\"1\" data-image-meta=\"{&quot;aperture&quot;:&quot;0&quot;,&quot;credit&quot;:&quot;&quot;,&quot;camera&quot;:&quot;&quot;,&quot;caption&quot;:&quot;&quot;,&quot;created_timestamp&quot;:&quot;0&quot;,&quot;copyright&quot;:&quot;&quot;,&quot;focal_length&quot;:&quot;0&quot;,&quot;iso&quot;:&quot;0&quot;,&quot;shutter_speed&quot;:&quot;0&quot;,&quot;title&quot;:&quot;&quot;,&quot;orientation&quot;:&quot;0&quot;}\" data-image-title=\"First Green\" data-image-description=\"\" data-medium-file=\"https:\/\/i0.wp.com\/www.taumelland.de\/wp-content\/uploads\/2016\/04\/goldsteintal-6151.jpg?fit=300%2C200&#038;ssl=1\" data-large-file=\"https:\/\/i0.wp.com\/www.taumelland.de\/wp-content\/uploads\/2016\/04\/goldsteintal-6151.jpg?fit=700%2C467&#038;ssl=1\" src=\"https:\/\/i0.wp.com\/www.taumelland.de\/wp-content\/uploads\/2016\/04\/goldsteintal-6151.jpg?w=229&#038;h=153&#038;ssl=1\" srcset=\"https:\/\/i0.wp.com\/www.taumelland.de\/wp-content\/uploads\/2016\/04\/goldsteintal-6151.jpg?w=970&amp;ssl=1 970w, https:\/\/i0.wp.com\/www.taumelland.de\/wp-content\/uploads\/2016\/04\/goldsteintal-6151.jpg?resize=150%2C100&amp;ssl=1 150w, https:\/\/i0.wp.com\/www.taumelland.de\/wp-content\/uploads\/2016\/04\/goldsteintal-6151.jpg?resize=300%2C200&amp;ssl=1 300w, https:\/\/i0.wp.com\/www.taumelland.de\/wp-content\/uploads\/2016\/04\/goldsteintal-6151.jpg?resize=580%2C387&amp;ssl=1 580w, https:\/\/i0.wp.com\/www.taumelland.de\/wp-content\/uploads\/2016\/04\/goldsteintal-6151.jpg?resize=800%2C534&amp;ssl=1 800w\" width=\"229\" height=\"153\" loading=\"lazy\" data-original-width=\"229\" data-original-height=\"153\" itemprop=\"http:\/\/schema.org\/image\" title=\"First Green\" alt=\"First Green\" style=\"width: 229px; height: 153px;\" \/> <\/a> <\/div> <div class=\"tiled-gallery-item tiled-gallery-item-small\" itemprop=\"associatedMedia\" itemscope itemtype=\"http:\/\/schema.org\/ImageObject\"> <a href=\"https:\/\/i0.wp.com\/www.taumelland.de\/wp-content\/uploads\/2016\/04\/eiche2-6349-1.jpg?ssl=1\" border=\"0\" itemprop=\"url\" rel=\"lightbox[223]\"> <meta itemprop=\"width\" content=\"229\"> <meta itemprop=\"height\" content=\"152\"> <img decoding=\"async\" class=\"\" data-attachment-id=\"235\" data-orig-file=\"https:\/\/www.taumelland.de\/wp-content\/uploads\/2016\/04\/eiche2-6349-1.jpg\" data-orig-size=\"970,647\" data-comments-opened=\"1\" data-image-meta=\"{&quot;aperture&quot;:&quot;0&quot;,&quot;credit&quot;:&quot;&quot;,&quot;camera&quot;:&quot;&quot;,&quot;caption&quot;:&quot;&quot;,&quot;created_timestamp&quot;:&quot;0&quot;,&quot;copyright&quot;:&quot;&quot;,&quot;focal_length&quot;:&quot;0&quot;,&quot;iso&quot;:&quot;0&quot;,&quot;shutter_speed&quot;:&quot;0&quot;,&quot;title&quot;:&quot;&quot;,&quot;orientation&quot;:&quot;0&quot;}\" data-image-title=\"Buchenwald\" data-image-description=\"\" data-medium-file=\"https:\/\/i0.wp.com\/www.taumelland.de\/wp-content\/uploads\/2016\/04\/eiche2-6349-1.jpg?fit=300%2C200&#038;ssl=1\" data-large-file=\"https:\/\/i0.wp.com\/www.taumelland.de\/wp-content\/uploads\/2016\/04\/eiche2-6349-1.jpg?fit=700%2C467&#038;ssl=1\" src=\"https:\/\/i0.wp.com\/www.taumelland.de\/wp-content\/uploads\/2016\/04\/eiche2-6349-1.jpg?w=229&#038;h=152&#038;ssl=1\" srcset=\"https:\/\/i0.wp.com\/www.taumelland.de\/wp-content\/uploads\/2016\/04\/eiche2-6349-1.jpg?w=970&amp;ssl=1 970w, https:\/\/i0.wp.com\/www.taumelland.de\/wp-content\/uploads\/2016\/04\/eiche2-6349-1.jpg?resize=150%2C100&amp;ssl=1 150w, https:\/\/i0.wp.com\/www.taumelland.de\/wp-content\/uploads\/2016\/04\/eiche2-6349-1.jpg?resize=300%2C200&amp;ssl=1 300w, https:\/\/i0.wp.com\/www.taumelland.de\/wp-content\/uploads\/2016\/04\/eiche2-6349-1.jpg?resize=580%2C387&amp;ssl=1 580w, https:\/\/i0.wp.com\/www.taumelland.de\/wp-content\/uploads\/2016\/04\/eiche2-6349-1.jpg?resize=800%2C534&amp;ssl=1 800w\" width=\"229\" height=\"152\" loading=\"lazy\" data-original-width=\"229\" data-original-height=\"152\" itemprop=\"http:\/\/schema.org\/image\" title=\"Buchenwald\" alt=\"Buchenwald\" style=\"width: 229px; height: 152px;\" \/> <\/a> <\/div> <\/div> <!-- close group --> <\/div> <!-- close row --> <div class=\"gallery-row\" style=\"width: 700px; height: 235px;\" data-original-width=\"700\" data-original-height=\"235\" > <div class=\"gallery-group images-1\" style=\"width: 350px; height: 235px;\" data-original-width=\"350\" data-original-height=\"235\" > <div class=\"tiled-gallery-item tiled-gallery-item-large\" itemprop=\"associatedMedia\" itemscope itemtype=\"http:\/\/schema.org\/ImageObject\"> <a href=\"https:\/\/i0.wp.com\/www.taumelland.de\/wp-content\/uploads\/2016\/04\/ast1-6569-1.jpg?ssl=1\" border=\"0\" itemprop=\"url\" rel=\"lightbox[223]\"> <meta itemprop=\"width\" content=\"346\"> <meta itemprop=\"height\" content=\"231\"> <img decoding=\"async\" class=\"\" data-attachment-id=\"234\" data-orig-file=\"https:\/\/www.taumelland.de\/wp-content\/uploads\/2016\/04\/ast1-6569-1.jpg\" data-orig-size=\"970,647\" data-comments-opened=\"1\" data-image-meta=\"{&quot;aperture&quot;:&quot;0&quot;,&quot;credit&quot;:&quot;&quot;,&quot;camera&quot;:&quot;&quot;,&quot;caption&quot;:&quot;&quot;,&quot;created_timestamp&quot;:&quot;0&quot;,&quot;copyright&quot;:&quot;&quot;,&quot;focal_length&quot;:&quot;0&quot;,&quot;iso&quot;:&quot;0&quot;,&quot;shutter_speed&quot;:&quot;0&quot;,&quot;title&quot;:&quot;&quot;,&quot;orientation&quot;:&quot;0&quot;}\" data-image-title=\"Ast\" data-image-description=\"\" data-medium-file=\"https:\/\/i0.wp.com\/www.taumelland.de\/wp-content\/uploads\/2016\/04\/ast1-6569-1.jpg?fit=300%2C200&#038;ssl=1\" data-large-file=\"https:\/\/i0.wp.com\/www.taumelland.de\/wp-content\/uploads\/2016\/04\/ast1-6569-1.jpg?fit=700%2C467&#038;ssl=1\" src=\"https:\/\/i0.wp.com\/www.taumelland.de\/wp-content\/uploads\/2016\/04\/ast1-6569-1.jpg?w=346&#038;h=231&#038;ssl=1\" srcset=\"https:\/\/i0.wp.com\/www.taumelland.de\/wp-content\/uploads\/2016\/04\/ast1-6569-1.jpg?w=970&amp;ssl=1 970w, https:\/\/i0.wp.com\/www.taumelland.de\/wp-content\/uploads\/2016\/04\/ast1-6569-1.jpg?resize=150%2C100&amp;ssl=1 150w, https:\/\/i0.wp.com\/www.taumelland.de\/wp-content\/uploads\/2016\/04\/ast1-6569-1.jpg?resize=300%2C200&amp;ssl=1 300w, https:\/\/i0.wp.com\/www.taumelland.de\/wp-content\/uploads\/2016\/04\/ast1-6569-1.jpg?resize=580%2C387&amp;ssl=1 580w, https:\/\/i0.wp.com\/www.taumelland.de\/wp-content\/uploads\/2016\/04\/ast1-6569-1.jpg?resize=800%2C534&amp;ssl=1 800w\" width=\"346\" height=\"231\" loading=\"lazy\" data-original-width=\"346\" data-original-height=\"231\" itemprop=\"http:\/\/schema.org\/image\" title=\"Ast\" alt=\"Ast\" style=\"width: 346px; height: 231px;\" \/> <\/a> <\/div> <\/div> <!-- close group --> <div class=\"gallery-group images-1\" style=\"width: 350px; height: 235px;\" data-original-width=\"350\" data-original-height=\"235\" > <div class=\"tiled-gallery-item tiled-gallery-item-large\" itemprop=\"associatedMedia\" itemscope itemtype=\"http:\/\/schema.org\/ImageObject\"> <a href=\"https:\/\/i0.wp.com\/www.taumelland.de\/wp-content\/uploads\/2016\/04\/zelt2-6333-1.jpg?ssl=1\" border=\"0\" itemprop=\"url\" rel=\"lightbox[223]\"> <meta itemprop=\"width\" content=\"346\"> <meta itemprop=\"height\" content=\"231\"> <img decoding=\"async\" class=\"\" data-attachment-id=\"233\" data-orig-file=\"https:\/\/www.taumelland.de\/wp-content\/uploads\/2016\/04\/zelt2-6333-1.jpg\" data-orig-size=\"970,647\" data-comments-opened=\"1\" data-image-meta=\"{&quot;aperture&quot;:&quot;0&quot;,&quot;credit&quot;:&quot;&quot;,&quot;camera&quot;:&quot;&quot;,&quot;caption&quot;:&quot;&quot;,&quot;created_timestamp&quot;:&quot;0&quot;,&quot;copyright&quot;:&quot;&quot;,&quot;focal_length&quot;:&quot;0&quot;,&quot;iso&quot;:&quot;0&quot;,&quot;shutter_speed&quot;:&quot;0&quot;,&quot;title&quot;:&quot;&quot;,&quot;orientation&quot;:&quot;0&quot;}\" data-image-title=\"Zelt\" data-image-description=\"\" data-medium-file=\"https:\/\/i0.wp.com\/www.taumelland.de\/wp-content\/uploads\/2016\/04\/zelt2-6333-1.jpg?fit=300%2C200&#038;ssl=1\" data-large-file=\"https:\/\/i0.wp.com\/www.taumelland.de\/wp-content\/uploads\/2016\/04\/zelt2-6333-1.jpg?fit=700%2C467&#038;ssl=1\" src=\"https:\/\/i0.wp.com\/www.taumelland.de\/wp-content\/uploads\/2016\/04\/zelt2-6333-1.jpg?w=346&#038;h=231&#038;ssl=1\" srcset=\"https:\/\/i0.wp.com\/www.taumelland.de\/wp-content\/uploads\/2016\/04\/zelt2-6333-1.jpg?w=970&amp;ssl=1 970w, https:\/\/i0.wp.com\/www.taumelland.de\/wp-content\/uploads\/2016\/04\/zelt2-6333-1.jpg?resize=150%2C100&amp;ssl=1 150w, https:\/\/i0.wp.com\/www.taumelland.de\/wp-content\/uploads\/2016\/04\/zelt2-6333-1.jpg?resize=300%2C200&amp;ssl=1 300w, https:\/\/i0.wp.com\/www.taumelland.de\/wp-content\/uploads\/2016\/04\/zelt2-6333-1.jpg?resize=580%2C387&amp;ssl=1 580w, https:\/\/i0.wp.com\/www.taumelland.de\/wp-content\/uploads\/2016\/04\/zelt2-6333-1.jpg?resize=800%2C534&amp;ssl=1 800w\" width=\"346\" height=\"231\" loading=\"lazy\" data-original-width=\"346\" data-original-height=\"231\" itemprop=\"http:\/\/schema.org\/image\" title=\"Zelt\" alt=\"Zelt\" style=\"width: 346px; height: 231px;\" \/> <\/a> <\/div> <\/div> <!-- close group --> <\/div> <!-- close row --> <\/div>\n","protected":false},"excerpt":{"rendered":"<p>Serie in 5 Bildern, Taunus April 2016 First green &#8211; Von Mitte\u00a0April bist Mitte Mai kehren die Bl\u00e4tter in den Wald zur\u00fcck. Was am Anfang noch wie ein sch\u00fcchterner Pointillismus anmutet wandelt sich zu einer impressionistischen Farborgie in Gr\u00fcn. Mit die sch\u00f6nste und spannendste Zeit&hellip;<\/p>\n","protected":false},"author":1,"featured_media":233,"comment_status":"open","ping_status":"open","sticky":false,"template":"","format":"standard","meta":{"_themeisle_gutenberg_block_has_review":false,"jetpack_post_was_ever_published":false,"_jetpack_newsletter_access":"","_jetpack_dont_email_post_to_subs":false,"_jetpack_newsletter_tier_id":0,"_jetpack_memberships_contains_paywalled_content":false,"_jetpack_memberships_contains_paid_content":false,"footnotes":"","jetpack_publicize_message":"","jetpack_publicize_feature_enabled":true,"jetpack_social_post_already_shared":true,"jetpack_social_options":{"image_generator_settings":{"template":"highway","default_image_id":0,"font":"","enabled":false},"version":2}},"categories":[19,3,2,47],"tags":[72,74,12,16,73],"class_list":["post-223","post","type-post","status-publish","format-standard","has-post-thumbnail","hentry","category-baeume","category-pflanzen","category-wald","category-waldeinsamkeit","tag-fruehling","tag-gruen","tag-laub","tag-taunus","tag-wiesbadner-stadtwald"],"yoast_head":"<!-- This site is optimized with the Yoast SEO plugin v27.5 - https:\/\/yoast.com\/product\/yoast-seo-wordpress\/ -->\n<title>First Green - taumelland.de<\/title>\n<meta name=\"description\" content=\"First green -von Mitte April bis etwa Mitte Mai kehren die Bl\u00e4tter in den Wald zur\u00fcck.\" \/>\n<meta name=\"robots\" content=\"index, follow, max-snippet:-1, max-image-preview:large, max-video-preview:-1\" \/>\n<link rel=\"canonical\" href=\"https:\/\/www.taumelland.de\/index.php\/2016\/04\/25\/first-green\/\" \/>\n<meta property=\"og:locale\" content=\"de_DE\" \/>\n<meta property=\"og:type\" content=\"article\" \/>\n<meta property=\"og:title\" content=\"First Green - taumelland.de\" \/>\n<meta property=\"og:description\" content=\"First green -von Mitte April bis etwa Mitte Mai kehren die Bl\u00e4tter in den Wald zur\u00fcck.\" \/>\n<meta property=\"og:url\" content=\"https:\/\/www.taumelland.de\/index.php\/2016\/04\/25\/first-green\/\" \/>\n<meta property=\"og:site_name\" content=\"taumelland.de\" \/>\n<meta property=\"article:published_time\" content=\"2016-04-25T20:34:32+00:00\" \/>\n<meta property=\"og:image\" content=\"https:\/\/www.taumelland.de\/wp-content\/uploads\/2016\/04\/zelt2-6333-1.jpg\" \/>\n\t<meta property=\"og:image:width\" content=\"970\" \/>\n\t<meta property=\"og:image:height\" content=\"647\" \/>\n\t<meta property=\"og:image:type\" content=\"image\/jpeg\" \/>\n<meta name=\"author\" content=\"Mbolee\" \/>\n<meta name=\"twitter:card\" content=\"summary_large_image\" \/>\n<meta name=\"twitter:label1\" content=\"Verfasst von\" \/>\n\t<meta name=\"twitter:data1\" content=\"Mbolee\" \/>\n<script type=\"application\/ld+json\" class=\"yoast-schema-graph\">{\"@context\":\"https:\\\/\\\/schema.org\",\"@graph\":[{\"@type\":\"Article\",\"@id\":\"https:\\\/\\\/www.taumelland.de\\\/index.php\\\/2016\\\/04\\\/25\\\/first-green\\\/#article\",\"isPartOf\":{\"@id\":\"https:\\\/\\\/www.taumelland.de\\\/index.php\\\/2016\\\/04\\\/25\\\/first-green\\\/\"},\"author\":{\"name\":\"Mbolee\",\"@id\":\"https:\\\/\\\/www.taumelland.de\\\/#\\\/schema\\\/person\\\/7c3bfb4fefffd1a6bd38e8c18f296dbf\"},\"headline\":\"First Green\",\"datePublished\":\"2016-04-25T20:34:32+00:00\",\"mainEntityOfPage\":{\"@id\":\"https:\\\/\\\/www.taumelland.de\\\/index.php\\\/2016\\\/04\\\/25\\\/first-green\\\/\"},\"wordCount\":64,\"commentCount\":0,\"publisher\":{\"@id\":\"https:\\\/\\\/www.taumelland.de\\\/#\\\/schema\\\/person\\\/d408cfcd33462b0f8d9e9356cfef1aab\"},\"image\":{\"@id\":\"https:\\\/\\\/www.taumelland.de\\\/index.php\\\/2016\\\/04\\\/25\\\/first-green\\\/#primaryimage\"},\"thumbnailUrl\":\"https:\\\/\\\/i0.wp.com\\\/www.taumelland.de\\\/wp-content\\\/uploads\\\/2016\\\/04\\\/zelt2-6333-1.jpg?fit=970%2C647&ssl=1\",\"keywords\":[\"Fr\u00fchling\",\"Gr\u00fcn\",\"Laub\",\"Taunus\",\"Wiesbadner Stadtwald\"],\"articleSection\":[\"B\u00e4ume\",\"Pflanzen\",\"Wald\",\"Waldeinsamkeit\"],\"inLanguage\":\"de\",\"potentialAction\":[{\"@type\":\"CommentAction\",\"name\":\"Comment\",\"target\":[\"https:\\\/\\\/www.taumelland.de\\\/index.php\\\/2016\\\/04\\\/25\\\/first-green\\\/#respond\"]}]},{\"@type\":\"WebPage\",\"@id\":\"https:\\\/\\\/www.taumelland.de\\\/index.php\\\/2016\\\/04\\\/25\\\/first-green\\\/\",\"url\":\"https:\\\/\\\/www.taumelland.de\\\/index.php\\\/2016\\\/04\\\/25\\\/first-green\\\/\",\"name\":\"First Green - taumelland.de\",\"isPartOf\":{\"@id\":\"https:\\\/\\\/www.taumelland.de\\\/#website\"},\"primaryImageOfPage\":{\"@id\":\"https:\\\/\\\/www.taumelland.de\\\/index.php\\\/2016\\\/04\\\/25\\\/first-green\\\/#primaryimage\"},\"image\":{\"@id\":\"https:\\\/\\\/www.taumelland.de\\\/index.php\\\/2016\\\/04\\\/25\\\/first-green\\\/#primaryimage\"},\"thumbnailUrl\":\"https:\\\/\\\/i0.wp.com\\\/www.taumelland.de\\\/wp-content\\\/uploads\\\/2016\\\/04\\\/zelt2-6333-1.jpg?fit=970%2C647&ssl=1\",\"datePublished\":\"2016-04-25T20:34:32+00:00\",\"description\":\"First green -von Mitte April bis etwa Mitte Mai kehren die Bl\u00e4tter in den Wald zur\u00fcck.\",\"breadcrumb\":{\"@id\":\"https:\\\/\\\/www.taumelland.de\\\/index.php\\\/2016\\\/04\\\/25\\\/first-green\\\/#breadcrumb\"},\"inLanguage\":\"de\",\"potentialAction\":[{\"@type\":\"ReadAction\",\"target\":[\"https:\\\/\\\/www.taumelland.de\\\/index.php\\\/2016\\\/04\\\/25\\\/first-green\\\/\"]}]},{\"@type\":\"ImageObject\",\"inLanguage\":\"de\",\"@id\":\"https:\\\/\\\/www.taumelland.de\\\/index.php\\\/2016\\\/04\\\/25\\\/first-green\\\/#primaryimage\",\"url\":\"https:\\\/\\\/i0.wp.com\\\/www.taumelland.de\\\/wp-content\\\/uploads\\\/2016\\\/04\\\/zelt2-6333-1.jpg?fit=970%2C647&ssl=1\",\"contentUrl\":\"https:\\\/\\\/i0.wp.com\\\/www.taumelland.de\\\/wp-content\\\/uploads\\\/2016\\\/04\\\/zelt2-6333-1.jpg?fit=970%2C647&ssl=1\",\"width\":970,\"height\":647},{\"@type\":\"BreadcrumbList\",\"@id\":\"https:\\\/\\\/www.taumelland.de\\\/index.php\\\/2016\\\/04\\\/25\\\/first-green\\\/#breadcrumb\",\"itemListElement\":[{\"@type\":\"ListItem\",\"position\":1,\"name\":\"Home\",\"item\":\"https:\\\/\\\/www.taumelland.de\\\/\"},{\"@type\":\"ListItem\",\"position\":2,\"name\":\"First Green\"}]},{\"@type\":\"WebSite\",\"@id\":\"https:\\\/\\\/www.taumelland.de\\\/#website\",\"url\":\"https:\\\/\\\/www.taumelland.de\\\/\",\"name\":\"taumelland.de\",\"description\":\"der romantische Fotoblog\",\"publisher\":{\"@id\":\"https:\\\/\\\/www.taumelland.de\\\/#\\\/schema\\\/person\\\/d408cfcd33462b0f8d9e9356cfef1aab\"},\"potentialAction\":[{\"@type\":\"SearchAction\",\"target\":{\"@type\":\"EntryPoint\",\"urlTemplate\":\"https:\\\/\\\/www.taumelland.de\\\/?s={search_term_string}\"},\"query-input\":{\"@type\":\"PropertyValueSpecification\",\"valueRequired\":true,\"valueName\":\"search_term_string\"}}],\"inLanguage\":\"de\"},{\"@type\":[\"Person\",\"Organization\"],\"@id\":\"https:\\\/\\\/www.taumelland.de\\\/#\\\/schema\\\/person\\\/d408cfcd33462b0f8d9e9356cfef1aab\",\"name\":\"Marcus Bohl\",\"image\":{\"@type\":\"ImageObject\",\"inLanguage\":\"de\",\"@id\":\"https:\\\/\\\/i0.wp.com\\\/www.taumelland.de\\\/wp-content\\\/uploads\\\/2022\\\/04\\\/rosa3.jpg?fit=960%2C639&ssl=1\",\"url\":\"https:\\\/\\\/i0.wp.com\\\/www.taumelland.de\\\/wp-content\\\/uploads\\\/2022\\\/04\\\/rosa3.jpg?fit=960%2C639&ssl=1\",\"contentUrl\":\"https:\\\/\\\/i0.wp.com\\\/www.taumelland.de\\\/wp-content\\\/uploads\\\/2022\\\/04\\\/rosa3.jpg?fit=960%2C639&ssl=1\",\"width\":960,\"height\":639,\"caption\":\"Marcus Bohl\"},\"logo\":{\"@id\":\"https:\\\/\\\/i0.wp.com\\\/www.taumelland.de\\\/wp-content\\\/uploads\\\/2022\\\/04\\\/rosa3.jpg?fit=960%2C639&ssl=1\"},\"sameAs\":[\"https:\\\/\\\/www.instagram.com\\\/taumelland\\\/?hl=de\"]},{\"@type\":\"Person\",\"@id\":\"https:\\\/\\\/www.taumelland.de\\\/#\\\/schema\\\/person\\\/7c3bfb4fefffd1a6bd38e8c18f296dbf\",\"name\":\"Mbolee\",\"sameAs\":[\"http:\\\/\\\/taumelland.de\"],\"url\":\"https:\\\/\\\/www.taumelland.de\\\/index.php\\\/author\\\/mbolee\\\/\"}]}<\/script>\n<!-- \/ Yoast SEO plugin. -->","yoast_head_json":{"title":"First Green - taumelland.de","description":"First green -von Mitte April bis etwa Mitte Mai kehren die Bl\u00e4tter in den Wald zur\u00fcck.","robots":{"index":"index","follow":"follow","max-snippet":"max-snippet:-1","max-image-preview":"max-image-preview:large","max-video-preview":"max-video-preview:-1"},"canonical":"https:\/\/www.taumelland.de\/index.php\/2016\/04\/25\/first-green\/","og_locale":"de_DE","og_type":"article","og_title":"First Green - taumelland.de","og_description":"First green -von Mitte April bis etwa Mitte Mai kehren die Bl\u00e4tter in den Wald zur\u00fcck.","og_url":"https:\/\/www.taumelland.de\/index.php\/2016\/04\/25\/first-green\/","og_site_name":"taumelland.de","article_published_time":"2016-04-25T20:34:32+00:00","og_image":[{"width":970,"height":647,"url":"https:\/\/www.taumelland.de\/wp-content\/uploads\/2016\/04\/zelt2-6333-1.jpg","type":"image\/jpeg"}],"author":"Mbolee","twitter_card":"summary_large_image","twitter_misc":{"Verfasst von":"Mbolee"},"schema":{"@context":"https:\/\/schema.org","@graph":[{"@type":"Article","@id":"https:\/\/www.taumelland.de\/index.php\/2016\/04\/25\/first-green\/#article","isPartOf":{"@id":"https:\/\/www.taumelland.de\/index.php\/2016\/04\/25\/first-green\/"},"author":{"name":"Mbolee","@id":"https:\/\/www.taumelland.de\/#\/schema\/person\/7c3bfb4fefffd1a6bd38e8c18f296dbf"},"headline":"First Green","datePublished":"2016-04-25T20:34:32+00:00","mainEntityOfPage":{"@id":"https:\/\/www.taumelland.de\/index.php\/2016\/04\/25\/first-green\/"},"wordCount":64,"commentCount":0,"publisher":{"@id":"https:\/\/www.taumelland.de\/#\/schema\/person\/d408cfcd33462b0f8d9e9356cfef1aab"},"image":{"@id":"https:\/\/www.taumelland.de\/index.php\/2016\/04\/25\/first-green\/#primaryimage"},"thumbnailUrl":"https:\/\/i0.wp.com\/www.taumelland.de\/wp-content\/uploads\/2016\/04\/zelt2-6333-1.jpg?fit=970%2C647&ssl=1","keywords":["Fr\u00fchling","Gr\u00fcn","Laub","Taunus","Wiesbadner Stadtwald"],"articleSection":["B\u00e4ume","Pflanzen","Wald","Waldeinsamkeit"],"inLanguage":"de","potentialAction":[{"@type":"CommentAction","name":"Comment","target":["https:\/\/www.taumelland.de\/index.php\/2016\/04\/25\/first-green\/#respond"]}]},{"@type":"WebPage","@id":"https:\/\/www.taumelland.de\/index.php\/2016\/04\/25\/first-green\/","url":"https:\/\/www.taumelland.de\/index.php\/2016\/04\/25\/first-green\/","name":"First Green - taumelland.de","isPartOf":{"@id":"https:\/\/www.taumelland.de\/#website"},"primaryImageOfPage":{"@id":"https:\/\/www.taumelland.de\/index.php\/2016\/04\/25\/first-green\/#primaryimage"},"image":{"@id":"https:\/\/www.taumelland.de\/index.php\/2016\/04\/25\/first-green\/#primaryimage"},"thumbnailUrl":"https:\/\/i0.wp.com\/www.taumelland.de\/wp-content\/uploads\/2016\/04\/zelt2-6333-1.jpg?fit=970%2C647&ssl=1","datePublished":"2016-04-25T20:34:32+00:00","description":"First green -von Mitte April bis etwa Mitte Mai kehren die Bl\u00e4tter in den Wald zur\u00fcck.","breadcrumb":{"@id":"https:\/\/www.taumelland.de\/index.php\/2016\/04\/25\/first-green\/#breadcrumb"},"inLanguage":"de","potentialAction":[{"@type":"ReadAction","target":["https:\/\/www.taumelland.de\/index.php\/2016\/04\/25\/first-green\/"]}]},{"@type":"ImageObject","inLanguage":"de","@id":"https:\/\/www.taumelland.de\/index.php\/2016\/04\/25\/first-green\/#primaryimage","url":"https:\/\/i0.wp.com\/www.taumelland.de\/wp-content\/uploads\/2016\/04\/zelt2-6333-1.jpg?fit=970%2C647&ssl=1","contentUrl":"https:\/\/i0.wp.com\/www.taumelland.de\/wp-content\/uploads\/2016\/04\/zelt2-6333-1.jpg?fit=970%2C647&ssl=1","width":970,"height":647},{"@type":"BreadcrumbList","@id":"https:\/\/www.taumelland.de\/index.php\/2016\/04\/25\/first-green\/#breadcrumb","itemListElement":[{"@type":"ListItem","position":1,"name":"Home","item":"https:\/\/www.taumelland.de\/"},{"@type":"ListItem","position":2,"name":"First Green"}]},{"@type":"WebSite","@id":"https:\/\/www.taumelland.de\/#website","url":"https:\/\/www.taumelland.de\/","name":"taumelland.de","description":"der romantische Fotoblog","publisher":{"@id":"https:\/\/www.taumelland.de\/#\/schema\/person\/d408cfcd33462b0f8d9e9356cfef1aab"},"potentialAction":[{"@type":"SearchAction","target":{"@type":"EntryPoint","urlTemplate":"https:\/\/www.taumelland.de\/?s={search_term_string}"},"query-input":{"@type":"PropertyValueSpecification","valueRequired":true,"valueName":"search_term_string"}}],"inLanguage":"de"},{"@type":["Person","Organization"],"@id":"https:\/\/www.taumelland.de\/#\/schema\/person\/d408cfcd33462b0f8d9e9356cfef1aab","name":"Marcus Bohl","image":{"@type":"ImageObject","inLanguage":"de","@id":"https:\/\/i0.wp.com\/www.taumelland.de\/wp-content\/uploads\/2022\/04\/rosa3.jpg?fit=960%2C639&ssl=1","url":"https:\/\/i0.wp.com\/www.taumelland.de\/wp-content\/uploads\/2022\/04\/rosa3.jpg?fit=960%2C639&ssl=1","contentUrl":"https:\/\/i0.wp.com\/www.taumelland.de\/wp-content\/uploads\/2022\/04\/rosa3.jpg?fit=960%2C639&ssl=1","width":960,"height":639,"caption":"Marcus Bohl"},"logo":{"@id":"https:\/\/i0.wp.com\/www.taumelland.de\/wp-content\/uploads\/2022\/04\/rosa3.jpg?fit=960%2C639&ssl=1"},"sameAs":["https:\/\/www.instagram.com\/taumelland\/?hl=de"]},{"@type":"Person","@id":"https:\/\/www.taumelland.de\/#\/schema\/person\/7c3bfb4fefffd1a6bd38e8c18f296dbf","name":"Mbolee","sameAs":["http:\/\/taumelland.de"],"url":"https:\/\/www.taumelland.de\/index.php\/author\/mbolee\/"}]}},"jetpack_publicize_connections":[],"jetpack_featured_media_url":"https:\/\/i0.wp.com\/www.taumelland.de\/wp-content\/uploads\/2016\/04\/zelt2-6333-1.jpg?fit=970%2C647&ssl=1","jetpack_sharing_enabled":true,"jetpack_shortlink":"https:\/\/wp.me\/p77Evr-3B","jetpack-related-posts":[],"_links":{"self":[{"href":"https:\/\/www.taumelland.de\/index.php\/wp-json\/wp\/v2\/posts\/223","targetHints":{"allow":["GET"]}}],"collection":[{"href":"https:\/\/www.taumelland.de\/index.php\/wp-json\/wp\/v2\/posts"}],"about":[{"href":"https:\/\/www.taumelland.de\/index.php\/wp-json\/wp\/v2\/types\/post"}],"author":[{"embeddable":true,"href":"https:\/\/www.taumelland.de\/index.php\/wp-json\/wp\/v2\/users\/1"}],"replies":[{"embeddable":true,"href":"https:\/\/www.taumelland.de\/index.php\/wp-json\/wp\/v2\/comments?post=223"}],"version-history":[{"count":6,"href":"https:\/\/www.taumelland.de\/index.php\/wp-json\/wp\/v2\/posts\/223\/revisions"}],"predecessor-version":[{"id":241,"href":"https:\/\/www.taumelland.de\/index.php\/wp-json\/wp\/v2\/posts\/223\/revisions\/241"}],"wp:featuredmedia":[{"embeddable":true,"href":"https:\/\/www.taumelland.de\/index.php\/wp-json\/wp\/v2\/media\/233"}],"wp:attachment":[{"href":"https:\/\/www.taumelland.de\/index.php\/wp-json\/wp\/v2\/media?parent=223"}],"wp:term":[{"taxonomy":"category","embeddable":true,"href":"https:\/\/www.taumelland.de\/index.php\/wp-json\/wp\/v2\/categories?post=223"},{"taxonomy":"post_tag","embeddable":true,"href":"https:\/\/www.taumelland.de\/index.php\/wp-json\/wp\/v2\/tags?post=223"}],"curies":[{"name":"wp","href":"https:\/\/api.w.org\/{rel}","templated":true}]}}