{"id":2172,"date":"2019-12-23T16:45:01","date_gmt":"2019-12-23T15:45:01","guid":{"rendered":"https:\/\/www.taumelland.de\/?p=2172"},"modified":"2019-12-23T20:03:22","modified_gmt":"2019-12-23T19:03:22","slug":"weihnachtsbaeume","status":"publish","type":"post","link":"https:\/\/www.taumelland.de\/index.php\/2019\/12\/23\/weihnachtsbaeume\/","title":{"rendered":"Weihnachtsb\u00e4ume"},"content":{"rendered":"\n<figure class=\"wp-block-image size-large\"><img data-recalc-dims=\"1\" loading=\"lazy\" decoding=\"async\" width=\"700\" height=\"467\" data-attachment-id=\"2174\" data-permalink=\"https:\/\/www.taumelland.de\/index.php\/2019\/12\/23\/weihnachtsbaeume\/weihnachtsbaeume_2\/\" data-orig-file=\"https:\/\/i0.wp.com\/www.taumelland.de\/wp-content\/uploads\/2019\/12\/weihnachtsbaeume_2.jpg?fit=960%2C640&amp;ssl=1\" data-orig-size=\"960,640\" data-comments-opened=\"1\" data-image-meta=\"{&quot;aperture&quot;:&quot;0&quot;,&quot;credit&quot;:&quot;&quot;,&quot;camera&quot;:&quot;&quot;,&quot;caption&quot;:&quot;&quot;,&quot;created_timestamp&quot;:&quot;0&quot;,&quot;copyright&quot;:&quot;&quot;,&quot;focal_length&quot;:&quot;0&quot;,&quot;iso&quot;:&quot;0&quot;,&quot;shutter_speed&quot;:&quot;0&quot;,&quot;title&quot;:&quot;&quot;,&quot;orientation&quot;:&quot;0&quot;}\" data-image-title=\"weihnachtsbaeume_2\" data-image-description=\"\" data-image-caption=\"\" data-large-file=\"https:\/\/i0.wp.com\/www.taumelland.de\/wp-content\/uploads\/2019\/12\/weihnachtsbaeume_2.jpg?fit=700%2C467&amp;ssl=1\" src=\"https:\/\/i0.wp.com\/www.taumelland.de\/wp-content\/uploads\/2019\/12\/weihnachtsbaeume_2.jpg?resize=700%2C467&#038;ssl=1\" alt=\"\" class=\"wp-image-2174\" srcset=\"https:\/\/i0.wp.com\/www.taumelland.de\/wp-content\/uploads\/2019\/12\/weihnachtsbaeume_2.jpg?w=960&amp;ssl=1 960w, https:\/\/i0.wp.com\/www.taumelland.de\/wp-content\/uploads\/2019\/12\/weihnachtsbaeume_2.jpg?resize=300%2C200&amp;ssl=1 300w, https:\/\/i0.wp.com\/www.taumelland.de\/wp-content\/uploads\/2019\/12\/weihnachtsbaeume_2.jpg?resize=150%2C100&amp;ssl=1 150w, https:\/\/i0.wp.com\/www.taumelland.de\/wp-content\/uploads\/2019\/12\/weihnachtsbaeume_2.jpg?resize=580%2C387&amp;ssl=1 580w, https:\/\/i0.wp.com\/www.taumelland.de\/wp-content\/uploads\/2019\/12\/weihnachtsbaeume_2.jpg?resize=800%2C533&amp;ssl=1 800w\" sizes=\"auto, (max-width: 700px) 100vw, 700px\" \/><figcaption>Weihnachtsbaumverkauf Luisenplatz, Wiesbaden Dezember 2018<\/figcaption><\/figure>\n\n\n\n<p>Ein Interview mit einem Weihnachtsbaum-Verk\u00e4ufer auf dem Luisenplatz in Wiesbaden:<\/p>\n\n\n\n<p><em>Was macht eigentlich einen guten Weihnachtsbaum aus, wie muss er sein, dass die Leute ihn m\u00f6gen<\/em>?<\/p>\n\n\n\n<p>Das ist sehr unterschiedlich, also manche wollen Ihn komplett symmetrisch, obwohl fast immer eine Seite an der Wand oder in der Ecke steht und man sie eh nicht sieht. Andere brauchen, weil sie nicht so viel Platz haben, einen nicht so ausladenden schmalen Baum. Wiederum andere achten drauf, dass du genug Kerzen drauf stellen kannst, dass du genug Platz hast um was hinzuh\u00e4ngen, also ein weiten Abstand von den Zweigen. Es ist v\u00f6llig unterschiedlich. Auf jeden Fall wird immer das gerade nachgefragt, was ich nicht da habe. Wenn ich ganz viele breite B\u00e4ume ausgepackt habe, dann gucken Sie nach einem schmalen und umgekehrt.<\/p>\n\n\n\n<p><em>Welche Baumart &nbsp;ist der beliebteste Weihnachtsbaum?<\/em><\/p>\n\n\n\n<p>Inzwischen ist die Nordmanntanne die beliebteste Art von allen Weihnachtsb\u00e4umen. Fr\u00fcher gab es Fichten, das war so der normale Tannenbaum, aber inzwischen sind die Nordmanntannen hier die beliebtesten. Die sind hier nicht heimisch und werden in Baumschulen angepflanzt. <br>Urspr\u00fcnglich kommen die aus dem Kaukasus. Von dort werden die Samen geholt und mit dem Samen werden hier die Schonungen angelegt. Die Leute m\u00f6gen die halt, weil die nicht piksen und l\u00e4nger die Nadeln halten.<\/p>\n\n\n\n<p><em>Welche H\u00f6he wird am meisten\nnachgefragt?<\/em><\/p>\n\n\n\n<p>So 2,20 m, aber gerade hier in Wiesbaden mit den vielen Altbauten, also wir haben auch 50 gro\u00dfe B\u00e4ume verkauft mit so 2,50 \u2013 3,00 m und die ganz gro\u00dfen sind auch weg. <\/p>\n\n\n\n<p><em>Hast du eigentlich Stammkunden, die hier regelm\u00e4\u00dfig kaufen?\u00a0\u00a0 \u00a0<\/em><\/p>\n\n\n\n<p>Ja wer hier im Umkreis wohnt, kommt zum gr\u00f6\u00dften Teil zu uns, also wer sich nicht gerade seinen Baum im Baumarkt oder sonst woher holt.\u00a0 Die Meisten \u00a0kommen jedes Jahr wieder und freuen sich \u00fcber die \u201etollen und frischen B\u00e4ume\u201c. \u00a0Es ist ein ganz angenehmes Verkaufen mit den Leuten, man kennt sich und gr\u00fc\u00dft sich dann jeden Morgen, wenn die Leute zur Arbeit gehen. \u00a0Da kommt man sich schon ein bisschen heimisch vor. Vor allem auch weil ich ja hier auf dem Luisenplatz auch selbst aufgewachsen bin, ist das f\u00fcr mich noch ein anderes Gef\u00fchl.<br>Luisenplatz 6, im zweiten Stock habe ich gewohnt und hier habe ich Fahrradfahren gelernt. Der Luisenplatz sah damals allerdings noch ein bisschen anderes aus. Er fungierte noch als Parkplatz.\u00a0 <\/p>\n\n\n\n<p>Wir haben einen Stammkunden, ich kenne ihn jetzt das dritte Jahr. Wir nennen ihn nur Professor Dr. Dr., da legt er sehr viel Wert drauf. Beim ersten Mal habe ich es gewagt, nur den Nachnamen an das Etikett f\u00fcr die Reservierung zu schreiben, da sagte er zu mir: \u00a0\u201edas stimmt nicht!\u201c da k\u00e4me Professor Dr. Dr. davor. So einer von der Sorte. Er kauft bei uns \u00a0immer eine Nordmanntanne und zwar zu dem Behufe, \u00a0dass er sie zu seinem Chalet in die Schweiz f\u00e4hrt &#8211; denn in der Schweiz gibt es offensichtlich keine Nordmanntannen \u2013 und sie dort aufstellt. Er kommt hier mit einem von AMG getunten G-Modell\u00a0 vorgefahren, l\u00e4dt sich seinen Baum aufs Dach und f\u00e4hrt ihn dann in die Schweiz. <br>Das finde ich immer sehr witzig &#8211; \u00a0auf was f\u00fcr Ideen die Kunden kommen: <br>Weil es den bestimmten Baum in der Schweiz nicht gibt, kutschiert er ihn siebenhundert Kilometer weit\u00a0dort runter&#8230;<\/p>\n\n\n\n<p><em>Werden die Weihnachtsb\u00e4ume \u00a0von Paaren ausgesucht, oder sind die Leute eher solo unterwegs?<\/em><br>Meistens traditionelle Rollenverteilung: Er sagt: &#8222;ach such du aus mir ist das egal.&#8220; Dann gibt es die schnell Entschlossenen, aber es gibt auch Leute die hier eine Stunde verbringen. Das ist gerade\u00a0am Anfang der Saison so, wenn die Auswahl an B\u00e4umen noch gro\u00df ist. Meistens sind die M\u00e4nner da die unkomplizierteren und z\u00fcgigeren, aber das gibt es auch andersrum. <\/p>\n\n\n\n<p>Vor drei Tagen da kam ein Ehepaar hier rein die &#8211;&nbsp; wie sollte es anderes sein &#8211;&nbsp; einen Weihnachtsbaum kaufen wollten. Ich w\u00fcrde sie so auf Mitte vierzig sch\u00e4tzen. Sie hatten sich dann jeweils einen anderen Baum ausgeguckt. Der eine war ein bisschen dichter und gr\u00f6\u00dfer und der andere war ein bisschen kleiner. Sie gerieten \u00fcber den passenden Baum so in Streit, dass sie raus ist:<br>&nbsp;\u201eIch will keinen Weihnachtsbaum mehr!\u201c und er stand dann v\u00f6llig bel\u00e4mmert da.&nbsp;&nbsp; <\/p>\n\n\n\n<p>Das mit der\u00a0 Rollenverteilung ist schon manchmal lustig. Wir haben ein schwules Stammp\u00e4rchen, er hat eine Boutique hier in Wiesbaden und kommt immer v\u00f6llig aufgedonnert mit hochhackigen Stiefeln und mit einer Gucci oder Prada Tasche\u00a0 &#8211; geschminkt \u2013 so richtig sch\u00f6n hergerichtet. Sein Partner ist im \u00e4u\u00dferen Auftreten eher normal, er tr\u00e4gt immer nur irgend ein grelles Accessoire wie z.B. einen rosa Schal oder eine pink farbene M\u00fctze, sowas in der Richtung. Die haben genau die gleiche Rollenverteilung\u00a0wie Mann und Frau, der mit dem Schal fragt dann auch immer: &#8222;Gef\u00e4llt er dir auch Schatzi?&#8220;\u00a0und Schatzi sagt dann: &#8222;Nee der ist aber nicht so richtig&#8230;&#8220; und zickt dann noch ein bisschen rum, das sind ganz witzige Leute. <\/p>\n\n\n\n<p>Ich finde einen Teil der Atmosph\u00e4re macht aus, dass die\nLeute relativ relaxed und entspannt hierher kommen, die sind nicht ganz so im\nStress wie in der Innenstadt bei den Weihnachtseink\u00e4ufen.&nbsp; Das Weihnachtsbaumkaufen ist in der Regel ein\nentspanntes Kapitel in der Einkaufsorgie zu Weihnachten. <\/p>\n\n\n\n<p><em>Spielt das Wetter f\u00fcr den Weihnachtsbaum Verkauf eine Rolle<\/em>?<\/p>\n\n\n\n<p>Regen ist bl\u00f6de, bei Regen kommen wenig Leute, ist aber auch bl\u00f6d f\u00fcr mich, weil die B\u00e4ume dann einen guten Teil mehr wiegen, sie sind schlechter einzupacken und die Leute haben weniger Lust B\u00e4ume zu kaufen.\u00a0Am allerbesten vom Wetter her ist Sonnenschein mit\u00a0Schnee, da kommt bei der Kundschaft so die richtige Weihnachtsstimmung auf.\u00a0 <\/p>\n\n\n\n<p><em>Warum sind die B\u00e4ume gekennzeichnet<\/em>?<\/p>\n\n\n\n<p>F\u00fcr uns spielt das keine Rolle. Die B\u00e4ume werden in der Schonung gekennzeichnet. In den Schonungen wird nicht Tabula Rasa betrieben, sondern es werden nur einzelne B\u00e4ume rausgenommen. Die markiert man halt mit F\u00e4hnchen und die im Hunsr\u00fcck verwenden anders&nbsp; farbige F\u00e4hnchen als die aus dem Westerwald.<\/p>\n\n\n\n<p><em>Was macht ihr mit den B\u00e4umen die \u00fcbrig bleiben<\/em>?<\/p>\n\n\n\n<p>&nbsp;Die werden\ngeschreddert, aber letztes Jahr haben wir es so hingekriegt, dass wir selbst\nunseren letzten Baum, nach Schluss noch verkauft haben \u2013 wir sind also mit Null\nrausgegangen. <\/p>\n\n\n\n<p>Die Menge sch\u00e4tzt du aus dem Vorjahr, der Weihnachtbaumverkauf ist relativ stabil, also da hat Wetter mehr Einfluss. Also wenn so eine verregnete Zeit vor Weihnachten ist, dann werden einfach weniger verkauft.<br>Was ich dieses Jahr \u00f6fter geh\u00f6rt habe ist:<br>ich bin in eine kleinere Wohnung umgezogen und ich habe nicht mehr den Platz wie fr\u00fcher. <\/p>\n\n\n\n<p><em>Vielen Dank Matthias<\/em>!<\/p>\n\n\n\n<p>Interview und Bilder sind aus 2018.<\/p>\n\n\n\n<p>Euch allen frohe Feiertage!<\/p>\n\n\n\n<figure class=\"wp-block-image size-large\"><img data-recalc-dims=\"1\" loading=\"lazy\" decoding=\"async\" width=\"700\" height=\"467\" data-attachment-id=\"2175\" data-permalink=\"https:\/\/www.taumelland.de\/index.php\/2019\/12\/23\/weihnachtsbaeume\/weihnachtsbaeume_1\/\" data-orig-file=\"https:\/\/i0.wp.com\/www.taumelland.de\/wp-content\/uploads\/2019\/12\/weihnachtsbaeume_1.jpg?fit=960%2C640&amp;ssl=1\" data-orig-size=\"960,640\" data-comments-opened=\"1\" data-image-meta=\"{&quot;aperture&quot;:&quot;0&quot;,&quot;credit&quot;:&quot;&quot;,&quot;camera&quot;:&quot;&quot;,&quot;caption&quot;:&quot;&quot;,&quot;created_timestamp&quot;:&quot;0&quot;,&quot;copyright&quot;:&quot;&quot;,&quot;focal_length&quot;:&quot;0&quot;,&quot;iso&quot;:&quot;0&quot;,&quot;shutter_speed&quot;:&quot;0&quot;,&quot;title&quot;:&quot;&quot;,&quot;orientation&quot;:&quot;0&quot;}\" data-image-title=\"weihnachtsbaeume_1\" data-image-description=\"\" data-image-caption=\"\" data-large-file=\"https:\/\/i0.wp.com\/www.taumelland.de\/wp-content\/uploads\/2019\/12\/weihnachtsbaeume_1.jpg?fit=700%2C467&amp;ssl=1\" src=\"https:\/\/i0.wp.com\/www.taumelland.de\/wp-content\/uploads\/2019\/12\/weihnachtsbaeume_1.jpg?resize=700%2C467&#038;ssl=1\" alt=\"\" class=\"wp-image-2175\" srcset=\"https:\/\/i0.wp.com\/www.taumelland.de\/wp-content\/uploads\/2019\/12\/weihnachtsbaeume_1.jpg?w=960&amp;ssl=1 960w, https:\/\/i0.wp.com\/www.taumelland.de\/wp-content\/uploads\/2019\/12\/weihnachtsbaeume_1.jpg?resize=300%2C200&amp;ssl=1 300w, https:\/\/i0.wp.com\/www.taumelland.de\/wp-content\/uploads\/2019\/12\/weihnachtsbaeume_1.jpg?resize=150%2C100&amp;ssl=1 150w, https:\/\/i0.wp.com\/www.taumelland.de\/wp-content\/uploads\/2019\/12\/weihnachtsbaeume_1.jpg?resize=580%2C387&amp;ssl=1 580w, https:\/\/i0.wp.com\/www.taumelland.de\/wp-content\/uploads\/2019\/12\/weihnachtsbaeume_1.jpg?resize=800%2C533&amp;ssl=1 800w\" sizes=\"auto, (max-width: 700px) 100vw, 700px\" \/><figcaption>Weihnachtsb\u00e4ume, Wiesbaden Luisenplatz, Dezember 2018<\/figcaption><\/figure>\n","protected":false},"excerpt":{"rendered":"<p>Ein Interview mit einem Weihnachtsbaum-Verk\u00e4ufer auf dem Luisenplatz in Wiesbaden: Was macht eigentlich einen guten Weihnachtsbaum aus, wie muss er sein, dass die Leute ihn m\u00f6gen? Das ist sehr unterschiedlich, also manche wollen Ihn komplett symmetrisch, obwohl fast immer eine Seite an der Wand oder&hellip;<\/p>\n","protected":false},"author":1,"featured_media":2175,"comment_status":"open","ping_status":"open","sticky":false,"template":"","format":"standard","meta":{"_themeisle_gutenberg_block_has_review":false,"jetpack_post_was_ever_published":false,"_jetpack_newsletter_access":"","_jetpack_dont_email_post_to_subs":false,"_jetpack_newsletter_tier_id":0,"_jetpack_memberships_contains_paywalled_content":false,"_jetpack_memberships_contains_paid_content":false,"footnotes":"","jetpack_publicize_message":"Weihnachtsb\u00e4ume #weihnachtsbaum #wiesbaden","jetpack_publicize_feature_enabled":true,"jetpack_social_post_already_shared":true,"jetpack_social_options":{"image_generator_settings":{"template":"highway","default_image_id":0,"font":"","enabled":false},"version":2}},"categories":[19,151],"tags":[273],"class_list":["post-2172","post","type-post","status-publish","format-standard","has-post-thumbnail","hentry","category-baeume","category-geschichten","tag-weihnachtsbaeume"],"yoast_head":"<!-- This site is optimized with the Yoast SEO plugin v27.5 - https:\/\/yoast.com\/product\/yoast-seo-wordpress\/ -->\n<title>Weihnachtsb\u00e4ume - taumelland.de<\/title>\n<meta name=\"description\" content=\"Was macht eigentlich einen guten Weihnachtsbaum aus, wie muss er sein, dass die Leute ihn m\u00f6gen?\" \/>\n<meta name=\"robots\" content=\"index, follow, max-snippet:-1, max-image-preview:large, max-video-preview:-1\" \/>\n<link rel=\"canonical\" href=\"https:\/\/www.taumelland.de\/index.php\/2019\/12\/23\/weihnachtsbaeume\/\" \/>\n<meta property=\"og:locale\" content=\"de_DE\" \/>\n<meta property=\"og:type\" content=\"article\" \/>\n<meta property=\"og:title\" content=\"Weihnachtsb\u00e4ume - taumelland.de\" \/>\n<meta property=\"og:description\" content=\"Was macht eigentlich einen guten Weihnachtsbaum aus, wie muss er sein, dass die Leute ihn m\u00f6gen?\" \/>\n<meta property=\"og:url\" content=\"https:\/\/www.taumelland.de\/index.php\/2019\/12\/23\/weihnachtsbaeume\/\" \/>\n<meta property=\"og:site_name\" content=\"taumelland.de\" \/>\n<meta property=\"article:published_time\" content=\"2019-12-23T15:45:01+00:00\" \/>\n<meta property=\"article:modified_time\" content=\"2019-12-23T19:03:22+00:00\" \/>\n<meta property=\"og:image\" content=\"https:\/\/www.taumelland.de\/wp-content\/uploads\/2019\/12\/weihnachtsbaeume_1.jpg\" \/>\n\t<meta property=\"og:image:width\" content=\"960\" \/>\n\t<meta property=\"og:image:height\" content=\"640\" \/>\n\t<meta property=\"og:image:type\" content=\"image\/jpeg\" \/>\n<meta name=\"author\" content=\"Mbolee\" \/>\n<meta name=\"twitter:card\" content=\"summary_large_image\" \/>\n<meta name=\"twitter:label1\" content=\"Verfasst von\" \/>\n\t<meta name=\"twitter:data1\" content=\"Mbolee\" \/>\n\t<meta name=\"twitter:label2\" content=\"Gesch\u00e4tzte Lesezeit\" \/>\n\t<meta name=\"twitter:data2\" content=\"6\u00a0Minuten\" \/>\n<script type=\"application\/ld+json\" class=\"yoast-schema-graph\">{\"@context\":\"https:\\\/\\\/schema.org\",\"@graph\":[{\"@type\":\"Article\",\"@id\":\"https:\\\/\\\/www.taumelland.de\\\/index.php\\\/2019\\\/12\\\/23\\\/weihnachtsbaeume\\\/#article\",\"isPartOf\":{\"@id\":\"https:\\\/\\\/www.taumelland.de\\\/index.php\\\/2019\\\/12\\\/23\\\/weihnachtsbaeume\\\/\"},\"author\":{\"name\":\"Mbolee\",\"@id\":\"https:\\\/\\\/www.taumelland.de\\\/#\\\/schema\\\/person\\\/7c3bfb4fefffd1a6bd38e8c18f296dbf\"},\"headline\":\"Weihnachtsb\u00e4ume\",\"datePublished\":\"2019-12-23T15:45:01+00:00\",\"dateModified\":\"2019-12-23T19:03:22+00:00\",\"mainEntityOfPage\":{\"@id\":\"https:\\\/\\\/www.taumelland.de\\\/index.php\\\/2019\\\/12\\\/23\\\/weihnachtsbaeume\\\/\"},\"wordCount\":1142,\"commentCount\":0,\"publisher\":{\"@id\":\"https:\\\/\\\/www.taumelland.de\\\/#\\\/schema\\\/person\\\/d408cfcd33462b0f8d9e9356cfef1aab\"},\"image\":{\"@id\":\"https:\\\/\\\/www.taumelland.de\\\/index.php\\\/2019\\\/12\\\/23\\\/weihnachtsbaeume\\\/#primaryimage\"},\"thumbnailUrl\":\"https:\\\/\\\/i0.wp.com\\\/www.taumelland.de\\\/wp-content\\\/uploads\\\/2019\\\/12\\\/weihnachtsbaeume_1.jpg?fit=960%2C640&ssl=1\",\"keywords\":[\"Weihnachtsb\u00e4ume\"],\"articleSection\":[\"B\u00e4ume\",\"Geschichten\"],\"inLanguage\":\"de\",\"potentialAction\":[{\"@type\":\"CommentAction\",\"name\":\"Comment\",\"target\":[\"https:\\\/\\\/www.taumelland.de\\\/index.php\\\/2019\\\/12\\\/23\\\/weihnachtsbaeume\\\/#respond\"]}]},{\"@type\":\"WebPage\",\"@id\":\"https:\\\/\\\/www.taumelland.de\\\/index.php\\\/2019\\\/12\\\/23\\\/weihnachtsbaeume\\\/\",\"url\":\"https:\\\/\\\/www.taumelland.de\\\/index.php\\\/2019\\\/12\\\/23\\\/weihnachtsbaeume\\\/\",\"name\":\"Weihnachtsb\u00e4ume - taumelland.de\",\"isPartOf\":{\"@id\":\"https:\\\/\\\/www.taumelland.de\\\/#website\"},\"primaryImageOfPage\":{\"@id\":\"https:\\\/\\\/www.taumelland.de\\\/index.php\\\/2019\\\/12\\\/23\\\/weihnachtsbaeume\\\/#primaryimage\"},\"image\":{\"@id\":\"https:\\\/\\\/www.taumelland.de\\\/index.php\\\/2019\\\/12\\\/23\\\/weihnachtsbaeume\\\/#primaryimage\"},\"thumbnailUrl\":\"https:\\\/\\\/i0.wp.com\\\/www.taumelland.de\\\/wp-content\\\/uploads\\\/2019\\\/12\\\/weihnachtsbaeume_1.jpg?fit=960%2C640&ssl=1\",\"datePublished\":\"2019-12-23T15:45:01+00:00\",\"dateModified\":\"2019-12-23T19:03:22+00:00\",\"description\":\"Was macht eigentlich einen guten Weihnachtsbaum aus, wie muss er sein, dass die Leute ihn m\u00f6gen?\",\"breadcrumb\":{\"@id\":\"https:\\\/\\\/www.taumelland.de\\\/index.php\\\/2019\\\/12\\\/23\\\/weihnachtsbaeume\\\/#breadcrumb\"},\"inLanguage\":\"de\",\"potentialAction\":[{\"@type\":\"ReadAction\",\"target\":[\"https:\\\/\\\/www.taumelland.de\\\/index.php\\\/2019\\\/12\\\/23\\\/weihnachtsbaeume\\\/\"]}]},{\"@type\":\"ImageObject\",\"inLanguage\":\"de\",\"@id\":\"https:\\\/\\\/www.taumelland.de\\\/index.php\\\/2019\\\/12\\\/23\\\/weihnachtsbaeume\\\/#primaryimage\",\"url\":\"https:\\\/\\\/i0.wp.com\\\/www.taumelland.de\\\/wp-content\\\/uploads\\\/2019\\\/12\\\/weihnachtsbaeume_1.jpg?fit=960%2C640&ssl=1\",\"contentUrl\":\"https:\\\/\\\/i0.wp.com\\\/www.taumelland.de\\\/wp-content\\\/uploads\\\/2019\\\/12\\\/weihnachtsbaeume_1.jpg?fit=960%2C640&ssl=1\",\"width\":960,\"height\":640},{\"@type\":\"BreadcrumbList\",\"@id\":\"https:\\\/\\\/www.taumelland.de\\\/index.php\\\/2019\\\/12\\\/23\\\/weihnachtsbaeume\\\/#breadcrumb\",\"itemListElement\":[{\"@type\":\"ListItem\",\"position\":1,\"name\":\"Home\",\"item\":\"https:\\\/\\\/www.taumelland.de\\\/\"},{\"@type\":\"ListItem\",\"position\":2,\"name\":\"Weihnachtsb\u00e4ume\"}]},{\"@type\":\"WebSite\",\"@id\":\"https:\\\/\\\/www.taumelland.de\\\/#website\",\"url\":\"https:\\\/\\\/www.taumelland.de\\\/\",\"name\":\"taumelland.de\",\"description\":\"der romantische Fotoblog\",\"publisher\":{\"@id\":\"https:\\\/\\\/www.taumelland.de\\\/#\\\/schema\\\/person\\\/d408cfcd33462b0f8d9e9356cfef1aab\"},\"potentialAction\":[{\"@type\":\"SearchAction\",\"target\":{\"@type\":\"EntryPoint\",\"urlTemplate\":\"https:\\\/\\\/www.taumelland.de\\\/?s={search_term_string}\"},\"query-input\":{\"@type\":\"PropertyValueSpecification\",\"valueRequired\":true,\"valueName\":\"search_term_string\"}}],\"inLanguage\":\"de\"},{\"@type\":[\"Person\",\"Organization\"],\"@id\":\"https:\\\/\\\/www.taumelland.de\\\/#\\\/schema\\\/person\\\/d408cfcd33462b0f8d9e9356cfef1aab\",\"name\":\"Marcus Bohl\",\"image\":{\"@type\":\"ImageObject\",\"inLanguage\":\"de\",\"@id\":\"https:\\\/\\\/i0.wp.com\\\/www.taumelland.de\\\/wp-content\\\/uploads\\\/2022\\\/04\\\/rosa3.jpg?fit=960%2C639&ssl=1\",\"url\":\"https:\\\/\\\/i0.wp.com\\\/www.taumelland.de\\\/wp-content\\\/uploads\\\/2022\\\/04\\\/rosa3.jpg?fit=960%2C639&ssl=1\",\"contentUrl\":\"https:\\\/\\\/i0.wp.com\\\/www.taumelland.de\\\/wp-content\\\/uploads\\\/2022\\\/04\\\/rosa3.jpg?fit=960%2C639&ssl=1\",\"width\":960,\"height\":639,\"caption\":\"Marcus Bohl\"},\"logo\":{\"@id\":\"https:\\\/\\\/i0.wp.com\\\/www.taumelland.de\\\/wp-content\\\/uploads\\\/2022\\\/04\\\/rosa3.jpg?fit=960%2C639&ssl=1\"},\"sameAs\":[\"https:\\\/\\\/www.instagram.com\\\/taumelland\\\/?hl=de\"]},{\"@type\":\"Person\",\"@id\":\"https:\\\/\\\/www.taumelland.de\\\/#\\\/schema\\\/person\\\/7c3bfb4fefffd1a6bd38e8c18f296dbf\",\"name\":\"Mbolee\",\"sameAs\":[\"http:\\\/\\\/taumelland.de\"],\"url\":\"https:\\\/\\\/www.taumelland.de\\\/index.php\\\/author\\\/mbolee\\\/\"}]}<\/script>\n<!-- \/ Yoast SEO plugin. -->","yoast_head_json":{"title":"Weihnachtsb\u00e4ume - taumelland.de","description":"Was macht eigentlich einen guten Weihnachtsbaum aus, wie muss er sein, dass die Leute ihn m\u00f6gen?","robots":{"index":"index","follow":"follow","max-snippet":"max-snippet:-1","max-image-preview":"max-image-preview:large","max-video-preview":"max-video-preview:-1"},"canonical":"https:\/\/www.taumelland.de\/index.php\/2019\/12\/23\/weihnachtsbaeume\/","og_locale":"de_DE","og_type":"article","og_title":"Weihnachtsb\u00e4ume - taumelland.de","og_description":"Was macht eigentlich einen guten Weihnachtsbaum aus, wie muss er sein, dass die Leute ihn m\u00f6gen?","og_url":"https:\/\/www.taumelland.de\/index.php\/2019\/12\/23\/weihnachtsbaeume\/","og_site_name":"taumelland.de","article_published_time":"2019-12-23T15:45:01+00:00","article_modified_time":"2019-12-23T19:03:22+00:00","og_image":[{"width":960,"height":640,"url":"https:\/\/www.taumelland.de\/wp-content\/uploads\/2019\/12\/weihnachtsbaeume_1.jpg","type":"image\/jpeg"}],"author":"Mbolee","twitter_card":"summary_large_image","twitter_misc":{"Verfasst von":"Mbolee","Gesch\u00e4tzte Lesezeit":"6\u00a0Minuten"},"schema":{"@context":"https:\/\/schema.org","@graph":[{"@type":"Article","@id":"https:\/\/www.taumelland.de\/index.php\/2019\/12\/23\/weihnachtsbaeume\/#article","isPartOf":{"@id":"https:\/\/www.taumelland.de\/index.php\/2019\/12\/23\/weihnachtsbaeume\/"},"author":{"name":"Mbolee","@id":"https:\/\/www.taumelland.de\/#\/schema\/person\/7c3bfb4fefffd1a6bd38e8c18f296dbf"},"headline":"Weihnachtsb\u00e4ume","datePublished":"2019-12-23T15:45:01+00:00","dateModified":"2019-12-23T19:03:22+00:00","mainEntityOfPage":{"@id":"https:\/\/www.taumelland.de\/index.php\/2019\/12\/23\/weihnachtsbaeume\/"},"wordCount":1142,"commentCount":0,"publisher":{"@id":"https:\/\/www.taumelland.de\/#\/schema\/person\/d408cfcd33462b0f8d9e9356cfef1aab"},"image":{"@id":"https:\/\/www.taumelland.de\/index.php\/2019\/12\/23\/weihnachtsbaeume\/#primaryimage"},"thumbnailUrl":"https:\/\/i0.wp.com\/www.taumelland.de\/wp-content\/uploads\/2019\/12\/weihnachtsbaeume_1.jpg?fit=960%2C640&ssl=1","keywords":["Weihnachtsb\u00e4ume"],"articleSection":["B\u00e4ume","Geschichten"],"inLanguage":"de","potentialAction":[{"@type":"CommentAction","name":"Comment","target":["https:\/\/www.taumelland.de\/index.php\/2019\/12\/23\/weihnachtsbaeume\/#respond"]}]},{"@type":"WebPage","@id":"https:\/\/www.taumelland.de\/index.php\/2019\/12\/23\/weihnachtsbaeume\/","url":"https:\/\/www.taumelland.de\/index.php\/2019\/12\/23\/weihnachtsbaeume\/","name":"Weihnachtsb\u00e4ume - taumelland.de","isPartOf":{"@id":"https:\/\/www.taumelland.de\/#website"},"primaryImageOfPage":{"@id":"https:\/\/www.taumelland.de\/index.php\/2019\/12\/23\/weihnachtsbaeume\/#primaryimage"},"image":{"@id":"https:\/\/www.taumelland.de\/index.php\/2019\/12\/23\/weihnachtsbaeume\/#primaryimage"},"thumbnailUrl":"https:\/\/i0.wp.com\/www.taumelland.de\/wp-content\/uploads\/2019\/12\/weihnachtsbaeume_1.jpg?fit=960%2C640&ssl=1","datePublished":"2019-12-23T15:45:01+00:00","dateModified":"2019-12-23T19:03:22+00:00","description":"Was macht eigentlich einen guten Weihnachtsbaum aus, wie muss er sein, dass die Leute ihn m\u00f6gen?","breadcrumb":{"@id":"https:\/\/www.taumelland.de\/index.php\/2019\/12\/23\/weihnachtsbaeume\/#breadcrumb"},"inLanguage":"de","potentialAction":[{"@type":"ReadAction","target":["https:\/\/www.taumelland.de\/index.php\/2019\/12\/23\/weihnachtsbaeume\/"]}]},{"@type":"ImageObject","inLanguage":"de","@id":"https:\/\/www.taumelland.de\/index.php\/2019\/12\/23\/weihnachtsbaeume\/#primaryimage","url":"https:\/\/i0.wp.com\/www.taumelland.de\/wp-content\/uploads\/2019\/12\/weihnachtsbaeume_1.jpg?fit=960%2C640&ssl=1","contentUrl":"https:\/\/i0.wp.com\/www.taumelland.de\/wp-content\/uploads\/2019\/12\/weihnachtsbaeume_1.jpg?fit=960%2C640&ssl=1","width":960,"height":640},{"@type":"BreadcrumbList","@id":"https:\/\/www.taumelland.de\/index.php\/2019\/12\/23\/weihnachtsbaeume\/#breadcrumb","itemListElement":[{"@type":"ListItem","position":1,"name":"Home","item":"https:\/\/www.taumelland.de\/"},{"@type":"ListItem","position":2,"name":"Weihnachtsb\u00e4ume"}]},{"@type":"WebSite","@id":"https:\/\/www.taumelland.de\/#website","url":"https:\/\/www.taumelland.de\/","name":"taumelland.de","description":"der romantische Fotoblog","publisher":{"@id":"https:\/\/www.taumelland.de\/#\/schema\/person\/d408cfcd33462b0f8d9e9356cfef1aab"},"potentialAction":[{"@type":"SearchAction","target":{"@type":"EntryPoint","urlTemplate":"https:\/\/www.taumelland.de\/?s={search_term_string}"},"query-input":{"@type":"PropertyValueSpecification","valueRequired":true,"valueName":"search_term_string"}}],"inLanguage":"de"},{"@type":["Person","Organization"],"@id":"https:\/\/www.taumelland.de\/#\/schema\/person\/d408cfcd33462b0f8d9e9356cfef1aab","name":"Marcus Bohl","image":{"@type":"ImageObject","inLanguage":"de","@id":"https:\/\/i0.wp.com\/www.taumelland.de\/wp-content\/uploads\/2022\/04\/rosa3.jpg?fit=960%2C639&ssl=1","url":"https:\/\/i0.wp.com\/www.taumelland.de\/wp-content\/uploads\/2022\/04\/rosa3.jpg?fit=960%2C639&ssl=1","contentUrl":"https:\/\/i0.wp.com\/www.taumelland.de\/wp-content\/uploads\/2022\/04\/rosa3.jpg?fit=960%2C639&ssl=1","width":960,"height":639,"caption":"Marcus Bohl"},"logo":{"@id":"https:\/\/i0.wp.com\/www.taumelland.de\/wp-content\/uploads\/2022\/04\/rosa3.jpg?fit=960%2C639&ssl=1"},"sameAs":["https:\/\/www.instagram.com\/taumelland\/?hl=de"]},{"@type":"Person","@id":"https:\/\/www.taumelland.de\/#\/schema\/person\/7c3bfb4fefffd1a6bd38e8c18f296dbf","name":"Mbolee","sameAs":["http:\/\/taumelland.de"],"url":"https:\/\/www.taumelland.de\/index.php\/author\/mbolee\/"}]}},"jetpack_publicize_connections":[],"jetpack_featured_media_url":"https:\/\/i0.wp.com\/www.taumelland.de\/wp-content\/uploads\/2019\/12\/weihnachtsbaeume_1.jpg?fit=960%2C640&ssl=1","jetpack_sharing_enabled":true,"jetpack_shortlink":"https:\/\/wp.me\/p77Evr-z2","jetpack-related-posts":[],"_links":{"self":[{"href":"https:\/\/www.taumelland.de\/index.php\/wp-json\/wp\/v2\/posts\/2172","targetHints":{"allow":["GET"]}}],"collection":[{"href":"https:\/\/www.taumelland.de\/index.php\/wp-json\/wp\/v2\/posts"}],"about":[{"href":"https:\/\/www.taumelland.de\/index.php\/wp-json\/wp\/v2\/types\/post"}],"author":[{"embeddable":true,"href":"https:\/\/www.taumelland.de\/index.php\/wp-json\/wp\/v2\/users\/1"}],"replies":[{"embeddable":true,"href":"https:\/\/www.taumelland.de\/index.php\/wp-json\/wp\/v2\/comments?post=2172"}],"version-history":[{"count":5,"href":"https:\/\/www.taumelland.de\/index.php\/wp-json\/wp\/v2\/posts\/2172\/revisions"}],"predecessor-version":[{"id":2179,"href":"https:\/\/www.taumelland.de\/index.php\/wp-json\/wp\/v2\/posts\/2172\/revisions\/2179"}],"wp:featuredmedia":[{"embeddable":true,"href":"https:\/\/www.taumelland.de\/index.php\/wp-json\/wp\/v2\/media\/2175"}],"wp:attachment":[{"href":"https:\/\/www.taumelland.de\/index.php\/wp-json\/wp\/v2\/media?parent=2172"}],"wp:term":[{"taxonomy":"category","embeddable":true,"href":"https:\/\/www.taumelland.de\/index.php\/wp-json\/wp\/v2\/categories?post=2172"},{"taxonomy":"post_tag","embeddable":true,"href":"https:\/\/www.taumelland.de\/index.php\/wp-json\/wp\/v2\/tags?post=2172"}],"curies":[{"name":"wp","href":"https:\/\/api.w.org\/{rel}","templated":true}]}}