{"id":1749,"date":"2018-08-11T10:00:49","date_gmt":"2018-08-11T08:00:49","guid":{"rendered":"https:\/\/www.taumelland.de\/?p=1749"},"modified":"2020-10-18T21:16:00","modified_gmt":"2020-10-18T19:16:00","slug":"to-go-for-a-walk-1-felswandergebiet","status":"publish","type":"post","link":"https:\/\/www.taumelland.de\/index.php\/2018\/08\/11\/to-go-for-a-walk-1-felswandergebiet\/","title":{"rendered":"to go for a walk #1 Felswandergebiet"},"content":{"rendered":"<p><a href=\"https:\/\/i0.wp.com\/www.taumelland.de\/wp-content\/uploads\/2018\/08\/bwald_felswg18-3336.jpg?ssl=1\" rel=\"lightbox[1749]\"><img data-recalc-dims=\"1\" loading=\"lazy\" decoding=\"async\" data-attachment-id=\"1757\" data-permalink=\"https:\/\/www.taumelland.de\/index.php\/2018\/08\/11\/to-go-for-a-walk-1-felswandergebiet\/bwald_felswg18-3336\/\" data-orig-file=\"https:\/\/i0.wp.com\/www.taumelland.de\/wp-content\/uploads\/2018\/08\/bwald_felswg18-3336.jpg?fit=960%2C640&amp;ssl=1\" data-orig-size=\"960,640\" data-comments-opened=\"1\" data-image-meta=\"{&quot;aperture&quot;:&quot;0&quot;,&quot;credit&quot;:&quot;&quot;,&quot;camera&quot;:&quot;&quot;,&quot;caption&quot;:&quot;&quot;,&quot;created_timestamp&quot;:&quot;0&quot;,&quot;copyright&quot;:&quot;&quot;,&quot;focal_length&quot;:&quot;0&quot;,&quot;iso&quot;:&quot;0&quot;,&quot;shutter_speed&quot;:&quot;0&quot;,&quot;title&quot;:&quot;&quot;,&quot;orientation&quot;:&quot;0&quot;}\" data-image-title=\"Nationalpark Bayerischer Wald &amp;#8211; Felswandergebiet#4\" data-image-description=\"\" data-image-caption=\"\" data-large-file=\"https:\/\/i0.wp.com\/www.taumelland.de\/wp-content\/uploads\/2018\/08\/bwald_felswg18-3336.jpg?fit=700%2C467&amp;ssl=1\" class=\"alignnone size-full wp-image-1757\" src=\"https:\/\/i0.wp.com\/www.taumelland.de\/wp-content\/uploads\/2018\/08\/bwald_felswg18-3336.jpg?resize=700%2C467&#038;ssl=1\" alt=\"Nationalpark Bayerischer Wald - Felswandergebiet#4\" width=\"700\" height=\"467\" srcset=\"https:\/\/i0.wp.com\/www.taumelland.de\/wp-content\/uploads\/2018\/08\/bwald_felswg18-3336.jpg?w=960&amp;ssl=1 960w, https:\/\/i0.wp.com\/www.taumelland.de\/wp-content\/uploads\/2018\/08\/bwald_felswg18-3336.jpg?resize=150%2C100&amp;ssl=1 150w, https:\/\/i0.wp.com\/www.taumelland.de\/wp-content\/uploads\/2018\/08\/bwald_felswg18-3336.jpg?resize=300%2C200&amp;ssl=1 300w, https:\/\/i0.wp.com\/www.taumelland.de\/wp-content\/uploads\/2018\/08\/bwald_felswg18-3336.jpg?resize=580%2C387&amp;ssl=1 580w, https:\/\/i0.wp.com\/www.taumelland.de\/wp-content\/uploads\/2018\/08\/bwald_felswg18-3336.jpg?resize=800%2C533&amp;ssl=1 800w\" sizes=\"auto, (max-width: 700px) 100vw, 700px\" \/><\/a><\/p>\n<p>Acht Aufnahmen, Nationalpark Bayerischer Wald, Juni 2018<\/p>\n<p>Erster Teil einer sowohl theoretischen wie auch praktischen Einf\u00fchrung in das Spazierengehen.<\/p>\n<p>Im bayerischen Wald, kann man nicht nur wandern, sondern auch spazieren gehen.<\/p>\n<p>Das Felswandergebiet ist ein Kleinod im Nationalpark. Zu Beginn des Weges ein Warnhinweis: \u201eDie Benutzung des Weges erfolgt auf eigene Gefahr!\u201c Das ist nat\u00fcrlich eine Steilvorlage f\u00fcr jede\/n Entdecker\/in um sogleich besinnungslos loszust\u00fcrmen.<br \/>\n<em>\u201eDoch halt ein!\u201c<\/em> Worin liegen eigentlich die Gefahren? Von wem oder was gehen diese denn \u00a0aus?<br \/>\n\u201eAh!\u201c zu sch\u00fctzende \u201enat\u00fcrliche Lebensgemeinschaften\u201c sind f\u00fcr die Gefahren verantwortlich. Solche Gemeinschaften haben n\u00e4mlich eine Neigung zur Heimt\u00fccke und versuchen \u00a0Eindringlinge\u00a0 auch schon mal mit einem Baum zu erschlagen, oder werfen mit \u00c4sten nach arglosen Spazierg\u00e4ngern. Es gilt also auf der Hut zu sein.<br \/>\n<em>\u201eOk, nun aber los!\u201c<\/em><\/p>\n<p>Der Weg schraubt sich einen Berg hinauf. \u00dcber den Bergr\u00fccken verstreut liegen m\u00e4chtige Gesteinsbl\u00f6cke. Wie die dort wohl hingekommen sind? Reste der eiszeitlichen Vergletscherung des bayerischen Waldes? Haben sich hier mal Riesen gegenseitig mit kleinen Bergen beworfen? Ich kann es nicht sagen. <em>\u201eDu musst dich entscheiden!\u201c <\/em>Ok, also dann nehme ich das mit den Riesen, das passt &#8211; hier im Urwald &#8211; besser zu meiner geistigen Verfassung.<\/p>\n<p><em>\u201eR I E S E N?! aber warum sollten die denn sowas Bl\u00f6des tun, wie sich gegenseitig mit Bergen bewerfen?\u201c<\/em><br \/>\nStimmt, wer sagt eigentlich, das Riesen nur, weil Sie gro\u00df und stark waren und ein dickes Fell trugen,\u00a0 auch grobe Kl\u00f6tze gewesen sein m\u00fcssen? Ich glaube eher, Sie waren leidenschaftliche Spieler und hatten gerade das Baseball-Spiel erfunden!<em><br \/>\n\u201eBaseball? dann haben Sie wohl auch das Kaugummikauen und die Langeweile erfunden?!\u201c<\/em><br \/>\nJa und eben auch den Home Run! So k\u00f6nnten \u00e4h..zum Beispiel auch die Alpen entstanden sein!<br \/>\nAm Rande eines Baseball Feldes auf dem Riesen gespielt haben, da waren schon wilde Zeiten damals.<br \/>\n<em>\u00a0\u201eDas klingt logisch!\u201c<\/em> Eben und siehst Du hier \u00fcberall die Baumst\u00fcmpfe herumstehen?! Die Riesen haben die B\u00e4ume bestimmt als Baseballschl\u00e4ger benutzt!<br \/>\n<em>\u00a0\u201eMan kann die Alpen von hier aus ja auch gut sehen. Jede andere Erkl\u00e4rung w\u00e4re an den Haaren herbeigezogen.\u201c\u00a0 <\/em><br \/>\nHeute wirken die Baumst\u00fcmpfe eher etwas unheimlich, so als w\u00e4ren sie Torw\u00e4chter an der Schwelle zu einer \u00e4lteren Welt. Einer vergessenen Welt in der die Riesen immer noch Baseball spielen und dabei von begeisterten, Nachos m\u00fcmmelnde, Einh\u00f6rnern angefeuert werden.<br \/>\n<em>\u201eM\u00f6glich, aber vielleicht sind die Baumst\u00fcmpfe ja auch schlicht und ergreifend Pilzfutter, also ein Teil dieses scheinheiligen \u00a0\u201enat\u00fcrlichen Dingsbums-Kollektivs\u201c vor dem das Schild warnt!\u201c<\/em><\/p>\n<p>Na denn: further research is needed!<\/p>\n<p>Erster Teil Ende<\/p>\n<p>Link zum <a href=\"https:\/\/www.komoot.de\/tour\/36297948?ref=wtd\" target=\"_blank\" rel=\"noopener noreferrer\">Spaziergang<\/a><\/p>\n<div class=\"tiled-gallery type-rectangular tiled-gallery-unresized\" data-original-width=\"700\" data-carousel-extra='{&quot;blog_id&quot;:1,&quot;permalink&quot;:&quot;https:\\\/\\\/www.taumelland.de\\\/index.php\\\/2018\\\/08\\\/11\\\/to-go-for-a-walk-1-felswandergebiet\\\/&quot;,&quot;likes_blog_id&quot;:105258357}' itemscope itemtype=\"http:\/\/schema.org\/ImageGallery\" > <div class=\"gallery-row\" style=\"width: 700px; height: 313px;\" data-original-width=\"700\" data-original-height=\"313\" > <div class=\"gallery-group images-1\" style=\"width: 467px; height: 313px;\" data-original-width=\"467\" data-original-height=\"313\" > <div class=\"tiled-gallery-item tiled-gallery-item-large\" itemprop=\"associatedMedia\" itemscope itemtype=\"http:\/\/schema.org\/ImageObject\"> <a href=\"https:\/\/www.taumelland.de\/bwald_felswg20-3339\/\" border=\"0\" itemprop=\"url\"> <meta itemprop=\"width\" content=\"463\"> <meta itemprop=\"height\" content=\"309\"> <img decoding=\"async\" class=\"\" data-attachment-id=\"1759\" data-orig-file=\"https:\/\/www.taumelland.de\/wp-content\/uploads\/2018\/08\/bwald_felswg20-3339.jpg\" data-orig-size=\"960,640\" data-comments-opened=\"1\" data-image-meta=\"{&quot;aperture&quot;:&quot;0&quot;,&quot;credit&quot;:&quot;&quot;,&quot;camera&quot;:&quot;&quot;,&quot;caption&quot;:&quot;&quot;,&quot;created_timestamp&quot;:&quot;0&quot;,&quot;copyright&quot;:&quot;&quot;,&quot;focal_length&quot;:&quot;0&quot;,&quot;iso&quot;:&quot;0&quot;,&quot;shutter_speed&quot;:&quot;0&quot;,&quot;title&quot;:&quot;&quot;,&quot;orientation&quot;:&quot;0&quot;}\" data-image-title=\"Nationalpark Bayerischer Wald &amp;#8211; Felswandergebiet#2\" data-image-description=\"\" data-medium-file=\"https:\/\/i0.wp.com\/www.taumelland.de\/wp-content\/uploads\/2018\/08\/bwald_felswg20-3339.jpg?fit=300%2C200&#038;ssl=1\" data-large-file=\"https:\/\/i0.wp.com\/www.taumelland.de\/wp-content\/uploads\/2018\/08\/bwald_felswg20-3339.jpg?fit=700%2C467&#038;ssl=1\" src=\"https:\/\/i0.wp.com\/www.taumelland.de\/wp-content\/uploads\/2018\/08\/bwald_felswg20-3339.jpg?w=463&#038;h=309&#038;ssl=1\" srcset=\"https:\/\/i0.wp.com\/www.taumelland.de\/wp-content\/uploads\/2018\/08\/bwald_felswg20-3339.jpg?w=960&amp;ssl=1 960w, https:\/\/i0.wp.com\/www.taumelland.de\/wp-content\/uploads\/2018\/08\/bwald_felswg20-3339.jpg?resize=150%2C100&amp;ssl=1 150w, https:\/\/i0.wp.com\/www.taumelland.de\/wp-content\/uploads\/2018\/08\/bwald_felswg20-3339.jpg?resize=300%2C200&amp;ssl=1 300w, https:\/\/i0.wp.com\/www.taumelland.de\/wp-content\/uploads\/2018\/08\/bwald_felswg20-3339.jpg?resize=580%2C387&amp;ssl=1 580w, https:\/\/i0.wp.com\/www.taumelland.de\/wp-content\/uploads\/2018\/08\/bwald_felswg20-3339.jpg?resize=800%2C533&amp;ssl=1 800w\" width=\"463\" height=\"309\" loading=\"lazy\" data-original-width=\"463\" data-original-height=\"309\" itemprop=\"http:\/\/schema.org\/image\" title=\"Nationalpark Bayerischer Wald - Felswandergebiet#2\" alt=\"Nationalpark Bayerischer Wald - Felswandergebiet#2\" style=\"width: 463px; height: 309px;\" \/> <\/a> <\/div> <\/div> <!-- close group --> <div class=\"gallery-group images-2\" style=\"width: 233px; height: 313px;\" data-original-width=\"233\" data-original-height=\"313\" > <div class=\"tiled-gallery-item tiled-gallery-item-small\" itemprop=\"associatedMedia\" itemscope itemtype=\"http:\/\/schema.org\/ImageObject\"> <a href=\"https:\/\/www.taumelland.de\/bwald_felswg19-3338\/\" border=\"0\" itemprop=\"url\"> <meta itemprop=\"width\" content=\"229\"> <meta itemprop=\"height\" content=\"153\"> <img decoding=\"async\" class=\"\" data-attachment-id=\"1758\" data-orig-file=\"https:\/\/www.taumelland.de\/wp-content\/uploads\/2018\/08\/bwald_felswg19-3338.jpg\" data-orig-size=\"960,640\" data-comments-opened=\"1\" data-image-meta=\"{&quot;aperture&quot;:&quot;0&quot;,&quot;credit&quot;:&quot;&quot;,&quot;camera&quot;:&quot;&quot;,&quot;caption&quot;:&quot;&quot;,&quot;created_timestamp&quot;:&quot;0&quot;,&quot;copyright&quot;:&quot;&quot;,&quot;focal_length&quot;:&quot;0&quot;,&quot;iso&quot;:&quot;0&quot;,&quot;shutter_speed&quot;:&quot;0&quot;,&quot;title&quot;:&quot;&quot;,&quot;orientation&quot;:&quot;0&quot;}\" data-image-title=\"Nationalpark Bayerischer Wald &amp;#8211; Felswandergebiet#3\" data-image-description=\"\" data-medium-file=\"https:\/\/i0.wp.com\/www.taumelland.de\/wp-content\/uploads\/2018\/08\/bwald_felswg19-3338.jpg?fit=300%2C200&#038;ssl=1\" data-large-file=\"https:\/\/i0.wp.com\/www.taumelland.de\/wp-content\/uploads\/2018\/08\/bwald_felswg19-3338.jpg?fit=700%2C467&#038;ssl=1\" src=\"https:\/\/i0.wp.com\/www.taumelland.de\/wp-content\/uploads\/2018\/08\/bwald_felswg19-3338.jpg?w=229&#038;h=153&#038;ssl=1\" srcset=\"https:\/\/i0.wp.com\/www.taumelland.de\/wp-content\/uploads\/2018\/08\/bwald_felswg19-3338.jpg?w=960&amp;ssl=1 960w, https:\/\/i0.wp.com\/www.taumelland.de\/wp-content\/uploads\/2018\/08\/bwald_felswg19-3338.jpg?resize=150%2C100&amp;ssl=1 150w, https:\/\/i0.wp.com\/www.taumelland.de\/wp-content\/uploads\/2018\/08\/bwald_felswg19-3338.jpg?resize=300%2C200&amp;ssl=1 300w, https:\/\/i0.wp.com\/www.taumelland.de\/wp-content\/uploads\/2018\/08\/bwald_felswg19-3338.jpg?resize=580%2C387&amp;ssl=1 580w, https:\/\/i0.wp.com\/www.taumelland.de\/wp-content\/uploads\/2018\/08\/bwald_felswg19-3338.jpg?resize=800%2C533&amp;ssl=1 800w\" width=\"229\" height=\"153\" loading=\"lazy\" data-original-width=\"229\" data-original-height=\"153\" itemprop=\"http:\/\/schema.org\/image\" title=\"Nationalpark Bayerischer Wald - Felswandergebiet#3\" alt=\"Nationalpark Bayerischer Wald - Felswandergebiet#3\" style=\"width: 229px; height: 153px;\" \/> <\/a> <\/div> <div class=\"tiled-gallery-item tiled-gallery-item-small\" itemprop=\"associatedMedia\" itemscope itemtype=\"http:\/\/schema.org\/ImageObject\"> <a href=\"https:\/\/www.taumelland.de\/bwald_felswg16-3323\/\" border=\"0\" itemprop=\"url\"> <meta itemprop=\"width\" content=\"229\"> <meta itemprop=\"height\" content=\"152\"> <img decoding=\"async\" class=\"\" data-attachment-id=\"1756\" data-orig-file=\"https:\/\/www.taumelland.de\/wp-content\/uploads\/2018\/08\/bwald_felswg16-3323.jpg\" data-orig-size=\"960,640\" data-comments-opened=\"1\" data-image-meta=\"{&quot;aperture&quot;:&quot;0&quot;,&quot;credit&quot;:&quot;&quot;,&quot;camera&quot;:&quot;&quot;,&quot;caption&quot;:&quot;&quot;,&quot;created_timestamp&quot;:&quot;0&quot;,&quot;copyright&quot;:&quot;&quot;,&quot;focal_length&quot;:&quot;0&quot;,&quot;iso&quot;:&quot;0&quot;,&quot;shutter_speed&quot;:&quot;0&quot;,&quot;title&quot;:&quot;&quot;,&quot;orientation&quot;:&quot;0&quot;}\" data-image-title=\"Nationalpark Bayerischer Wald &amp;#8211; Felswandergebiet#5\" data-image-description=\"\" data-medium-file=\"https:\/\/i0.wp.com\/www.taumelland.de\/wp-content\/uploads\/2018\/08\/bwald_felswg16-3323.jpg?fit=300%2C200&#038;ssl=1\" data-large-file=\"https:\/\/i0.wp.com\/www.taumelland.de\/wp-content\/uploads\/2018\/08\/bwald_felswg16-3323.jpg?fit=700%2C467&#038;ssl=1\" src=\"https:\/\/i0.wp.com\/www.taumelland.de\/wp-content\/uploads\/2018\/08\/bwald_felswg16-3323.jpg?w=229&#038;h=152&#038;ssl=1\" srcset=\"https:\/\/i0.wp.com\/www.taumelland.de\/wp-content\/uploads\/2018\/08\/bwald_felswg16-3323.jpg?w=960&amp;ssl=1 960w, https:\/\/i0.wp.com\/www.taumelland.de\/wp-content\/uploads\/2018\/08\/bwald_felswg16-3323.jpg?resize=150%2C100&amp;ssl=1 150w, https:\/\/i0.wp.com\/www.taumelland.de\/wp-content\/uploads\/2018\/08\/bwald_felswg16-3323.jpg?resize=300%2C200&amp;ssl=1 300w, https:\/\/i0.wp.com\/www.taumelland.de\/wp-content\/uploads\/2018\/08\/bwald_felswg16-3323.jpg?resize=580%2C387&amp;ssl=1 580w, https:\/\/i0.wp.com\/www.taumelland.de\/wp-content\/uploads\/2018\/08\/bwald_felswg16-3323.jpg?resize=800%2C533&amp;ssl=1 800w\" width=\"229\" height=\"152\" loading=\"lazy\" data-original-width=\"229\" data-original-height=\"152\" itemprop=\"http:\/\/schema.org\/image\" title=\"Nationalpark Bayerischer Wald - Felswandergebiet#5\" alt=\"Nationalpark Bayerischer Wald - Felswandergebiet#5\" style=\"width: 229px; height: 152px;\" \/> <\/a> <\/div> <\/div> <!-- close group --> <\/div> <!-- close row --> <div class=\"gallery-row\" style=\"width: 700px; height: 157px;\" data-original-width=\"700\" data-original-height=\"157\" > <div class=\"gallery-group images-1\" style=\"width: 234px; height: 157px;\" data-original-width=\"234\" data-original-height=\"157\" > <div class=\"tiled-gallery-item tiled-gallery-item-small\" itemprop=\"associatedMedia\" itemscope itemtype=\"http:\/\/schema.org\/ImageObject\"> <a href=\"https:\/\/www.taumelland.de\/bwald_felswg10-3313\/\" border=\"0\" itemprop=\"url\"> <meta itemprop=\"width\" content=\"230\"> <meta itemprop=\"height\" content=\"153\"> <img decoding=\"async\" class=\"\" data-attachment-id=\"1755\" data-orig-file=\"https:\/\/www.taumelland.de\/wp-content\/uploads\/2018\/08\/bwald_felswg10-3313.jpg\" data-orig-size=\"960,640\" data-comments-opened=\"1\" data-image-meta=\"{&quot;aperture&quot;:&quot;0&quot;,&quot;credit&quot;:&quot;&quot;,&quot;camera&quot;:&quot;&quot;,&quot;caption&quot;:&quot;&quot;,&quot;created_timestamp&quot;:&quot;0&quot;,&quot;copyright&quot;:&quot;&quot;,&quot;focal_length&quot;:&quot;0&quot;,&quot;iso&quot;:&quot;0&quot;,&quot;shutter_speed&quot;:&quot;0&quot;,&quot;title&quot;:&quot;&quot;,&quot;orientation&quot;:&quot;0&quot;}\" data-image-title=\"Nationalpark Bayerischer Wald &amp;#8211; Felswandergebiet#6\" data-image-description=\"\" data-medium-file=\"https:\/\/i0.wp.com\/www.taumelland.de\/wp-content\/uploads\/2018\/08\/bwald_felswg10-3313.jpg?fit=300%2C200&#038;ssl=1\" data-large-file=\"https:\/\/i0.wp.com\/www.taumelland.de\/wp-content\/uploads\/2018\/08\/bwald_felswg10-3313.jpg?fit=700%2C467&#038;ssl=1\" src=\"https:\/\/i0.wp.com\/www.taumelland.de\/wp-content\/uploads\/2018\/08\/bwald_felswg10-3313.jpg?w=230&#038;h=153&#038;ssl=1\" srcset=\"https:\/\/i0.wp.com\/www.taumelland.de\/wp-content\/uploads\/2018\/08\/bwald_felswg10-3313.jpg?w=960&amp;ssl=1 960w, https:\/\/i0.wp.com\/www.taumelland.de\/wp-content\/uploads\/2018\/08\/bwald_felswg10-3313.jpg?resize=150%2C100&amp;ssl=1 150w, https:\/\/i0.wp.com\/www.taumelland.de\/wp-content\/uploads\/2018\/08\/bwald_felswg10-3313.jpg?resize=300%2C200&amp;ssl=1 300w, https:\/\/i0.wp.com\/www.taumelland.de\/wp-content\/uploads\/2018\/08\/bwald_felswg10-3313.jpg?resize=580%2C387&amp;ssl=1 580w, https:\/\/i0.wp.com\/www.taumelland.de\/wp-content\/uploads\/2018\/08\/bwald_felswg10-3313.jpg?resize=800%2C533&amp;ssl=1 800w\" width=\"230\" height=\"153\" loading=\"lazy\" data-original-width=\"230\" data-original-height=\"153\" itemprop=\"http:\/\/schema.org\/image\" title=\"Nationalpark Bayerischer Wald - Felswandergebiet#6\" alt=\"Nationalpark Bayerischer Wald - Felswandergebiet#6\" style=\"width: 230px; height: 153px;\" \/> <\/a> <\/div> <\/div> <!-- close group --> <div class=\"gallery-group images-1\" style=\"width: 233px; height: 157px;\" data-original-width=\"233\" data-original-height=\"157\" > <div class=\"tiled-gallery-item tiled-gallery-item-small\" itemprop=\"associatedMedia\" itemscope itemtype=\"http:\/\/schema.org\/ImageObject\"> <a href=\"https:\/\/www.taumelland.de\/bwald_felswg8-3305\/\" border=\"0\" itemprop=\"url\"> <meta itemprop=\"width\" content=\"229\"> <meta itemprop=\"height\" content=\"153\"> <img decoding=\"async\" class=\"\" data-attachment-id=\"1754\" data-orig-file=\"https:\/\/www.taumelland.de\/wp-content\/uploads\/2018\/08\/bwald_felswg8-3305.jpg\" data-orig-size=\"960,640\" data-comments-opened=\"1\" data-image-meta=\"{&quot;aperture&quot;:&quot;0&quot;,&quot;credit&quot;:&quot;&quot;,&quot;camera&quot;:&quot;&quot;,&quot;caption&quot;:&quot;&quot;,&quot;created_timestamp&quot;:&quot;0&quot;,&quot;copyright&quot;:&quot;&quot;,&quot;focal_length&quot;:&quot;0&quot;,&quot;iso&quot;:&quot;0&quot;,&quot;shutter_speed&quot;:&quot;0&quot;,&quot;title&quot;:&quot;&quot;,&quot;orientation&quot;:&quot;0&quot;}\" data-image-title=\"Nationalpark Bayerischer Wald &amp;#8211; Felswandergebiet#7\" data-image-description=\"\" data-medium-file=\"https:\/\/i0.wp.com\/www.taumelland.de\/wp-content\/uploads\/2018\/08\/bwald_felswg8-3305.jpg?fit=300%2C200&#038;ssl=1\" data-large-file=\"https:\/\/i0.wp.com\/www.taumelland.de\/wp-content\/uploads\/2018\/08\/bwald_felswg8-3305.jpg?fit=700%2C467&#038;ssl=1\" src=\"https:\/\/i0.wp.com\/www.taumelland.de\/wp-content\/uploads\/2018\/08\/bwald_felswg8-3305.jpg?w=229&#038;h=153&#038;ssl=1\" srcset=\"https:\/\/i0.wp.com\/www.taumelland.de\/wp-content\/uploads\/2018\/08\/bwald_felswg8-3305.jpg?w=960&amp;ssl=1 960w, https:\/\/i0.wp.com\/www.taumelland.de\/wp-content\/uploads\/2018\/08\/bwald_felswg8-3305.jpg?resize=150%2C100&amp;ssl=1 150w, https:\/\/i0.wp.com\/www.taumelland.de\/wp-content\/uploads\/2018\/08\/bwald_felswg8-3305.jpg?resize=300%2C200&amp;ssl=1 300w, https:\/\/i0.wp.com\/www.taumelland.de\/wp-content\/uploads\/2018\/08\/bwald_felswg8-3305.jpg?resize=580%2C387&amp;ssl=1 580w, https:\/\/i0.wp.com\/www.taumelland.de\/wp-content\/uploads\/2018\/08\/bwald_felswg8-3305.jpg?resize=800%2C533&amp;ssl=1 800w\" width=\"229\" height=\"153\" loading=\"lazy\" data-original-width=\"229\" data-original-height=\"153\" itemprop=\"http:\/\/schema.org\/image\" title=\"Nationalpark Bayerischer Wald - Felswandergebiet#7\" alt=\"Nationalpark Bayerischer Wald - Felswandergebiet#7\" style=\"width: 229px; height: 153px;\" \/> <\/a> <\/div> <\/div> <!-- close group --> <div class=\"gallery-group images-1\" style=\"width: 233px; height: 157px;\" data-original-width=\"233\" data-original-height=\"157\" > <div class=\"tiled-gallery-item tiled-gallery-item-small\" itemprop=\"associatedMedia\" itemscope itemtype=\"http:\/\/schema.org\/ImageObject\"> <a href=\"https:\/\/www.taumelland.de\/bwald_felswg5-3280\/\" border=\"0\" itemprop=\"url\"> <meta itemprop=\"width\" content=\"229\"> <meta itemprop=\"height\" content=\"153\"> <img decoding=\"async\" class=\"\" data-attachment-id=\"1753\" data-orig-file=\"https:\/\/www.taumelland.de\/wp-content\/uploads\/2018\/08\/bwald_felswg5-3280.jpg\" data-orig-size=\"960,640\" data-comments-opened=\"1\" data-image-meta=\"{&quot;aperture&quot;:&quot;0&quot;,&quot;credit&quot;:&quot;&quot;,&quot;camera&quot;:&quot;&quot;,&quot;caption&quot;:&quot;&quot;,&quot;created_timestamp&quot;:&quot;0&quot;,&quot;copyright&quot;:&quot;&quot;,&quot;focal_length&quot;:&quot;0&quot;,&quot;iso&quot;:&quot;0&quot;,&quot;shutter_speed&quot;:&quot;0&quot;,&quot;title&quot;:&quot;&quot;,&quot;orientation&quot;:&quot;0&quot;}\" data-image-title=\"Nationalpark Bayerischer Wald &amp;#8211; Felswandergebiet#8\" data-image-description=\"\" data-medium-file=\"https:\/\/i0.wp.com\/www.taumelland.de\/wp-content\/uploads\/2018\/08\/bwald_felswg5-3280.jpg?fit=300%2C200&#038;ssl=1\" data-large-file=\"https:\/\/i0.wp.com\/www.taumelland.de\/wp-content\/uploads\/2018\/08\/bwald_felswg5-3280.jpg?fit=700%2C467&#038;ssl=1\" src=\"https:\/\/i0.wp.com\/www.taumelland.de\/wp-content\/uploads\/2018\/08\/bwald_felswg5-3280.jpg?w=229&#038;h=153&#038;ssl=1\" srcset=\"https:\/\/i0.wp.com\/www.taumelland.de\/wp-content\/uploads\/2018\/08\/bwald_felswg5-3280.jpg?w=960&amp;ssl=1 960w, https:\/\/i0.wp.com\/www.taumelland.de\/wp-content\/uploads\/2018\/08\/bwald_felswg5-3280.jpg?resize=150%2C100&amp;ssl=1 150w, https:\/\/i0.wp.com\/www.taumelland.de\/wp-content\/uploads\/2018\/08\/bwald_felswg5-3280.jpg?resize=300%2C200&amp;ssl=1 300w, https:\/\/i0.wp.com\/www.taumelland.de\/wp-content\/uploads\/2018\/08\/bwald_felswg5-3280.jpg?resize=580%2C387&amp;ssl=1 580w, https:\/\/i0.wp.com\/www.taumelland.de\/wp-content\/uploads\/2018\/08\/bwald_felswg5-3280.jpg?resize=800%2C533&amp;ssl=1 800w\" width=\"229\" height=\"153\" loading=\"lazy\" data-original-width=\"229\" data-original-height=\"153\" itemprop=\"http:\/\/schema.org\/image\" title=\"Nationalpark Bayerischer Wald - Felswandergebiet#8\" alt=\"Nationalpark Bayerischer Wald - Felswandergebiet#8\" style=\"width: 229px; height: 153px;\" \/> <\/a> <\/div> <\/div> <!-- close group --> <\/div> <!-- close row --> <\/div>\n<p><a href=\"https:\/\/i0.wp.com\/www.taumelland.de\/wp-content\/uploads\/2018\/08\/bwald_felswg27-3284.jpg?ssl=1\" rel=\"lightbox[1749]\"><img data-recalc-dims=\"1\" loading=\"lazy\" decoding=\"async\" data-attachment-id=\"1760\" data-permalink=\"https:\/\/www.taumelland.de\/index.php\/2018\/08\/11\/to-go-for-a-walk-1-felswandergebiet\/bwald_felswg27-3284\/\" data-orig-file=\"https:\/\/i0.wp.com\/www.taumelland.de\/wp-content\/uploads\/2018\/08\/bwald_felswg27-3284.jpg?fit=960%2C640&amp;ssl=1\" data-orig-size=\"960,640\" data-comments-opened=\"1\" data-image-meta=\"{&quot;aperture&quot;:&quot;0&quot;,&quot;credit&quot;:&quot;&quot;,&quot;camera&quot;:&quot;&quot;,&quot;caption&quot;:&quot;&quot;,&quot;created_timestamp&quot;:&quot;0&quot;,&quot;copyright&quot;:&quot;&quot;,&quot;focal_length&quot;:&quot;0&quot;,&quot;iso&quot;:&quot;0&quot;,&quot;shutter_speed&quot;:&quot;0&quot;,&quot;title&quot;:&quot;&quot;,&quot;orientation&quot;:&quot;0&quot;}\" data-image-title=\"Nationalpark Bayerischer Wald &amp;#8211; Felswandergebiet#1\" data-image-description=\"\" data-image-caption=\"\" data-large-file=\"https:\/\/i0.wp.com\/www.taumelland.de\/wp-content\/uploads\/2018\/08\/bwald_felswg27-3284.jpg?fit=700%2C467&amp;ssl=1\" class=\"alignnone size-full wp-image-1760\" src=\"https:\/\/i0.wp.com\/www.taumelland.de\/wp-content\/uploads\/2018\/08\/bwald_felswg27-3284.jpg?resize=700%2C467&#038;ssl=1\" alt=\"Nationalpark Bayerischer Wald - Felswandergebiet#1\" width=\"700\" height=\"467\" srcset=\"https:\/\/i0.wp.com\/www.taumelland.de\/wp-content\/uploads\/2018\/08\/bwald_felswg27-3284.jpg?w=960&amp;ssl=1 960w, https:\/\/i0.wp.com\/www.taumelland.de\/wp-content\/uploads\/2018\/08\/bwald_felswg27-3284.jpg?resize=150%2C100&amp;ssl=1 150w, https:\/\/i0.wp.com\/www.taumelland.de\/wp-content\/uploads\/2018\/08\/bwald_felswg27-3284.jpg?resize=300%2C200&amp;ssl=1 300w, https:\/\/i0.wp.com\/www.taumelland.de\/wp-content\/uploads\/2018\/08\/bwald_felswg27-3284.jpg?resize=580%2C387&amp;ssl=1 580w, https:\/\/i0.wp.com\/www.taumelland.de\/wp-content\/uploads\/2018\/08\/bwald_felswg27-3284.jpg?resize=800%2C533&amp;ssl=1 800w\" sizes=\"auto, (max-width: 700px) 100vw, 700px\" \/><\/a><\/p>\n","protected":false},"excerpt":{"rendered":"<p>Acht Aufnahmen, Nationalpark Bayerischer Wald, Juni 2018 Erster Teil einer sowohl theoretischen wie auch praktischen Einf\u00fchrung in das Spazierengehen. Im bayerischen Wald, kann man nicht nur wandern, sondern auch spazieren gehen. Das Felswandergebiet ist ein Kleinod im Nationalpark. Zu Beginn des Weges ein Warnhinweis: \u201eDie&hellip;<\/p>\n","protected":false},"author":1,"featured_media":1760,"comment_status":"open","ping_status":"open","sticky":false,"template":"","format":"standard","meta":{"_themeisle_gutenberg_block_has_review":false,"jetpack_post_was_ever_published":false,"_jetpack_newsletter_access":"","_jetpack_dont_email_post_to_subs":false,"_jetpack_newsletter_tier_id":0,"_jetpack_memberships_contains_paywalled_content":false,"_jetpack_memberships_contains_paid_content":false,"footnotes":"","jetpack_publicize_message":"to go for a walk #1 #Felswandergebiet\r\n#NationalparkBayerischerWald #taumelland","jetpack_publicize_feature_enabled":true,"jetpack_social_post_already_shared":true,"jetpack_social_options":{"image_generator_settings":{"template":"highway","default_image_id":0,"font":"","enabled":false},"version":2}},"categories":[1,19,151,79,26,47],"tags":[227,222,228,229],"class_list":["post-1749","post","type-post","status-publish","format-standard","has-post-thumbnail","hentry","category-allgemein","category-baeume","category-geschichten","category-pilze","category-ruinen","category-waldeinsamkeit","tag-felswandergebiet","tag-nationalpark-bayrischer-wald","tag-spazierengehen","tag-to-go-for-a-walk"],"yoast_head":"<!-- This site is optimized with the Yoast SEO plugin v27.5 - https:\/\/yoast.com\/product\/yoast-seo-wordpress\/ -->\n<title>to go for a walk #1 Felswandergebiet - taumelland.de<\/title>\n<meta name=\"robots\" content=\"index, follow, max-snippet:-1, max-image-preview:large, max-video-preview:-1\" \/>\n<link rel=\"canonical\" href=\"https:\/\/www.taumelland.de\/index.php\/2018\/08\/11\/to-go-for-a-walk-1-felswandergebiet\/\" \/>\n<meta property=\"og:locale\" content=\"de_DE\" \/>\n<meta property=\"og:type\" content=\"article\" \/>\n<meta property=\"og:title\" content=\"to go for a walk #1 Felswandergebiet - taumelland.de\" \/>\n<meta property=\"og:description\" content=\"Acht Aufnahmen, Nationalpark Bayerischer Wald, Juni 2018 Erster Teil einer sowohl theoretischen wie auch praktischen Einf\u00fchrung in das Spazierengehen. Im bayerischen Wald, kann man nicht nur wandern, sondern auch spazieren gehen. Das Felswandergebiet ist ein Kleinod im Nationalpark. Zu Beginn des Weges ein Warnhinweis: \u201eDie&hellip;\" \/>\n<meta property=\"og:url\" content=\"https:\/\/www.taumelland.de\/index.php\/2018\/08\/11\/to-go-for-a-walk-1-felswandergebiet\/\" \/>\n<meta property=\"og:site_name\" content=\"taumelland.de\" \/>\n<meta property=\"article:published_time\" content=\"2018-08-11T08:00:49+00:00\" \/>\n<meta property=\"article:modified_time\" content=\"2020-10-18T19:16:00+00:00\" \/>\n<meta property=\"og:image\" content=\"https:\/\/www.taumelland.de\/wp-content\/uploads\/2018\/08\/bwald_felswg27-3284.jpg\" \/>\n\t<meta property=\"og:image:width\" content=\"960\" \/>\n\t<meta property=\"og:image:height\" content=\"640\" \/>\n\t<meta property=\"og:image:type\" content=\"image\/jpeg\" \/>\n<meta name=\"author\" content=\"Mbolee\" \/>\n<meta name=\"twitter:card\" content=\"summary_large_image\" \/>\n<meta name=\"twitter:label1\" content=\"Verfasst von\" \/>\n\t<meta name=\"twitter:data1\" content=\"Mbolee\" \/>\n\t<meta name=\"twitter:label2\" content=\"Gesch\u00e4tzte Lesezeit\" \/>\n\t<meta name=\"twitter:data2\" content=\"2\u00a0Minuten\" \/>\n<script type=\"application\/ld+json\" class=\"yoast-schema-graph\">{\"@context\":\"https:\\\/\\\/schema.org\",\"@graph\":[{\"@type\":\"Article\",\"@id\":\"https:\\\/\\\/www.taumelland.de\\\/index.php\\\/2018\\\/08\\\/11\\\/to-go-for-a-walk-1-felswandergebiet\\\/#article\",\"isPartOf\":{\"@id\":\"https:\\\/\\\/www.taumelland.de\\\/index.php\\\/2018\\\/08\\\/11\\\/to-go-for-a-walk-1-felswandergebiet\\\/\"},\"author\":{\"name\":\"Mbolee\",\"@id\":\"https:\\\/\\\/www.taumelland.de\\\/#\\\/schema\\\/person\\\/7c3bfb4fefffd1a6bd38e8c18f296dbf\"},\"headline\":\"to go for a walk #1 Felswandergebiet\",\"datePublished\":\"2018-08-11T08:00:49+00:00\",\"dateModified\":\"2020-10-18T19:16:00+00:00\",\"mainEntityOfPage\":{\"@id\":\"https:\\\/\\\/www.taumelland.de\\\/index.php\\\/2018\\\/08\\\/11\\\/to-go-for-a-walk-1-felswandergebiet\\\/\"},\"wordCount\":455,\"commentCount\":1,\"publisher\":{\"@id\":\"https:\\\/\\\/www.taumelland.de\\\/#\\\/schema\\\/person\\\/d408cfcd33462b0f8d9e9356cfef1aab\"},\"image\":{\"@id\":\"https:\\\/\\\/www.taumelland.de\\\/index.php\\\/2018\\\/08\\\/11\\\/to-go-for-a-walk-1-felswandergebiet\\\/#primaryimage\"},\"thumbnailUrl\":\"https:\\\/\\\/i0.wp.com\\\/www.taumelland.de\\\/wp-content\\\/uploads\\\/2018\\\/08\\\/bwald_felswg27-3284.jpg?fit=960%2C640&ssl=1\",\"keywords\":[\"Felswandergebiet\",\"Nationalpark Bayrischer Wald\",\"spazierengehen\",\"to go for a walk\"],\"articleSection\":{\"1\":\"B\u00e4ume\",\"2\":\"Geschichten\",\"3\":\"Pilze\",\"4\":\"Ruinen\",\"5\":\"Waldeinsamkeit\"},\"inLanguage\":\"de\",\"potentialAction\":[{\"@type\":\"CommentAction\",\"name\":\"Comment\",\"target\":[\"https:\\\/\\\/www.taumelland.de\\\/index.php\\\/2018\\\/08\\\/11\\\/to-go-for-a-walk-1-felswandergebiet\\\/#respond\"]}]},{\"@type\":\"WebPage\",\"@id\":\"https:\\\/\\\/www.taumelland.de\\\/index.php\\\/2018\\\/08\\\/11\\\/to-go-for-a-walk-1-felswandergebiet\\\/\",\"url\":\"https:\\\/\\\/www.taumelland.de\\\/index.php\\\/2018\\\/08\\\/11\\\/to-go-for-a-walk-1-felswandergebiet\\\/\",\"name\":\"to go for a walk #1 Felswandergebiet - taumelland.de\",\"isPartOf\":{\"@id\":\"https:\\\/\\\/www.taumelland.de\\\/#website\"},\"primaryImageOfPage\":{\"@id\":\"https:\\\/\\\/www.taumelland.de\\\/index.php\\\/2018\\\/08\\\/11\\\/to-go-for-a-walk-1-felswandergebiet\\\/#primaryimage\"},\"image\":{\"@id\":\"https:\\\/\\\/www.taumelland.de\\\/index.php\\\/2018\\\/08\\\/11\\\/to-go-for-a-walk-1-felswandergebiet\\\/#primaryimage\"},\"thumbnailUrl\":\"https:\\\/\\\/i0.wp.com\\\/www.taumelland.de\\\/wp-content\\\/uploads\\\/2018\\\/08\\\/bwald_felswg27-3284.jpg?fit=960%2C640&ssl=1\",\"datePublished\":\"2018-08-11T08:00:49+00:00\",\"dateModified\":\"2020-10-18T19:16:00+00:00\",\"breadcrumb\":{\"@id\":\"https:\\\/\\\/www.taumelland.de\\\/index.php\\\/2018\\\/08\\\/11\\\/to-go-for-a-walk-1-felswandergebiet\\\/#breadcrumb\"},\"inLanguage\":\"de\",\"potentialAction\":[{\"@type\":\"ReadAction\",\"target\":[\"https:\\\/\\\/www.taumelland.de\\\/index.php\\\/2018\\\/08\\\/11\\\/to-go-for-a-walk-1-felswandergebiet\\\/\"]}]},{\"@type\":\"ImageObject\",\"inLanguage\":\"de\",\"@id\":\"https:\\\/\\\/www.taumelland.de\\\/index.php\\\/2018\\\/08\\\/11\\\/to-go-for-a-walk-1-felswandergebiet\\\/#primaryimage\",\"url\":\"https:\\\/\\\/i0.wp.com\\\/www.taumelland.de\\\/wp-content\\\/uploads\\\/2018\\\/08\\\/bwald_felswg27-3284.jpg?fit=960%2C640&ssl=1\",\"contentUrl\":\"https:\\\/\\\/i0.wp.com\\\/www.taumelland.de\\\/wp-content\\\/uploads\\\/2018\\\/08\\\/bwald_felswg27-3284.jpg?fit=960%2C640&ssl=1\",\"width\":960,\"height\":640,\"caption\":\"Nationalpark Bayerischer Wald - Felswandergebiet#1\"},{\"@type\":\"BreadcrumbList\",\"@id\":\"https:\\\/\\\/www.taumelland.de\\\/index.php\\\/2018\\\/08\\\/11\\\/to-go-for-a-walk-1-felswandergebiet\\\/#breadcrumb\",\"itemListElement\":[{\"@type\":\"ListItem\",\"position\":1,\"name\":\"Home\",\"item\":\"https:\\\/\\\/www.taumelland.de\\\/\"},{\"@type\":\"ListItem\",\"position\":2,\"name\":\"to go for a walk #1 Felswandergebiet\"}]},{\"@type\":\"WebSite\",\"@id\":\"https:\\\/\\\/www.taumelland.de\\\/#website\",\"url\":\"https:\\\/\\\/www.taumelland.de\\\/\",\"name\":\"taumelland.de\",\"description\":\"der romantische Fotoblog\",\"publisher\":{\"@id\":\"https:\\\/\\\/www.taumelland.de\\\/#\\\/schema\\\/person\\\/d408cfcd33462b0f8d9e9356cfef1aab\"},\"potentialAction\":[{\"@type\":\"SearchAction\",\"target\":{\"@type\":\"EntryPoint\",\"urlTemplate\":\"https:\\\/\\\/www.taumelland.de\\\/?s={search_term_string}\"},\"query-input\":{\"@type\":\"PropertyValueSpecification\",\"valueRequired\":true,\"valueName\":\"search_term_string\"}}],\"inLanguage\":\"de\"},{\"@type\":[\"Person\",\"Organization\"],\"@id\":\"https:\\\/\\\/www.taumelland.de\\\/#\\\/schema\\\/person\\\/d408cfcd33462b0f8d9e9356cfef1aab\",\"name\":\"Marcus Bohl\",\"image\":{\"@type\":\"ImageObject\",\"inLanguage\":\"de\",\"@id\":\"https:\\\/\\\/i0.wp.com\\\/www.taumelland.de\\\/wp-content\\\/uploads\\\/2022\\\/04\\\/rosa3.jpg?fit=960%2C639&ssl=1\",\"url\":\"https:\\\/\\\/i0.wp.com\\\/www.taumelland.de\\\/wp-content\\\/uploads\\\/2022\\\/04\\\/rosa3.jpg?fit=960%2C639&ssl=1\",\"contentUrl\":\"https:\\\/\\\/i0.wp.com\\\/www.taumelland.de\\\/wp-content\\\/uploads\\\/2022\\\/04\\\/rosa3.jpg?fit=960%2C639&ssl=1\",\"width\":960,\"height\":639,\"caption\":\"Marcus Bohl\"},\"logo\":{\"@id\":\"https:\\\/\\\/i0.wp.com\\\/www.taumelland.de\\\/wp-content\\\/uploads\\\/2022\\\/04\\\/rosa3.jpg?fit=960%2C639&ssl=1\"},\"sameAs\":[\"https:\\\/\\\/www.instagram.com\\\/taumelland\\\/?hl=de\"]},{\"@type\":\"Person\",\"@id\":\"https:\\\/\\\/www.taumelland.de\\\/#\\\/schema\\\/person\\\/7c3bfb4fefffd1a6bd38e8c18f296dbf\",\"name\":\"Mbolee\",\"sameAs\":[\"http:\\\/\\\/taumelland.de\"],\"url\":\"https:\\\/\\\/www.taumelland.de\\\/index.php\\\/author\\\/mbolee\\\/\"}]}<\/script>\n<!-- \/ Yoast SEO plugin. -->","yoast_head_json":{"title":"to go for a walk #1 Felswandergebiet - taumelland.de","robots":{"index":"index","follow":"follow","max-snippet":"max-snippet:-1","max-image-preview":"max-image-preview:large","max-video-preview":"max-video-preview:-1"},"canonical":"https:\/\/www.taumelland.de\/index.php\/2018\/08\/11\/to-go-for-a-walk-1-felswandergebiet\/","og_locale":"de_DE","og_type":"article","og_title":"to go for a walk #1 Felswandergebiet - taumelland.de","og_description":"Acht Aufnahmen, Nationalpark Bayerischer Wald, Juni 2018 Erster Teil einer sowohl theoretischen wie auch praktischen Einf\u00fchrung in das Spazierengehen. Im bayerischen Wald, kann man nicht nur wandern, sondern auch spazieren gehen. Das Felswandergebiet ist ein Kleinod im Nationalpark. Zu Beginn des Weges ein Warnhinweis: \u201eDie&hellip;","og_url":"https:\/\/www.taumelland.de\/index.php\/2018\/08\/11\/to-go-for-a-walk-1-felswandergebiet\/","og_site_name":"taumelland.de","article_published_time":"2018-08-11T08:00:49+00:00","article_modified_time":"2020-10-18T19:16:00+00:00","og_image":[{"width":960,"height":640,"url":"https:\/\/www.taumelland.de\/wp-content\/uploads\/2018\/08\/bwald_felswg27-3284.jpg","type":"image\/jpeg"}],"author":"Mbolee","twitter_card":"summary_large_image","twitter_misc":{"Verfasst von":"Mbolee","Gesch\u00e4tzte Lesezeit":"2\u00a0Minuten"},"schema":{"@context":"https:\/\/schema.org","@graph":[{"@type":"Article","@id":"https:\/\/www.taumelland.de\/index.php\/2018\/08\/11\/to-go-for-a-walk-1-felswandergebiet\/#article","isPartOf":{"@id":"https:\/\/www.taumelland.de\/index.php\/2018\/08\/11\/to-go-for-a-walk-1-felswandergebiet\/"},"author":{"name":"Mbolee","@id":"https:\/\/www.taumelland.de\/#\/schema\/person\/7c3bfb4fefffd1a6bd38e8c18f296dbf"},"headline":"to go for a walk #1 Felswandergebiet","datePublished":"2018-08-11T08:00:49+00:00","dateModified":"2020-10-18T19:16:00+00:00","mainEntityOfPage":{"@id":"https:\/\/www.taumelland.de\/index.php\/2018\/08\/11\/to-go-for-a-walk-1-felswandergebiet\/"},"wordCount":455,"commentCount":1,"publisher":{"@id":"https:\/\/www.taumelland.de\/#\/schema\/person\/d408cfcd33462b0f8d9e9356cfef1aab"},"image":{"@id":"https:\/\/www.taumelland.de\/index.php\/2018\/08\/11\/to-go-for-a-walk-1-felswandergebiet\/#primaryimage"},"thumbnailUrl":"https:\/\/i0.wp.com\/www.taumelland.de\/wp-content\/uploads\/2018\/08\/bwald_felswg27-3284.jpg?fit=960%2C640&ssl=1","keywords":["Felswandergebiet","Nationalpark Bayrischer Wald","spazierengehen","to go for a walk"],"articleSection":{"1":"B\u00e4ume","2":"Geschichten","3":"Pilze","4":"Ruinen","5":"Waldeinsamkeit"},"inLanguage":"de","potentialAction":[{"@type":"CommentAction","name":"Comment","target":["https:\/\/www.taumelland.de\/index.php\/2018\/08\/11\/to-go-for-a-walk-1-felswandergebiet\/#respond"]}]},{"@type":"WebPage","@id":"https:\/\/www.taumelland.de\/index.php\/2018\/08\/11\/to-go-for-a-walk-1-felswandergebiet\/","url":"https:\/\/www.taumelland.de\/index.php\/2018\/08\/11\/to-go-for-a-walk-1-felswandergebiet\/","name":"to go for a walk #1 Felswandergebiet - taumelland.de","isPartOf":{"@id":"https:\/\/www.taumelland.de\/#website"},"primaryImageOfPage":{"@id":"https:\/\/www.taumelland.de\/index.php\/2018\/08\/11\/to-go-for-a-walk-1-felswandergebiet\/#primaryimage"},"image":{"@id":"https:\/\/www.taumelland.de\/index.php\/2018\/08\/11\/to-go-for-a-walk-1-felswandergebiet\/#primaryimage"},"thumbnailUrl":"https:\/\/i0.wp.com\/www.taumelland.de\/wp-content\/uploads\/2018\/08\/bwald_felswg27-3284.jpg?fit=960%2C640&ssl=1","datePublished":"2018-08-11T08:00:49+00:00","dateModified":"2020-10-18T19:16:00+00:00","breadcrumb":{"@id":"https:\/\/www.taumelland.de\/index.php\/2018\/08\/11\/to-go-for-a-walk-1-felswandergebiet\/#breadcrumb"},"inLanguage":"de","potentialAction":[{"@type":"ReadAction","target":["https:\/\/www.taumelland.de\/index.php\/2018\/08\/11\/to-go-for-a-walk-1-felswandergebiet\/"]}]},{"@type":"ImageObject","inLanguage":"de","@id":"https:\/\/www.taumelland.de\/index.php\/2018\/08\/11\/to-go-for-a-walk-1-felswandergebiet\/#primaryimage","url":"https:\/\/i0.wp.com\/www.taumelland.de\/wp-content\/uploads\/2018\/08\/bwald_felswg27-3284.jpg?fit=960%2C640&ssl=1","contentUrl":"https:\/\/i0.wp.com\/www.taumelland.de\/wp-content\/uploads\/2018\/08\/bwald_felswg27-3284.jpg?fit=960%2C640&ssl=1","width":960,"height":640,"caption":"Nationalpark Bayerischer Wald - Felswandergebiet#1"},{"@type":"BreadcrumbList","@id":"https:\/\/www.taumelland.de\/index.php\/2018\/08\/11\/to-go-for-a-walk-1-felswandergebiet\/#breadcrumb","itemListElement":[{"@type":"ListItem","position":1,"name":"Home","item":"https:\/\/www.taumelland.de\/"},{"@type":"ListItem","position":2,"name":"to go for a walk #1 Felswandergebiet"}]},{"@type":"WebSite","@id":"https:\/\/www.taumelland.de\/#website","url":"https:\/\/www.taumelland.de\/","name":"taumelland.de","description":"der romantische Fotoblog","publisher":{"@id":"https:\/\/www.taumelland.de\/#\/schema\/person\/d408cfcd33462b0f8d9e9356cfef1aab"},"potentialAction":[{"@type":"SearchAction","target":{"@type":"EntryPoint","urlTemplate":"https:\/\/www.taumelland.de\/?s={search_term_string}"},"query-input":{"@type":"PropertyValueSpecification","valueRequired":true,"valueName":"search_term_string"}}],"inLanguage":"de"},{"@type":["Person","Organization"],"@id":"https:\/\/www.taumelland.de\/#\/schema\/person\/d408cfcd33462b0f8d9e9356cfef1aab","name":"Marcus Bohl","image":{"@type":"ImageObject","inLanguage":"de","@id":"https:\/\/i0.wp.com\/www.taumelland.de\/wp-content\/uploads\/2022\/04\/rosa3.jpg?fit=960%2C639&ssl=1","url":"https:\/\/i0.wp.com\/www.taumelland.de\/wp-content\/uploads\/2022\/04\/rosa3.jpg?fit=960%2C639&ssl=1","contentUrl":"https:\/\/i0.wp.com\/www.taumelland.de\/wp-content\/uploads\/2022\/04\/rosa3.jpg?fit=960%2C639&ssl=1","width":960,"height":639,"caption":"Marcus Bohl"},"logo":{"@id":"https:\/\/i0.wp.com\/www.taumelland.de\/wp-content\/uploads\/2022\/04\/rosa3.jpg?fit=960%2C639&ssl=1"},"sameAs":["https:\/\/www.instagram.com\/taumelland\/?hl=de"]},{"@type":"Person","@id":"https:\/\/www.taumelland.de\/#\/schema\/person\/7c3bfb4fefffd1a6bd38e8c18f296dbf","name":"Mbolee","sameAs":["http:\/\/taumelland.de"],"url":"https:\/\/www.taumelland.de\/index.php\/author\/mbolee\/"}]}},"jetpack_publicize_connections":[],"jetpack_featured_media_url":"https:\/\/i0.wp.com\/www.taumelland.de\/wp-content\/uploads\/2018\/08\/bwald_felswg27-3284.jpg?fit=960%2C640&ssl=1","jetpack_sharing_enabled":true,"jetpack_shortlink":"https:\/\/wp.me\/p77Evr-sd","jetpack-related-posts":[],"_links":{"self":[{"href":"https:\/\/www.taumelland.de\/index.php\/wp-json\/wp\/v2\/posts\/1749","targetHints":{"allow":["GET"]}}],"collection":[{"href":"https:\/\/www.taumelland.de\/index.php\/wp-json\/wp\/v2\/posts"}],"about":[{"href":"https:\/\/www.taumelland.de\/index.php\/wp-json\/wp\/v2\/types\/post"}],"author":[{"embeddable":true,"href":"https:\/\/www.taumelland.de\/index.php\/wp-json\/wp\/v2\/users\/1"}],"replies":[{"embeddable":true,"href":"https:\/\/www.taumelland.de\/index.php\/wp-json\/wp\/v2\/comments?post=1749"}],"version-history":[{"count":10,"href":"https:\/\/www.taumelland.de\/index.php\/wp-json\/wp\/v2\/posts\/1749\/revisions"}],"predecessor-version":[{"id":2410,"href":"https:\/\/www.taumelland.de\/index.php\/wp-json\/wp\/v2\/posts\/1749\/revisions\/2410"}],"wp:featuredmedia":[{"embeddable":true,"href":"https:\/\/www.taumelland.de\/index.php\/wp-json\/wp\/v2\/media\/1760"}],"wp:attachment":[{"href":"https:\/\/www.taumelland.de\/index.php\/wp-json\/wp\/v2\/media?parent=1749"}],"wp:term":[{"taxonomy":"category","embeddable":true,"href":"https:\/\/www.taumelland.de\/index.php\/wp-json\/wp\/v2\/categories?post=1749"},{"taxonomy":"post_tag","embeddable":true,"href":"https:\/\/www.taumelland.de\/index.php\/wp-json\/wp\/v2\/tags?post=1749"}],"curies":[{"name":"wp","href":"https:\/\/api.w.org\/{rel}","templated":true}]}}