{"id":1622,"date":"2018-04-21T08:00:22","date_gmt":"2018-04-21T06:00:22","guid":{"rendered":"http:\/\/www.taumelland.de\/?p=1622"},"modified":"2018-04-21T19:26:30","modified_gmt":"2018-04-21T17:26:30","slug":"zwei-jahre-taumelland-eine-abschweifung","status":"publish","type":"post","link":"https:\/\/www.taumelland.de\/index.php\/2018\/04\/21\/zwei-jahre-taumelland-eine-abschweifung\/","title":{"rendered":"Zwei Jahre Taumelland! &#8211; Eine Abschweifung!"},"content":{"rendered":"<p><a href=\"https:\/\/i0.wp.com\/www.taumelland.de\/wp-content\/uploads\/2018\/04\/bolee_2018-5875.jpg\" rel=\"lightbox[1622]\"><img data-recalc-dims=\"1\" loading=\"lazy\" decoding=\"async\" data-attachment-id=\"1630\" data-permalink=\"https:\/\/www.taumelland.de\/index.php\/2018\/04\/21\/zwei-jahre-taumelland-eine-abschweifung\/bolee_2018-5875\/\" data-orig-file=\"https:\/\/i0.wp.com\/www.taumelland.de\/wp-content\/uploads\/2018\/04\/bolee_2018-5875.jpg?fit=960%2C640&amp;ssl=1\" data-orig-size=\"960,640\" data-comments-opened=\"1\" data-image-meta=\"{&quot;aperture&quot;:&quot;0&quot;,&quot;credit&quot;:&quot;&quot;,&quot;camera&quot;:&quot;&quot;,&quot;caption&quot;:&quot;&quot;,&quot;created_timestamp&quot;:&quot;0&quot;,&quot;copyright&quot;:&quot;&quot;,&quot;focal_length&quot;:&quot;0&quot;,&quot;iso&quot;:&quot;0&quot;,&quot;shutter_speed&quot;:&quot;0&quot;,&quot;title&quot;:&quot;&quot;,&quot;orientation&quot;:&quot;0&quot;}\" data-image-title=\"zwei Jahre Taumelland\" data-image-description=\"\" data-image-caption=\"\" data-large-file=\"https:\/\/i0.wp.com\/www.taumelland.de\/wp-content\/uploads\/2018\/04\/bolee_2018-5875.jpg?fit=700%2C467&amp;ssl=1\" class=\"alignnone size-full wp-image-1630\" src=\"https:\/\/i0.wp.com\/www.taumelland.de\/wp-content\/uploads\/2018\/04\/bolee_2018-5875.jpg?resize=700%2C467\" alt=\"zwei Jahre Taumelland\" width=\"700\" height=\"467\" srcset=\"https:\/\/i0.wp.com\/www.taumelland.de\/wp-content\/uploads\/2018\/04\/bolee_2018-5875.jpg?w=960&amp;ssl=1 960w, https:\/\/i0.wp.com\/www.taumelland.de\/wp-content\/uploads\/2018\/04\/bolee_2018-5875.jpg?resize=150%2C100&amp;ssl=1 150w, https:\/\/i0.wp.com\/www.taumelland.de\/wp-content\/uploads\/2018\/04\/bolee_2018-5875.jpg?resize=300%2C200&amp;ssl=1 300w, https:\/\/i0.wp.com\/www.taumelland.de\/wp-content\/uploads\/2018\/04\/bolee_2018-5875.jpg?resize=580%2C387&amp;ssl=1 580w, https:\/\/i0.wp.com\/www.taumelland.de\/wp-content\/uploads\/2018\/04\/bolee_2018-5875.jpg?resize=800%2C533&amp;ssl=1 800w\" sizes=\"auto, (max-width: 700px) 100vw, 700px\" \/><\/a><\/p>\n<blockquote><p>Der K\u00fcnstler lebt im Spiegel<br \/>\nMit dem Echo seines Selbst<br \/>\nSogar die gr\u00f6ssten Stars<br \/>\nLeben ihr Leben im Spiegelglas<br \/>\nSogar die gr\u00f6ssten Stars<br \/>\nMachen sich zurecht im Spiegelglas<\/p><\/blockquote>\n<p><cite>Spiegelsaal, Kraftwerk, Trans Europa Express, 1977<\/cite><\/p>\n<p>Hihi, ja so schaut\u2019s aus!<br \/>\nTaumelland feierte am 26.03.2018 zwei j\u00e4hrigen Geburtstag. Erst einmal m\u00f6chte ich mich an dieser Stelle bei Euch allen f\u00fcr das Interesse an meinem Projekt bedanken.<br \/>\nOhne eure liebevolle Begleitung w\u00e4re das Netz f\u00fcr taumelland ein eisiger Ort!<\/p>\n<p>Zum Zweij\u00e4hrigen habe ich mal eine erweiterte Playlist mit allen auf taumelland zitierten Songs und Alben erstellt. Daf\u00fcr habe ich eine neue Seite \u201e<a href=\"http:\/\/www.taumelland.de\/index.php\/songs\/\" target=\"_blank\" rel=\"noopener\">Songs<\/a>\u201c angelegt. Taumelland ist stark von Musik durchzogen und durch Musik inspiriert.<br \/>\nDer ganze\u00a0 Blog ist sozusagen \u201edriven by music\u201c!<\/p>\n<p>\u201eSpiegelsaal\u201c ist einer meiner Lieblingssongs von Kraftwerk. Da geht es mir genauso wie Siouxsie and the Banshees, die das St\u00fcck mal gecoverd haben (Hall of Mirrors, through the looking glass, 1987).<br \/>\nIch bin n\u00e4mlich auch ein bekennender Anh\u00e4nger von Coverversionen.<br \/>\nCover transportieren einen Song nicht nur auf dem Zeitpfeil weiter, sondern sie vermessen auch dessen Deutungshorizont. Wie bei einer Zwiebel sch\u00e4lt jedes Cover eine neue Bedeutungsebene heraus.<br \/>\nSo ging es mir mit Blumfelds \u201eSo lebe ich\u201c (1999), dessen Coverversion\u00a0 \u201eThat\u2019s How I Live\u201c von der Walkabouts (2000) mir viel verst\u00e4ndlicher und damit auch n\u00e4her war als das Original von Blumfeld. Es war in dem Fall sogar eher umgekehrt, dass ich das Original erst durch das Cover sch\u00e4tzen gelernt habe, und das Cover so f\u00fcr mich an die Stelle des Originals getreten war.<br \/>\nSo kann es sein, dass Ihr auf der Playlist mehrere Versionen von einem Song findet.\u00a0 Vielleicht habt Ihr ja auch Spa\u00df dran, Songs mal unter epistemologischen Gesichtspunkten zu betrachten und auf Euch wirken zu lassen.<\/p>\n<p>Cover stehen nat\u00fcrlich auch in einer Tradition auraler \u00dcberlieferung, so wie Volksmusik generell oder eben auch der Blues. Es war und ist eine Form Lebenserfahrung\/Lebensfreude \u00a0als in Musik verpackte Geschichten durch die Zeit zu transportieren und so nachfolgenden Generationen zu vermitteln. Wobei jede der folgenden Generation neue\/andere Aspekte erfindet\/betont und daf\u00fcr andere unter den Tisch fallen l\u00e4sst und so der Song immer an seinen aktuellen sozialhistorischen Kontext angepasst wird.<br \/>\nMit dem Aufkommen der Musikindustrie und der Verrechtlichung der Eigentumsverh\u00e4ltnisse an Musik ist das Covern zum Teil richtig heikel geworden, da man es sich nun erst mal \u201eleisten\u201c k\u00f6nnen muss und oder zumindest eventuelle Besitzrechte ber\u00fccksichtigen muss.<br \/>\nDas gilt vor allem auch f\u00fcr das Sampeln, also das Verwenden von Songteilen, oder aber deren ineinander Mischen.<br \/>\nDas f\u00fchrt mich zu Kraftwerk zur\u00fcck, die ja auch einen unr\u00fchmlichen Prozess gegen Moses Pelham f\u00fchren, da er unautorisiert ein Fragment aus einem Kraftwerksong verwendet haben soll.<br \/>\nIn dem Prozess geht es vor allem auch darum, wie \u201elang\u201c so ein \u201egesampeltes\u201c Teilst\u00fcck sein darf und wie \u201ewesentlich\u201c es f\u00fcr den neuen Song ist.<\/p>\n<p>Das Verfahren ist mittlerweile vor dem Europ\u00e4ischen Gerichtshof gelandet. Ihr merkt schon mit den \u201eGood old Boys\u201c aus den Blues Brother Film hat das nichts mehr zu tun. Es ist Wahnsinn, \u00fcber solche Fragen Gerichte entscheiden lassen zu wollen.<\/p>\n<p>Kraftwerk gelten als eine der am h\u00e4ufigsten gesampelten Bands \u00fcberhaupt, witzig finde ich dabei dass die so h\u00fcftsteifen \u201eKraftwerker\u201c gerne auch von Rap und EDM \u2013Musiker\/innen gesampelt werden\/worden sind.<br \/>\nHierzu gibt es ein gutes Video auf Youtube: \u201ethe Kraftwerk influence\u201c\u00a0 mit einigen \u00fcberraschenden H\u00f6rbeispielen, so haben beispielsweise auch Pink Floyd f\u00fcr \u201eTime\u201c Kraftwerk gesampelt (\u201eKling Klang\u201c).<br \/>\nIch denke, dass ein gro\u00dfer Teil ihres heutigen Ruhms und auch ihrer aktuellen k\u00fcnstlerischen Relevanz genau darauf beruht, dass sich andere Musiker\/innen \u00a0bis heute auf sie beziehen und eben Kraftwerk Samples verwenden.<br \/>\nAber auch Kraftwerk selbst sind 2018 f\u00fcr \u201e3D &#8211; der Katalog\u201c (das Album\/Video zur Tour)\u00a0 mit dem Grammy f\u00fcr das beste Electronic\/Dance Album ausgezeichnet worden. Ich denke, Kraftwerk covern sich seit nunmehr f\u00fcnfzehn Jahren selbst, denn eigentlich besteht der 3D-Katalog aus\u00a0 nichts Anderem als neu abgemischten Versionen Ihrer alten St\u00fccke, die ja wie auch \u201eSpiegelsaal\u201c zum Teil noch aus den siebziger Jahren stammen. Gerade bei Kraftwerk kann man also gut beobachten, wie sich der kulturelle Bedeutungshorizont von Musik verschiebt.\u00a0 In diesem Fall von einem \u00a0&#8211; in heutigen Worten &#8211; \u00a0\u201enerdigen\u201c Electronic-Pop Crossover hin zu eher \u201ehedonistischer\u201c Tanzmusik.<br \/>\nWenn man sich klarmacht, dass ihr letztes Album mit neuen St\u00fccken aus dem Jahr 2003 ist (Tour de France) und Sie trotzdem oder auch gerade deswegen? 2018 nur durch das Fort- und Umschreiben ihres alten Materials einen Grammy gewinnen konnten, dann ist das schon unglaublich und zeigt, wie kreativ und bereichernd covern\/sampeln f\u00fcr Musik ist. Es zeigt aber auch, welches unglaubliche Potential in dieser Musik steckt. Kraftwerk haben echt das Zeug zuk\u00fcnftig als \u201eFolkband\u201c zu gelten.<br \/>\nVielleicht sollten wir uns alle viel \u00f6fter mal selber covern \ud83d\ude42 anstatt uns neu erfinden oder grundlegend ver\u00e4ndern zu wollen &#8211;\u00a0 w\u00e4re spannend was dabei herausk\u00e4me.<\/p>\n<p>Aber noch mal zur\u00fcck an den Anfang dieser Geschichte \u2013 \u201eSpiegelsaal\u201c: \u00a0Das erinnert mich sofort an \u201eDas Bildnis des Dorian Gray\u201c, oder auch etwas weniger literarisch aber daf\u00fcr umso geschichtstr\u00e4chtiger an den Spiegelsaal im Schloss von Versailles. Ich denke an das wahnsinnige Universum von Ludwig den II der Schloss Herrenchiemsee nach dem Vorbild von Versailles errichten lie\u00df und darin ebenfalls einen &#8211; nur um vier Meter l\u00e4ngeren &#8211; \u00a0Spiegelsaal erbauen lie\u00df. Dann f\u00e4llt mir noch &#8211; wie Siouxsie &#8211; der Roman \u00a0\u201eAlice Through the Looking Glass\u201c von Lewis Carroll und last but not least \u201eSchneewitchen\u201c ein.<\/p>\n<p>Ich behaupte nun, all das kann man in dem Kraftwerk Song h\u00f6ren! Probiert es aus!<\/p>\n<p>Aber h\u00f6rt nicht die aktuelle Version \u2013 die aus \u00a0\u201e3D \u2013 der Katalog\u201c \u2013 da machen Kraftwerk wie geschrieben n\u00e4mlich Tanzmusik und vieles von dem alten Zauber der ersten Version (1977) und auch der remasterten Version (2009) musste daf\u00fcr Neuem weichen.<\/p>\n<p>So das war\u2019s von meiner Seite aus. Ein ganz sch\u00f6n geschw\u00e4tziger Beitrag, aber am Geburtstag von taumelland erlaube ich mir das mal.<\/p>\n<p>merci bolee<\/p>\n","protected":false},"excerpt":{"rendered":"<p>Der K\u00fcnstler lebt im Spiegel Mit dem Echo seines Selbst Sogar die gr\u00f6ssten Stars Leben ihr Leben im Spiegelglas Sogar die gr\u00f6ssten Stars Machen sich zurecht im Spiegelglas Spiegelsaal, Kraftwerk, Trans Europa Express, 1977 Hihi, ja so schaut\u2019s aus! Taumelland feierte am 26.03.2018 zwei j\u00e4hrigen&hellip;<\/p>\n","protected":false},"author":1,"featured_media":1630,"comment_status":"open","ping_status":"open","sticky":false,"template":"","format":"standard","meta":{"_themeisle_gutenberg_block_has_review":false,"jetpack_post_was_ever_published":false,"_jetpack_newsletter_access":"","_jetpack_dont_email_post_to_subs":false,"_jetpack_newsletter_tier_id":0,"_jetpack_memberships_contains_paywalled_content":false,"_jetpack_memberships_contains_paid_content":false,"footnotes":"","jetpack_publicize_message":"Zwei Jahre Taumelland! - Eine Abschweifung! #taumelland","jetpack_publicize_feature_enabled":true,"jetpack_social_post_already_shared":true,"jetpack_social_options":{"image_generator_settings":{"template":"highway","default_image_id":0,"font":"","enabled":false},"version":2}},"categories":[151],"tags":[211,210,212,209],"class_list":["post-1622","post","type-post","status-publish","format-standard","has-post-thumbnail","hentry","category-geschichten","tag-covern","tag-kraftwerk","tag-sampeln","tag-taumelland"],"yoast_head":"<!-- This site is optimized with the Yoast SEO plugin v27.5 - https:\/\/yoast.com\/product\/yoast-seo-wordpress\/ -->\n<title>Zwei Jahre Taumelland! - Eine Abschweifung! - taumelland.de<\/title>\n<meta name=\"description\" content=\"Hihi, ja so schaut\u2019s aus! Taumelland feierte am 26.03.2018 zwei j\u00e4hrigen Geburtstag. Erst einmal m\u00f6chte ich mich an dieser Stelle bei Euch allen f\u00fcr das Interesse an meinem Projekt bedanken. Ohne eure liebevolle Begleitung w\u00e4re das Netz f\u00fcr taumelland ein eisiger Ort!\" \/>\n<meta name=\"robots\" content=\"index, follow, max-snippet:-1, max-image-preview:large, max-video-preview:-1\" \/>\n<link rel=\"canonical\" href=\"https:\/\/www.taumelland.de\/index.php\/2018\/04\/21\/zwei-jahre-taumelland-eine-abschweifung\/\" \/>\n<meta property=\"og:locale\" content=\"de_DE\" \/>\n<meta property=\"og:type\" content=\"article\" \/>\n<meta property=\"og:title\" content=\"Zwei Jahre Taumelland! - Eine Abschweifung! - taumelland.de\" \/>\n<meta property=\"og:description\" content=\"Hihi, ja so schaut\u2019s aus! Taumelland feierte am 26.03.2018 zwei j\u00e4hrigen Geburtstag. Erst einmal m\u00f6chte ich mich an dieser Stelle bei Euch allen f\u00fcr das Interesse an meinem Projekt bedanken. Ohne eure liebevolle Begleitung w\u00e4re das Netz f\u00fcr taumelland ein eisiger Ort!\" \/>\n<meta property=\"og:url\" content=\"https:\/\/www.taumelland.de\/index.php\/2018\/04\/21\/zwei-jahre-taumelland-eine-abschweifung\/\" \/>\n<meta property=\"og:site_name\" content=\"taumelland.de\" \/>\n<meta property=\"article:published_time\" content=\"2018-04-21T06:00:22+00:00\" \/>\n<meta property=\"article:modified_time\" content=\"2018-04-21T17:26:30+00:00\" \/>\n<meta property=\"og:image\" content=\"https:\/\/www.taumelland.de\/wp-content\/uploads\/2018\/04\/bolee_2018-5875.jpg\" \/>\n\t<meta property=\"og:image:width\" content=\"960\" \/>\n\t<meta property=\"og:image:height\" content=\"640\" \/>\n\t<meta property=\"og:image:type\" content=\"image\/jpeg\" \/>\n<meta name=\"author\" content=\"Mbolee\" \/>\n<meta name=\"twitter:card\" content=\"summary_large_image\" \/>\n<meta name=\"twitter:label1\" content=\"Verfasst von\" \/>\n\t<meta name=\"twitter:data1\" content=\"Mbolee\" \/>\n\t<meta name=\"twitter:label2\" content=\"Gesch\u00e4tzte Lesezeit\" \/>\n\t<meta name=\"twitter:data2\" content=\"5\u00a0Minuten\" \/>\n<script type=\"application\/ld+json\" class=\"yoast-schema-graph\">{\"@context\":\"https:\\\/\\\/schema.org\",\"@graph\":[{\"@type\":\"Article\",\"@id\":\"https:\\\/\\\/www.taumelland.de\\\/index.php\\\/2018\\\/04\\\/21\\\/zwei-jahre-taumelland-eine-abschweifung\\\/#article\",\"isPartOf\":{\"@id\":\"https:\\\/\\\/www.taumelland.de\\\/index.php\\\/2018\\\/04\\\/21\\\/zwei-jahre-taumelland-eine-abschweifung\\\/\"},\"author\":{\"name\":\"Mbolee\",\"@id\":\"https:\\\/\\\/www.taumelland.de\\\/#\\\/schema\\\/person\\\/7c3bfb4fefffd1a6bd38e8c18f296dbf\"},\"headline\":\"Zwei Jahre Taumelland! &#8211; Eine Abschweifung!\",\"datePublished\":\"2018-04-21T06:00:22+00:00\",\"dateModified\":\"2018-04-21T17:26:30+00:00\",\"mainEntityOfPage\":{\"@id\":\"https:\\\/\\\/www.taumelland.de\\\/index.php\\\/2018\\\/04\\\/21\\\/zwei-jahre-taumelland-eine-abschweifung\\\/\"},\"wordCount\":1028,\"commentCount\":1,\"publisher\":{\"@id\":\"https:\\\/\\\/www.taumelland.de\\\/#\\\/schema\\\/person\\\/d408cfcd33462b0f8d9e9356cfef1aab\"},\"image\":{\"@id\":\"https:\\\/\\\/www.taumelland.de\\\/index.php\\\/2018\\\/04\\\/21\\\/zwei-jahre-taumelland-eine-abschweifung\\\/#primaryimage\"},\"thumbnailUrl\":\"https:\\\/\\\/i0.wp.com\\\/www.taumelland.de\\\/wp-content\\\/uploads\\\/2018\\\/04\\\/bolee_2018-5875.jpg?fit=960%2C640&ssl=1\",\"keywords\":[\"covern\",\"Kraftwerk\",\"sampeln\",\"taumelland\"],\"articleSection\":[\"Geschichten\"],\"inLanguage\":\"de\",\"potentialAction\":[{\"@type\":\"CommentAction\",\"name\":\"Comment\",\"target\":[\"https:\\\/\\\/www.taumelland.de\\\/index.php\\\/2018\\\/04\\\/21\\\/zwei-jahre-taumelland-eine-abschweifung\\\/#respond\"]}]},{\"@type\":\"WebPage\",\"@id\":\"https:\\\/\\\/www.taumelland.de\\\/index.php\\\/2018\\\/04\\\/21\\\/zwei-jahre-taumelland-eine-abschweifung\\\/\",\"url\":\"https:\\\/\\\/www.taumelland.de\\\/index.php\\\/2018\\\/04\\\/21\\\/zwei-jahre-taumelland-eine-abschweifung\\\/\",\"name\":\"Zwei Jahre Taumelland! - Eine Abschweifung! - taumelland.de\",\"isPartOf\":{\"@id\":\"https:\\\/\\\/www.taumelland.de\\\/#website\"},\"primaryImageOfPage\":{\"@id\":\"https:\\\/\\\/www.taumelland.de\\\/index.php\\\/2018\\\/04\\\/21\\\/zwei-jahre-taumelland-eine-abschweifung\\\/#primaryimage\"},\"image\":{\"@id\":\"https:\\\/\\\/www.taumelland.de\\\/index.php\\\/2018\\\/04\\\/21\\\/zwei-jahre-taumelland-eine-abschweifung\\\/#primaryimage\"},\"thumbnailUrl\":\"https:\\\/\\\/i0.wp.com\\\/www.taumelland.de\\\/wp-content\\\/uploads\\\/2018\\\/04\\\/bolee_2018-5875.jpg?fit=960%2C640&ssl=1\",\"datePublished\":\"2018-04-21T06:00:22+00:00\",\"dateModified\":\"2018-04-21T17:26:30+00:00\",\"description\":\"Hihi, ja so schaut\u2019s aus! Taumelland feierte am 26.03.2018 zwei j\u00e4hrigen Geburtstag. Erst einmal m\u00f6chte ich mich an dieser Stelle bei Euch allen f\u00fcr das Interesse an meinem Projekt bedanken. Ohne eure liebevolle Begleitung w\u00e4re das Netz f\u00fcr taumelland ein eisiger Ort!\",\"breadcrumb\":{\"@id\":\"https:\\\/\\\/www.taumelland.de\\\/index.php\\\/2018\\\/04\\\/21\\\/zwei-jahre-taumelland-eine-abschweifung\\\/#breadcrumb\"},\"inLanguage\":\"de\",\"potentialAction\":[{\"@type\":\"ReadAction\",\"target\":[\"https:\\\/\\\/www.taumelland.de\\\/index.php\\\/2018\\\/04\\\/21\\\/zwei-jahre-taumelland-eine-abschweifung\\\/\"]}]},{\"@type\":\"ImageObject\",\"inLanguage\":\"de\",\"@id\":\"https:\\\/\\\/www.taumelland.de\\\/index.php\\\/2018\\\/04\\\/21\\\/zwei-jahre-taumelland-eine-abschweifung\\\/#primaryimage\",\"url\":\"https:\\\/\\\/i0.wp.com\\\/www.taumelland.de\\\/wp-content\\\/uploads\\\/2018\\\/04\\\/bolee_2018-5875.jpg?fit=960%2C640&ssl=1\",\"contentUrl\":\"https:\\\/\\\/i0.wp.com\\\/www.taumelland.de\\\/wp-content\\\/uploads\\\/2018\\\/04\\\/bolee_2018-5875.jpg?fit=960%2C640&ssl=1\",\"width\":960,\"height\":640,\"caption\":\"zwei Jahre Taumelland\"},{\"@type\":\"BreadcrumbList\",\"@id\":\"https:\\\/\\\/www.taumelland.de\\\/index.php\\\/2018\\\/04\\\/21\\\/zwei-jahre-taumelland-eine-abschweifung\\\/#breadcrumb\",\"itemListElement\":[{\"@type\":\"ListItem\",\"position\":1,\"name\":\"Home\",\"item\":\"https:\\\/\\\/www.taumelland.de\\\/\"},{\"@type\":\"ListItem\",\"position\":2,\"name\":\"Zwei Jahre Taumelland! &#8211; Eine Abschweifung!\"}]},{\"@type\":\"WebSite\",\"@id\":\"https:\\\/\\\/www.taumelland.de\\\/#website\",\"url\":\"https:\\\/\\\/www.taumelland.de\\\/\",\"name\":\"taumelland.de\",\"description\":\"der romantische Fotoblog\",\"publisher\":{\"@id\":\"https:\\\/\\\/www.taumelland.de\\\/#\\\/schema\\\/person\\\/d408cfcd33462b0f8d9e9356cfef1aab\"},\"potentialAction\":[{\"@type\":\"SearchAction\",\"target\":{\"@type\":\"EntryPoint\",\"urlTemplate\":\"https:\\\/\\\/www.taumelland.de\\\/?s={search_term_string}\"},\"query-input\":{\"@type\":\"PropertyValueSpecification\",\"valueRequired\":true,\"valueName\":\"search_term_string\"}}],\"inLanguage\":\"de\"},{\"@type\":[\"Person\",\"Organization\"],\"@id\":\"https:\\\/\\\/www.taumelland.de\\\/#\\\/schema\\\/person\\\/d408cfcd33462b0f8d9e9356cfef1aab\",\"name\":\"Marcus Bohl\",\"image\":{\"@type\":\"ImageObject\",\"inLanguage\":\"de\",\"@id\":\"https:\\\/\\\/i0.wp.com\\\/www.taumelland.de\\\/wp-content\\\/uploads\\\/2022\\\/04\\\/rosa3.jpg?fit=960%2C639&ssl=1\",\"url\":\"https:\\\/\\\/i0.wp.com\\\/www.taumelland.de\\\/wp-content\\\/uploads\\\/2022\\\/04\\\/rosa3.jpg?fit=960%2C639&ssl=1\",\"contentUrl\":\"https:\\\/\\\/i0.wp.com\\\/www.taumelland.de\\\/wp-content\\\/uploads\\\/2022\\\/04\\\/rosa3.jpg?fit=960%2C639&ssl=1\",\"width\":960,\"height\":639,\"caption\":\"Marcus Bohl\"},\"logo\":{\"@id\":\"https:\\\/\\\/i0.wp.com\\\/www.taumelland.de\\\/wp-content\\\/uploads\\\/2022\\\/04\\\/rosa3.jpg?fit=960%2C639&ssl=1\"},\"sameAs\":[\"https:\\\/\\\/www.instagram.com\\\/taumelland\\\/?hl=de\"]},{\"@type\":\"Person\",\"@id\":\"https:\\\/\\\/www.taumelland.de\\\/#\\\/schema\\\/person\\\/7c3bfb4fefffd1a6bd38e8c18f296dbf\",\"name\":\"Mbolee\",\"sameAs\":[\"http:\\\/\\\/taumelland.de\"],\"url\":\"https:\\\/\\\/www.taumelland.de\\\/index.php\\\/author\\\/mbolee\\\/\"}]}<\/script>\n<!-- \/ Yoast SEO plugin. -->","yoast_head_json":{"title":"Zwei Jahre Taumelland! - Eine Abschweifung! - taumelland.de","description":"Hihi, ja so schaut\u2019s aus! Taumelland feierte am 26.03.2018 zwei j\u00e4hrigen Geburtstag. Erst einmal m\u00f6chte ich mich an dieser Stelle bei Euch allen f\u00fcr das Interesse an meinem Projekt bedanken. Ohne eure liebevolle Begleitung w\u00e4re das Netz f\u00fcr taumelland ein eisiger Ort!","robots":{"index":"index","follow":"follow","max-snippet":"max-snippet:-1","max-image-preview":"max-image-preview:large","max-video-preview":"max-video-preview:-1"},"canonical":"https:\/\/www.taumelland.de\/index.php\/2018\/04\/21\/zwei-jahre-taumelland-eine-abschweifung\/","og_locale":"de_DE","og_type":"article","og_title":"Zwei Jahre Taumelland! - Eine Abschweifung! - taumelland.de","og_description":"Hihi, ja so schaut\u2019s aus! Taumelland feierte am 26.03.2018 zwei j\u00e4hrigen Geburtstag. Erst einmal m\u00f6chte ich mich an dieser Stelle bei Euch allen f\u00fcr das Interesse an meinem Projekt bedanken. Ohne eure liebevolle Begleitung w\u00e4re das Netz f\u00fcr taumelland ein eisiger Ort!","og_url":"https:\/\/www.taumelland.de\/index.php\/2018\/04\/21\/zwei-jahre-taumelland-eine-abschweifung\/","og_site_name":"taumelland.de","article_published_time":"2018-04-21T06:00:22+00:00","article_modified_time":"2018-04-21T17:26:30+00:00","og_image":[{"width":960,"height":640,"url":"https:\/\/www.taumelland.de\/wp-content\/uploads\/2018\/04\/bolee_2018-5875.jpg","type":"image\/jpeg"}],"author":"Mbolee","twitter_card":"summary_large_image","twitter_misc":{"Verfasst von":"Mbolee","Gesch\u00e4tzte Lesezeit":"5\u00a0Minuten"},"schema":{"@context":"https:\/\/schema.org","@graph":[{"@type":"Article","@id":"https:\/\/www.taumelland.de\/index.php\/2018\/04\/21\/zwei-jahre-taumelland-eine-abschweifung\/#article","isPartOf":{"@id":"https:\/\/www.taumelland.de\/index.php\/2018\/04\/21\/zwei-jahre-taumelland-eine-abschweifung\/"},"author":{"name":"Mbolee","@id":"https:\/\/www.taumelland.de\/#\/schema\/person\/7c3bfb4fefffd1a6bd38e8c18f296dbf"},"headline":"Zwei Jahre Taumelland! &#8211; Eine Abschweifung!","datePublished":"2018-04-21T06:00:22+00:00","dateModified":"2018-04-21T17:26:30+00:00","mainEntityOfPage":{"@id":"https:\/\/www.taumelland.de\/index.php\/2018\/04\/21\/zwei-jahre-taumelland-eine-abschweifung\/"},"wordCount":1028,"commentCount":1,"publisher":{"@id":"https:\/\/www.taumelland.de\/#\/schema\/person\/d408cfcd33462b0f8d9e9356cfef1aab"},"image":{"@id":"https:\/\/www.taumelland.de\/index.php\/2018\/04\/21\/zwei-jahre-taumelland-eine-abschweifung\/#primaryimage"},"thumbnailUrl":"https:\/\/i0.wp.com\/www.taumelland.de\/wp-content\/uploads\/2018\/04\/bolee_2018-5875.jpg?fit=960%2C640&ssl=1","keywords":["covern","Kraftwerk","sampeln","taumelland"],"articleSection":["Geschichten"],"inLanguage":"de","potentialAction":[{"@type":"CommentAction","name":"Comment","target":["https:\/\/www.taumelland.de\/index.php\/2018\/04\/21\/zwei-jahre-taumelland-eine-abschweifung\/#respond"]}]},{"@type":"WebPage","@id":"https:\/\/www.taumelland.de\/index.php\/2018\/04\/21\/zwei-jahre-taumelland-eine-abschweifung\/","url":"https:\/\/www.taumelland.de\/index.php\/2018\/04\/21\/zwei-jahre-taumelland-eine-abschweifung\/","name":"Zwei Jahre Taumelland! - Eine Abschweifung! - taumelland.de","isPartOf":{"@id":"https:\/\/www.taumelland.de\/#website"},"primaryImageOfPage":{"@id":"https:\/\/www.taumelland.de\/index.php\/2018\/04\/21\/zwei-jahre-taumelland-eine-abschweifung\/#primaryimage"},"image":{"@id":"https:\/\/www.taumelland.de\/index.php\/2018\/04\/21\/zwei-jahre-taumelland-eine-abschweifung\/#primaryimage"},"thumbnailUrl":"https:\/\/i0.wp.com\/www.taumelland.de\/wp-content\/uploads\/2018\/04\/bolee_2018-5875.jpg?fit=960%2C640&ssl=1","datePublished":"2018-04-21T06:00:22+00:00","dateModified":"2018-04-21T17:26:30+00:00","description":"Hihi, ja so schaut\u2019s aus! Taumelland feierte am 26.03.2018 zwei j\u00e4hrigen Geburtstag. Erst einmal m\u00f6chte ich mich an dieser Stelle bei Euch allen f\u00fcr das Interesse an meinem Projekt bedanken. Ohne eure liebevolle Begleitung w\u00e4re das Netz f\u00fcr taumelland ein eisiger Ort!","breadcrumb":{"@id":"https:\/\/www.taumelland.de\/index.php\/2018\/04\/21\/zwei-jahre-taumelland-eine-abschweifung\/#breadcrumb"},"inLanguage":"de","potentialAction":[{"@type":"ReadAction","target":["https:\/\/www.taumelland.de\/index.php\/2018\/04\/21\/zwei-jahre-taumelland-eine-abschweifung\/"]}]},{"@type":"ImageObject","inLanguage":"de","@id":"https:\/\/www.taumelland.de\/index.php\/2018\/04\/21\/zwei-jahre-taumelland-eine-abschweifung\/#primaryimage","url":"https:\/\/i0.wp.com\/www.taumelland.de\/wp-content\/uploads\/2018\/04\/bolee_2018-5875.jpg?fit=960%2C640&ssl=1","contentUrl":"https:\/\/i0.wp.com\/www.taumelland.de\/wp-content\/uploads\/2018\/04\/bolee_2018-5875.jpg?fit=960%2C640&ssl=1","width":960,"height":640,"caption":"zwei Jahre Taumelland"},{"@type":"BreadcrumbList","@id":"https:\/\/www.taumelland.de\/index.php\/2018\/04\/21\/zwei-jahre-taumelland-eine-abschweifung\/#breadcrumb","itemListElement":[{"@type":"ListItem","position":1,"name":"Home","item":"https:\/\/www.taumelland.de\/"},{"@type":"ListItem","position":2,"name":"Zwei Jahre Taumelland! &#8211; Eine Abschweifung!"}]},{"@type":"WebSite","@id":"https:\/\/www.taumelland.de\/#website","url":"https:\/\/www.taumelland.de\/","name":"taumelland.de","description":"der romantische Fotoblog","publisher":{"@id":"https:\/\/www.taumelland.de\/#\/schema\/person\/d408cfcd33462b0f8d9e9356cfef1aab"},"potentialAction":[{"@type":"SearchAction","target":{"@type":"EntryPoint","urlTemplate":"https:\/\/www.taumelland.de\/?s={search_term_string}"},"query-input":{"@type":"PropertyValueSpecification","valueRequired":true,"valueName":"search_term_string"}}],"inLanguage":"de"},{"@type":["Person","Organization"],"@id":"https:\/\/www.taumelland.de\/#\/schema\/person\/d408cfcd33462b0f8d9e9356cfef1aab","name":"Marcus Bohl","image":{"@type":"ImageObject","inLanguage":"de","@id":"https:\/\/i0.wp.com\/www.taumelland.de\/wp-content\/uploads\/2022\/04\/rosa3.jpg?fit=960%2C639&ssl=1","url":"https:\/\/i0.wp.com\/www.taumelland.de\/wp-content\/uploads\/2022\/04\/rosa3.jpg?fit=960%2C639&ssl=1","contentUrl":"https:\/\/i0.wp.com\/www.taumelland.de\/wp-content\/uploads\/2022\/04\/rosa3.jpg?fit=960%2C639&ssl=1","width":960,"height":639,"caption":"Marcus Bohl"},"logo":{"@id":"https:\/\/i0.wp.com\/www.taumelland.de\/wp-content\/uploads\/2022\/04\/rosa3.jpg?fit=960%2C639&ssl=1"},"sameAs":["https:\/\/www.instagram.com\/taumelland\/?hl=de"]},{"@type":"Person","@id":"https:\/\/www.taumelland.de\/#\/schema\/person\/7c3bfb4fefffd1a6bd38e8c18f296dbf","name":"Mbolee","sameAs":["http:\/\/taumelland.de"],"url":"https:\/\/www.taumelland.de\/index.php\/author\/mbolee\/"}]}},"jetpack_publicize_connections":[],"jetpack_featured_media_url":"https:\/\/i0.wp.com\/www.taumelland.de\/wp-content\/uploads\/2018\/04\/bolee_2018-5875.jpg?fit=960%2C640&ssl=1","jetpack_sharing_enabled":true,"jetpack_shortlink":"https:\/\/wp.me\/p77Evr-qa","jetpack-related-posts":[],"_links":{"self":[{"href":"https:\/\/www.taumelland.de\/index.php\/wp-json\/wp\/v2\/posts\/1622","targetHints":{"allow":["GET"]}}],"collection":[{"href":"https:\/\/www.taumelland.de\/index.php\/wp-json\/wp\/v2\/posts"}],"about":[{"href":"https:\/\/www.taumelland.de\/index.php\/wp-json\/wp\/v2\/types\/post"}],"author":[{"embeddable":true,"href":"https:\/\/www.taumelland.de\/index.php\/wp-json\/wp\/v2\/users\/1"}],"replies":[{"embeddable":true,"href":"https:\/\/www.taumelland.de\/index.php\/wp-json\/wp\/v2\/comments?post=1622"}],"version-history":[{"count":16,"href":"https:\/\/www.taumelland.de\/index.php\/wp-json\/wp\/v2\/posts\/1622\/revisions"}],"predecessor-version":[{"id":1646,"href":"https:\/\/www.taumelland.de\/index.php\/wp-json\/wp\/v2\/posts\/1622\/revisions\/1646"}],"wp:featuredmedia":[{"embeddable":true,"href":"https:\/\/www.taumelland.de\/index.php\/wp-json\/wp\/v2\/media\/1630"}],"wp:attachment":[{"href":"https:\/\/www.taumelland.de\/index.php\/wp-json\/wp\/v2\/media?parent=1622"}],"wp:term":[{"taxonomy":"category","embeddable":true,"href":"https:\/\/www.taumelland.de\/index.php\/wp-json\/wp\/v2\/categories?post=1622"},{"taxonomy":"post_tag","embeddable":true,"href":"https:\/\/www.taumelland.de\/index.php\/wp-json\/wp\/v2\/tags?post=1622"}],"curies":[{"name":"wp","href":"https:\/\/api.w.org\/{rel}","templated":true}]}}