{"id":1082,"date":"2017-06-19T08:34:18","date_gmt":"2017-06-19T06:34:18","guid":{"rendered":"http:\/\/www.taumelland.de\/?p=1082"},"modified":"2017-06-21T12:34:58","modified_gmt":"2017-06-21T10:34:58","slug":"ich-kenne-ja-meine-gedanken-meistens","status":"publish","type":"post","link":"https:\/\/www.taumelland.de\/index.php\/2017\/06\/19\/ich-kenne-ja-meine-gedanken-meistens\/","title":{"rendered":"\u201eIch kenne ja meine Gedanken \u2013 meistens!\u201c"},"content":{"rendered":"<p><a href=\"https:\/\/i0.wp.com\/www.taumelland.de\/wp-content\/uploads\/2017\/06\/falk7b.jpg\" rel=\"lightbox[1082]\"><img data-recalc-dims=\"1\" loading=\"lazy\" decoding=\"async\" data-attachment-id=\"1086\" data-permalink=\"https:\/\/www.taumelland.de\/index.php\/2017\/06\/19\/ich-kenne-ja-meine-gedanken-meistens\/falk7b\/\" data-orig-file=\"https:\/\/i0.wp.com\/www.taumelland.de\/wp-content\/uploads\/2017\/06\/falk7b.jpg?fit=700%2C700&amp;ssl=1\" data-orig-size=\"700,700\" data-comments-opened=\"1\" data-image-meta=\"{&quot;aperture&quot;:&quot;0&quot;,&quot;credit&quot;:&quot;&quot;,&quot;camera&quot;:&quot;&quot;,&quot;caption&quot;:&quot;&quot;,&quot;created_timestamp&quot;:&quot;0&quot;,&quot;copyright&quot;:&quot;&quot;,&quot;focal_length&quot;:&quot;0&quot;,&quot;iso&quot;:&quot;0&quot;,&quot;shutter_speed&quot;:&quot;0&quot;,&quot;title&quot;:&quot;&quot;,&quot;orientation&quot;:&quot;0&quot;}\" data-image-title=\"hoeren_tasten\" data-image-description=\"\" data-image-caption=\"\" data-large-file=\"https:\/\/i0.wp.com\/www.taumelland.de\/wp-content\/uploads\/2017\/06\/falk7b.jpg?fit=700%2C700&amp;ssl=1\" class=\"size-full wp-image-1086 alignnone\" src=\"https:\/\/i0.wp.com\/www.taumelland.de\/wp-content\/uploads\/2017\/06\/falk7b.jpg?resize=700%2C700\" alt=\"hoeren_tasten\" width=\"700\" height=\"700\" srcset=\"https:\/\/i0.wp.com\/www.taumelland.de\/wp-content\/uploads\/2017\/06\/falk7b.jpg?w=700&amp;ssl=1 700w, https:\/\/i0.wp.com\/www.taumelland.de\/wp-content\/uploads\/2017\/06\/falk7b.jpg?resize=150%2C150&amp;ssl=1 150w, https:\/\/i0.wp.com\/www.taumelland.de\/wp-content\/uploads\/2017\/06\/falk7b.jpg?resize=300%2C300&amp;ssl=1 300w, https:\/\/i0.wp.com\/www.taumelland.de\/wp-content\/uploads\/2017\/06\/falk7b.jpg?resize=580%2C580&amp;ssl=1 580w\" sizes=\"auto, (max-width: 700px) 100vw, 700px\" \/><\/a><\/p>\n<p>Taumelland h\u00f6rt zu:<\/p>\n<h4><strong>Literatur und Geschichte<\/strong><\/h4>\n<p>&#8222;Ich habe Literatur und Geschichte studiert, und das ist nicht so das, was die Alltagsberufe ausmacht, sondern es ist eher so ein bisschen sich davon entfernen, wie es eigentlich sonst so ist, zumindest bei mir ist das so. Ich habe da idealistisch gedacht, dass halt mich nicht einfach so Literatur interessiert hatte und auch wie mir sp\u00e4ter erst klar wurde Kultur interessiert hatte, sondern Fragen wie und was ist daf\u00fcr verantwortlich das man so denkt wie man denkt.<br \/>\nWie auch bei Geschichte: was sind die Bedingungen, dass bestimmte Formationen von Gesellschaft so existieren, wie sie existieren? Das finde ich auch faszinierend, aber mein Hauptinteresse war die Literatur.<br \/>\nLiteratur ist ja eigentlich immer so ein anderes \u201eLeben leben\u201c, du betrittst Bereiche, die dein eigenes Leben nicht hergibt oder zumindest teilweise nicht hergibt. Du verfolgst auf diese Weise eine Erfahrungswelt, die du nicht hast. Das Sch\u00f6ne daran ist, dass Du dich wegtr\u00e4umen kannst, oder in andere Erlebnisbereiche eintauchst. Geschichte ist f\u00fcr mich \u00e4hnlich, das sind andere Zeitr\u00e4ume die auch etwas Entferntes haben, was nicht deine eigene Welt ist.<br \/>\nDas war erst mal so die Grundmotivation hinter meinem Studium.<\/p>\n<p>Das war nie so ausgegoren, dass ich h\u00e4tte sagen k\u00f6nnen genau diesen Job [Lehrer] wollte ich nachher machen, was vielleicht kl\u00fcger gewesen w\u00e4re, fr\u00fcher dar\u00fcber nachzudenken. Irgendwann habe ich einfach angefangen verschiedene Sachen auszuprobieren und habe dann gemerkt, dass das Studium mich viel st\u00e4rker interessiert, als ich anfangs gedacht h\u00e4tte. Anfangs war es so ein Gammel-Studium:\u00a0 \u201eso du machst jetzt was Vern\u00fcnftiges, \u00a0du studierst!\u201c, aber stehst nicht 100% dahinter. Mich hat es dann ziemlich schnell gepackt, und gerade Literatur und Sprache haben mich fasziniert.<\/p>\n<p>W\u00e4hrend des Studiums habe ich \u00fcber Praktika und Nebenjobs\u00a0 verschiedene Sachen ausprobiert und wo ich dann am l\u00e4ngsten h\u00e4ngen geblieben bin war Journalismus. Ich h\u00e4tte das anfangs nicht von mir gedacht, aber ich hatte sehr viel Freude am Schreiben, einfach einen Text zu komponieren, selbst wenn das nur so ein popliger kleiner Text war.<br \/>\nDas Einzige, was mich immer gest\u00f6rt hat, war, dass es dann doch sehr wenig mit dem zu tun hat, was ich studiert habe. Mit Literatur also eigentlich fast Null, mit Geschichte? Manchmal so Regionalgeschichte, das kann zwar sehr interessant sein, weil du die gro\u00dfen geschichtlichen Bewegungen lokal siehst, aber das kommt nur mal am Rand vor\u2026.aber gut, die \u00e4u\u00dferen Bedingungen f\u00fcr Journalismus sind halt schwierig, und sp\u00e4testens wenn man die Insolvenz der Frankfurter Rundschau miterlebt hat und dass da nur ein Bruchteil der Leute \u00fcbernommen wurde&#8230;&#8220;<\/p>\n<h4><strong>Mythen und Abenteuer<\/strong><\/h4>\n<p><a href=\"https:\/\/i0.wp.com\/www.taumelland.de\/wp-content\/uploads\/2017\/06\/wolf-0470.jpg\" rel=\"lightbox[1082]\"><img data-recalc-dims=\"1\" loading=\"lazy\" decoding=\"async\" data-attachment-id=\"1088\" data-permalink=\"https:\/\/www.taumelland.de\/index.php\/2017\/06\/19\/ich-kenne-ja-meine-gedanken-meistens\/wolf-0470\/\" data-orig-file=\"https:\/\/i0.wp.com\/www.taumelland.de\/wp-content\/uploads\/2017\/06\/wolf-0470.jpg?fit=960%2C640&amp;ssl=1\" data-orig-size=\"960,640\" data-comments-opened=\"1\" data-image-meta=\"{&quot;aperture&quot;:&quot;0&quot;,&quot;credit&quot;:&quot;&quot;,&quot;camera&quot;:&quot;&quot;,&quot;caption&quot;:&quot;&quot;,&quot;created_timestamp&quot;:&quot;0&quot;,&quot;copyright&quot;:&quot;&quot;,&quot;focal_length&quot;:&quot;0&quot;,&quot;iso&quot;:&quot;0&quot;,&quot;shutter_speed&quot;:&quot;0&quot;,&quot;title&quot;:&quot;&quot;,&quot;orientation&quot;:&quot;0&quot;}\" data-image-title=\"wolf_Ruine\" data-image-description=\"\" data-image-caption=\"\" data-large-file=\"https:\/\/i0.wp.com\/www.taumelland.de\/wp-content\/uploads\/2017\/06\/wolf-0470.jpg?fit=700%2C467&amp;ssl=1\" class=\"size-full wp-image-1088 alignnone\" src=\"https:\/\/i0.wp.com\/www.taumelland.de\/wp-content\/uploads\/2017\/06\/wolf-0470.jpg?resize=700%2C467\" alt=\"wolf_Ruine\" width=\"700\" height=\"467\" srcset=\"https:\/\/i0.wp.com\/www.taumelland.de\/wp-content\/uploads\/2017\/06\/wolf-0470.jpg?w=960&amp;ssl=1 960w, https:\/\/i0.wp.com\/www.taumelland.de\/wp-content\/uploads\/2017\/06\/wolf-0470.jpg?resize=150%2C100&amp;ssl=1 150w, https:\/\/i0.wp.com\/www.taumelland.de\/wp-content\/uploads\/2017\/06\/wolf-0470.jpg?resize=300%2C200&amp;ssl=1 300w, https:\/\/i0.wp.com\/www.taumelland.de\/wp-content\/uploads\/2017\/06\/wolf-0470.jpg?resize=580%2C387&amp;ssl=1 580w, https:\/\/i0.wp.com\/www.taumelland.de\/wp-content\/uploads\/2017\/06\/wolf-0470.jpg?resize=800%2C533&amp;ssl=1 800w\" sizes=\"auto, (max-width: 700px) 100vw, 700px\" \/><\/a><\/p>\n<p>&#8222;Die Literaturgattung, die mich vielleicht als aller erstes fasziniert hat, waren Mythen und M\u00e4rchen.<br \/>\nIch bin gar nicht von zu Hause aus so stark mit B\u00fcchern aufgewachsen, erstaunlicherweise eher mit Filmen, weil meine Eltern, vor allem mein Vater, eher vor dem Fernseher sa\u00dfen.<br \/>\nWas dann aber schon fr\u00fch kam und das ebenfalls durch meinen Vater, war das Lesen von den Mythensammlungen der Griechen, der R\u00f6mer\u2026 und sowas. Darin war immer eine Sehnsucht nach dem Abenteuer enthalten.<br \/>\nIch glaube, dass die meisten Menschen mit Sehns\u00fcchten geboren werden und sie dann entwickeln und entfalten. Ich glaube nicht, dass alle Sehns\u00fcchte durch die Gesellschaft vorgegeben werden.<br \/>\nVieles wird dir einfach mit in die Wiege gelegt, also anders kann ich mir jedenfalls viele Sachen nicht erkl\u00e4ren, allein schon meine Liebe zum Wald:<br \/>\nIch bin zwar am Wald aufgewachsen, aber ich kenne auch andere Leute, die am Wald aufgewachsen sind und die nicht so einen Bezug dazu haben. Ich denke, das ist mir mitgegeben worden.<br \/>\nIch glaube, viel was z.B. Abenteuer meint, dann darin besteht, was dir auf deinem Weg begegnet, das du versuchst deinen Leidenschaften zu folgen, vielleicht auch gegen widrige Umst\u00e4nde, und die Abenteuer bestehen dann darin, wie du deine Anspr\u00fcche und Sehns\u00fcchte und dein tats\u00e4chliches Leben in \u00dcbereinstimmung bringst, oder sie sich bringen lassen.<br \/>\nZumindest wie du dich darum bem\u00fchst, was da auf dem Weg dorthin die Wegmarker sind, was du zu bew\u00e4ltigen hast, was du erlebst und nat\u00fcrlich auch welchen Menschen du dabei begegnest \u00a0\u2013 das kann schon ein Abenteuer sein.<br \/>\nManchmal vergisst man das so im Toben des Alltags, das man zur sehr eingefasst in seine Routinen das Ziel aus den Augen verliert, was eben das Abenteuerm\u00e4\u00dfige ausmacht.<br \/>\nEs klingt jetzt vielleicht banal oder dekadent, aber ein Abenteuer kann auch sein, wenn Du eine Nacht mit irgendwelchen Leuten, irgendetwas trinken gehst und dann landest du auf irgendeiner Party und sitzt morgens um f\u00fcnf auf einem Dach und h\u00f6rst jemandem den du nicht kennst beim Gitarre Spielen zu. Das Sich-treiben-lassen kann auch Abenteuer sein.<br \/>\nIn Mythen und M\u00e4rchen kommen ja ebenfalls oft so Figuren vor, die ebenso aus dem gewohnten Alltag rausgehen \u2013 es gibt ja auch eine Forschung zur \u201eHeldenreise\u201c. Sagt Dir das irgendwas?<br \/>\nAlso Joseph Cambell und so das waren halt so Ethnologen die verglichen haben, wie die Mythen und M\u00e4rchen der Welt aufgebaut sind und egal aus welcher Zeit und welcher Kultur sie stammen, so haben die Helden dieser Geschichten immer \u00e4hnliche Stationen zu bew\u00e4ltigen.<br \/>\nAls erstes ist immer dieser \u201ecall to Adventure\u201c, \u00a0dann die Weigerung, die Angst die vertraute Umwelt zu verlassen und sich in das Abenteuer zu begeben. Wo man dann sowohl Freunden und Vertrauten begegnet, die einem dann mit Rat und Tat oder auch mit magischen Gegenst\u00e4nden ausr\u00fcsten, als auch dass die Helden auf Herausforderungen treffen. So ist das f\u00fcr mich mit dem Wald auch, wenn du irgendwo durch den Wald streifst, du begegnest nat\u00fcrlich keinen Kobolden, du erlangst auch kein Schwert, aber du folgst diesem Motiv, dieser T\u00e4tigkeit des Umherschweifens. Wenn Du zum Beispiel eine Ruine entdeckst, dann hast du etwas Neues entdeckt etwas was du vorher nicht kanntest oder sowas.<br \/>\nDas Verlorengehen im Wald ist genauso, als wenn du in einer Nacht ein paar Apfelwein trinkst, du gehst zu Orten die du nicht kennst, du l\u00e4sst dich treiben\u2026<\/p>\n<p>Waldeinsamkeit genau diesen Begriff aus der Romantik liebe ich. Es gibt da bestimmte Texte aus der Romantik, mit denen ich mich sehr verbunden f\u00fchle. Also genau diese Personen, die da so auf Wanderschaft gehen und die rausziehen aus der B\u00fcrgerlichkeit um dann so ein bisschen das Phantastische zu ergr\u00fcnden. Das ist f\u00fcr mich der Wald. In diesem Sinne das Irrationale, das \u201eNicht-Logos\u201c m\u00e4\u00dfige weil er eben nicht die Struktur der Gesellschaft hat, nicht dieses durchgetaktete.<br \/>\nEr ist unergr\u00fcndlicher, verschlungener, geheimnisvoller. Ich habe auch so eine gewisse Mythensehnsucht in mir, eine Sehnsucht nach einer Gegenwelt.&#8220;<\/p>\n<h4><strong>Waldeinsamkeit<\/strong><\/h4>\n<p><a href=\"https:\/\/i0.wp.com\/www.taumelland.de\/wp-content\/uploads\/2017\/06\/falk3-0432.jpg\" rel=\"lightbox[1082]\"><img data-recalc-dims=\"1\" loading=\"lazy\" decoding=\"async\" data-attachment-id=\"1085\" data-permalink=\"https:\/\/www.taumelland.de\/index.php\/2017\/06\/19\/ich-kenne-ja-meine-gedanken-meistens\/falk3-0432\/\" data-orig-file=\"https:\/\/i0.wp.com\/www.taumelland.de\/wp-content\/uploads\/2017\/06\/falk3-0432.jpg?fit=960%2C640&amp;ssl=1\" data-orig-size=\"960,640\" data-comments-opened=\"1\" data-image-meta=\"{&quot;aperture&quot;:&quot;0&quot;,&quot;credit&quot;:&quot;&quot;,&quot;camera&quot;:&quot;&quot;,&quot;caption&quot;:&quot;&quot;,&quot;created_timestamp&quot;:&quot;0&quot;,&quot;copyright&quot;:&quot;&quot;,&quot;focal_length&quot;:&quot;0&quot;,&quot;iso&quot;:&quot;0&quot;,&quot;shutter_speed&quot;:&quot;0&quot;,&quot;title&quot;:&quot;&quot;,&quot;orientation&quot;:&quot;0&quot;}\" data-image-title=\"good_times_comming\" data-image-description=\"\" data-image-caption=\"\" data-large-file=\"https:\/\/i0.wp.com\/www.taumelland.de\/wp-content\/uploads\/2017\/06\/falk3-0432.jpg?fit=700%2C467&amp;ssl=1\" class=\"wp-image-1085 size-full alignnone\" src=\"https:\/\/i0.wp.com\/www.taumelland.de\/wp-content\/uploads\/2017\/06\/falk3-0432.jpg?resize=700%2C467\" alt=\"good_times_comming\" width=\"700\" height=\"467\" srcset=\"https:\/\/i0.wp.com\/www.taumelland.de\/wp-content\/uploads\/2017\/06\/falk3-0432.jpg?w=960&amp;ssl=1 960w, https:\/\/i0.wp.com\/www.taumelland.de\/wp-content\/uploads\/2017\/06\/falk3-0432.jpg?resize=150%2C100&amp;ssl=1 150w, https:\/\/i0.wp.com\/www.taumelland.de\/wp-content\/uploads\/2017\/06\/falk3-0432.jpg?resize=300%2C200&amp;ssl=1 300w, https:\/\/i0.wp.com\/www.taumelland.de\/wp-content\/uploads\/2017\/06\/falk3-0432.jpg?resize=580%2C387&amp;ssl=1 580w, https:\/\/i0.wp.com\/www.taumelland.de\/wp-content\/uploads\/2017\/06\/falk3-0432.jpg?resize=800%2C533&amp;ssl=1 800w\" sizes=\"auto, (max-width: 700px) 100vw, 700px\" \/><\/a><\/p>\n<p>&#8222;Wald passt da also sehr gut f\u00fcr mich in diese Richtung, weil er f\u00fcr mich ein Ort ist, an dem man ein bisschen weltabgewandt sein kann, das ist schon so mein Thema. Ich k\u00f6nnte jetzt nicht ohne die Welt, also ich brauche die Menschen um mich, ich brauche meine Freunde, ich k\u00f6nnte nie ein totaler Einsiedler sein, aber ich gehe halt auch nicht 100% darin auf.<br \/>\nDas k\u00f6nnte ich auch nicht. Ab einem bestimmten Punkt muss ich halt immer mal wieder von den Menschen weg und auch der Durchtaktung der Welt entfliehen. Der Wald ist f\u00fcr mich ein gro\u00dfer Gegenpol, das f\u00e4ngt schon mit so einfachen Dingen wie dem Zeitempfinden an. Wenn Du in der Stadt bist oder auch zu Hause, wirst du st\u00e4ndig daran erinnert, wie die Zeit vergeht. In der Stadt hast du die \u00d6ffnungszeiten der L\u00e4den, du hast Menschen, die in B\u00fcros gehen und diese wieder verlassen, also \u00fcberall irgendwelche Rhythmen die dich permanent daran erinnern, wie die Zeit vergeht. Im Wald hast du nat\u00fcrlich auch den Tag und Nacht Wechsel und morgens zwitschern die V\u00f6gel anders als abends, aber irgendwie ist diese Durchtaktung da doch wie aufgehoben.<br \/>\nInteressant dabei ist, dass \u00a0ich sehr viel im Wald mit mir selbst rede. Es ist tats\u00e4chlich so, dass ich im Wald mit mir Selbstgespr\u00e4che f\u00fchre. Ich glaube, was andere Leute teilweise mit dem Therapeuten bereden, oder warum sie einen Therapeuten aufsuchen, ist der Grund warum ich in den Wald gehe. Es ist vielleicht bekloppt, aber das ist meine Form der Therapie.<br \/>\nAlso wenn du so eine Woche hast, bei der sehr viele Ereignisse auf dich einstr\u00f6mten, keine Ahnung so beruflich, studienm\u00e4\u00dfig und auch privat so tausend Dinge halt, die du f\u00fcr dich sortieren musst und \u00fcber die du nachdenken musst, wie reagiere ich darauf? Oder was bedeutet das jetzt f\u00fcr mich?<br \/>\nPh\u00e4nomenal ist, dass dann teilweise so eine Stunde ausreichen kann, die ich durch den Wald laufe und mit mir selbst dar\u00fcber spreche und um \u00a0wieviel gekl\u00e4rter ich dann da rausgehe.<br \/>\nF\u00fcr mich ist danach alles wieder viel entspannter, ich bin beruhigter und dann auch geplanter.<br \/>\nIch habe das sehr fr\u00fch schon f\u00fcr mich entdeckt, also in der Schulzeit, ich habe den Sportunterricht unheimlich gehasst, da der Lehrer eine deutliche Vorliebe f\u00fcr junge M\u00e4dels hatte und die Jungs hat er teilweise sehr runtergeputzt.<br \/>\nDas hat mich in dem Alter noch sehr mitgenommen, und in diesen Zeiten habe ich gemerkt, dass wenn ich so f\u00fcr mich alleine durch den Wald strolche, dass ich da in dieser Flucht vor der Welt einen Ausgleich finde.<br \/>\nIch bin dann \u00fcber eine Studie gestolpert, ich h\u00e4tte jetzt gesagt im Internet, aber damals gab es noch gar nicht so viele Sachen im Internet, dass man das h\u00e4tte nachlesen k\u00f6nnen, in der stand also wenn man sehr viele Selbstgespr\u00e4che f\u00fchren w\u00fcrde, das der Beginn von ernstzunehmenden psychischen Krankheiten sein kann. Ich habe das dann eine Weile lang mit einer gewissen Besorgnis bei mir beobachtet, wie sich das so weiter entwickelt. Allerdings habe ich f\u00fcr mich selber festgestellt, dass ich seelisch keinen Schaden genommen habe und es bleibt auch auf einem konstanten Level.<br \/>\nEs gibt eine Korrelation wie viel man mit sich selbst spricht: \u00a0um so mehr in der Welt geschieht umso st\u00e4rker ist bei mir auch das Bed\u00fcrfnis danach.<br \/>\nIn den letzten Wochen war das Bed\u00fcrfnis danach unheimlich stark gewesen. Weil ich bei der Zeitung recht viel gemacht habe, im Literaturhaus habe ich viel gemacht, an der Uni war viel zu tun gewesen und dann auch noch die Pendelei nach Frankfurt. Das war unglaublich anstrengend f\u00fcr mich gewesen, und ich habe in diesen drei, vier Wochen wie gelitten.<br \/>\nDu gehst dann nur einen Tag in den Wald, und sofort schl\u00e4gt es wieder um.<br \/>\nWas gesunde Ern\u00e4hrung und Sport f\u00fcr den K\u00f6rper, ist das f\u00fcr die Seele, und das macht total stark was aus.<\/p>\n<p>Es ist wie verloren gehen und in diesem Verlorengehen ist eigentlich das sich Finden drin.<br \/>\nDas man auch wei\u00df, was man sucht, das kann im Privaten sein, wenn man bei einer Beziehung merkt, dass einfach tausend Dinge fehlen, es kann auch vom Job her oder vom Studium her sein.<br \/>\nDas Verlorengehen ist von der Perspektive der Welt aus, dass Du halt mal rausf\u00e4llst. Du hast einfach ein bestimmtes Verhalten in bestimmten Kontexten, du entsprichst Erwartungshaltungen. Auf der Arbeit funktionierst du auf eine bestimmte Art und Weise, bei Freunden \u00fcbernimmst du bestimmte Aufgaben usw.. Da mal herauszufallen das ist das Verlorengehen.<br \/>\nUnd wenn ich dar\u00fcber nachdenke wenn ich zum Beispiel fr\u00fcher Schule geschw\u00e4nzt habe, was ich ja sehr viel gemacht habe, vor allem in Zeiten wo ich dann auch nicht mit mir und der Welt klar kam, wo du halt einfach mit Leuten in der Klasse warst, die vollkommen anders waren als du und wo du dich als Au\u00dfenseiter gef\u00fchlt hast. Wenn Du dann Schule geschw\u00e4nzt hast, dann war das ein Befreiungsschlag und es war so ein kleines geheimes Verbrechen, was man begeht, bei dem man sich gro\u00dfartig vorkam: \u201eJa heute jetzt nicht! \u2013 \u201eHeute entspreche ich nicht dem Ganzen!\u201c<\/p>\n<p>Und der Wald hat das auch f\u00fcr mich, das du aus der Perspektive der Gesellschaft verloren gehst irgendwie\u2026 aber ich komme dann auch gerne wieder zur\u00fcck.&#8220;<\/p>\n<p><cite>taumelland bedankt sich bei: Wanderfalke<\/cite><\/p>\n<p><a href=\"https:\/\/i0.wp.com\/www.taumelland.de\/wp-content\/uploads\/2017\/06\/falk8-0471.jpg\" rel=\"lightbox[1082]\"><img data-recalc-dims=\"1\" loading=\"lazy\" decoding=\"async\" data-attachment-id=\"1087\" data-permalink=\"https:\/\/www.taumelland.de\/index.php\/2017\/06\/19\/ich-kenne-ja-meine-gedanken-meistens\/falk8-0471\/\" data-orig-file=\"https:\/\/i0.wp.com\/www.taumelland.de\/wp-content\/uploads\/2017\/06\/falk8-0471.jpg?fit=960%2C640&amp;ssl=1\" data-orig-size=\"960,640\" data-comments-opened=\"1\" data-image-meta=\"{&quot;aperture&quot;:&quot;0&quot;,&quot;credit&quot;:&quot;&quot;,&quot;camera&quot;:&quot;&quot;,&quot;caption&quot;:&quot;&quot;,&quot;created_timestamp&quot;:&quot;0&quot;,&quot;copyright&quot;:&quot;&quot;,&quot;focal_length&quot;:&quot;0&quot;,&quot;iso&quot;:&quot;0&quot;,&quot;shutter_speed&quot;:&quot;0&quot;,&quot;title&quot;:&quot;&quot;,&quot;orientation&quot;:&quot;0&quot;}\" data-image-title=\"Weg_zurueck\" data-image-description=\"\" data-image-caption=\"\" data-large-file=\"https:\/\/i0.wp.com\/www.taumelland.de\/wp-content\/uploads\/2017\/06\/falk8-0471.jpg?fit=700%2C467&amp;ssl=1\" class=\"alignleft size-full wp-image-1087\" src=\"https:\/\/i0.wp.com\/www.taumelland.de\/wp-content\/uploads\/2017\/06\/falk8-0471.jpg?resize=700%2C467\" alt=\"Weg_zurueck\" width=\"700\" height=\"467\" srcset=\"https:\/\/i0.wp.com\/www.taumelland.de\/wp-content\/uploads\/2017\/06\/falk8-0471.jpg?w=960&amp;ssl=1 960w, https:\/\/i0.wp.com\/www.taumelland.de\/wp-content\/uploads\/2017\/06\/falk8-0471.jpg?resize=150%2C100&amp;ssl=1 150w, https:\/\/i0.wp.com\/www.taumelland.de\/wp-content\/uploads\/2017\/06\/falk8-0471.jpg?resize=300%2C200&amp;ssl=1 300w, https:\/\/i0.wp.com\/www.taumelland.de\/wp-content\/uploads\/2017\/06\/falk8-0471.jpg?resize=580%2C387&amp;ssl=1 580w, https:\/\/i0.wp.com\/www.taumelland.de\/wp-content\/uploads\/2017\/06\/falk8-0471.jpg?resize=800%2C533&amp;ssl=1 800w\" sizes=\"auto, (max-width: 700px) 100vw, 700px\" \/><\/a><\/p>\n<p>&nbsp;<\/p>\n<p>&nbsp;<\/p>\n<p>&nbsp;<\/p>\n","protected":false},"excerpt":{"rendered":"<p>Taumelland h\u00f6rt zu: Literatur und Geschichte &#8222;Ich habe Literatur und Geschichte studiert, und das ist nicht so das, was die Alltagsberufe ausmacht, sondern es ist eher so ein bisschen sich davon entfernen, wie es eigentlich sonst so ist, zumindest bei mir ist das so. Ich&hellip;<\/p>\n","protected":false},"author":1,"featured_media":1084,"comment_status":"open","ping_status":"open","sticky":false,"template":"","format":"standard","meta":{"_themeisle_gutenberg_block_has_review":false,"jetpack_post_was_ever_published":false,"_jetpack_newsletter_access":"","_jetpack_dont_email_post_to_subs":false,"_jetpack_newsletter_tier_id":0,"_jetpack_memberships_contains_paywalled_content":false,"_jetpack_memberships_contains_paid_content":false,"footnotes":"","jetpack_publicize_message":"\u201eIch kenne ja meine Gedanken \u2013 meistens!\u201c","jetpack_publicize_feature_enabled":true,"jetpack_social_post_already_shared":true,"jetpack_social_options":{"image_generator_settings":{"template":"highway","default_image_id":0,"font":"","enabled":false},"version":2}},"categories":[151,47],"tags":[152,23,169],"class_list":["post-1082","post","type-post","status-publish","format-standard","has-post-thumbnail","hentry","category-geschichten","category-waldeinsamkeit","tag-geschichten","tag-ruinen","tag-waldeinsamkeit"],"yoast_head":"<!-- This site is optimized with the Yoast SEO plugin v27.5 - https:\/\/yoast.com\/product\/yoast-seo-wordpress\/ -->\n<title>\u201eIch kenne ja meine Gedanken \u2013 meistens!\u201c - taumelland.de<\/title>\n<meta name=\"description\" content=\"Interview zu Literatur und Geschichte, Mythen und Abenteuer, Waldeinsamkeit.\" \/>\n<meta name=\"robots\" content=\"index, follow, max-snippet:-1, max-image-preview:large, max-video-preview:-1\" \/>\n<link rel=\"canonical\" href=\"https:\/\/www.taumelland.de\/index.php\/2017\/06\/19\/ich-kenne-ja-meine-gedanken-meistens\/\" \/>\n<meta property=\"og:locale\" content=\"de_DE\" \/>\n<meta property=\"og:type\" content=\"article\" \/>\n<meta property=\"og:title\" content=\"\u201eIch kenne ja meine Gedanken \u2013 meistens!\u201c - taumelland.de\" \/>\n<meta property=\"og:description\" content=\"Interview zu Literatur und Geschichte, Mythen und Abenteuer, Waldeinsamkeit.\" \/>\n<meta property=\"og:url\" content=\"https:\/\/www.taumelland.de\/index.php\/2017\/06\/19\/ich-kenne-ja-meine-gedanken-meistens\/\" \/>\n<meta property=\"og:site_name\" content=\"taumelland.de\" \/>\n<meta property=\"article:published_time\" content=\"2017-06-19T06:34:18+00:00\" \/>\n<meta property=\"article:modified_time\" content=\"2017-06-21T10:34:58+00:00\" \/>\n<meta property=\"og:image\" content=\"https:\/\/www.taumelland.de\/wp-content\/uploads\/2017\/06\/falk1-0445.jpg\" \/>\n\t<meta property=\"og:image:width\" content=\"640\" \/>\n\t<meta property=\"og:image:height\" content=\"960\" \/>\n\t<meta property=\"og:image:type\" content=\"image\/jpeg\" \/>\n<meta name=\"author\" content=\"Mbolee\" \/>\n<meta name=\"twitter:card\" content=\"summary_large_image\" \/>\n<meta name=\"twitter:label1\" content=\"Verfasst von\" \/>\n\t<meta name=\"twitter:data1\" content=\"Mbolee\" \/>\n\t<meta name=\"twitter:label2\" content=\"Gesch\u00e4tzte Lesezeit\" \/>\n\t<meta name=\"twitter:data2\" content=\"10\u00a0Minuten\" \/>\n<script type=\"application\/ld+json\" class=\"yoast-schema-graph\">{\"@context\":\"https:\\\/\\\/schema.org\",\"@graph\":[{\"@type\":\"Article\",\"@id\":\"https:\\\/\\\/www.taumelland.de\\\/index.php\\\/2017\\\/06\\\/19\\\/ich-kenne-ja-meine-gedanken-meistens\\\/#article\",\"isPartOf\":{\"@id\":\"https:\\\/\\\/www.taumelland.de\\\/index.php\\\/2017\\\/06\\\/19\\\/ich-kenne-ja-meine-gedanken-meistens\\\/\"},\"author\":{\"name\":\"Mbolee\",\"@id\":\"https:\\\/\\\/www.taumelland.de\\\/#\\\/schema\\\/person\\\/7c3bfb4fefffd1a6bd38e8c18f296dbf\"},\"headline\":\"\u201eIch kenne ja meine Gedanken \u2013 meistens!\u201c\",\"datePublished\":\"2017-06-19T06:34:18+00:00\",\"dateModified\":\"2017-06-21T10:34:58+00:00\",\"mainEntityOfPage\":{\"@id\":\"https:\\\/\\\/www.taumelland.de\\\/index.php\\\/2017\\\/06\\\/19\\\/ich-kenne-ja-meine-gedanken-meistens\\\/\"},\"wordCount\":2045,\"commentCount\":0,\"publisher\":{\"@id\":\"https:\\\/\\\/www.taumelland.de\\\/#\\\/schema\\\/person\\\/d408cfcd33462b0f8d9e9356cfef1aab\"},\"image\":{\"@id\":\"https:\\\/\\\/www.taumelland.de\\\/index.php\\\/2017\\\/06\\\/19\\\/ich-kenne-ja-meine-gedanken-meistens\\\/#primaryimage\"},\"thumbnailUrl\":\"https:\\\/\\\/i0.wp.com\\\/www.taumelland.de\\\/wp-content\\\/uploads\\\/2017\\\/06\\\/falk1-0445.jpg?fit=640%2C960&ssl=1\",\"keywords\":[\"Geschichten\",\"Ruinen\",\"Waldeinsamkeit\"],\"articleSection\":[\"Geschichten\",\"Waldeinsamkeit\"],\"inLanguage\":\"de\",\"potentialAction\":[{\"@type\":\"CommentAction\",\"name\":\"Comment\",\"target\":[\"https:\\\/\\\/www.taumelland.de\\\/index.php\\\/2017\\\/06\\\/19\\\/ich-kenne-ja-meine-gedanken-meistens\\\/#respond\"]}]},{\"@type\":\"WebPage\",\"@id\":\"https:\\\/\\\/www.taumelland.de\\\/index.php\\\/2017\\\/06\\\/19\\\/ich-kenne-ja-meine-gedanken-meistens\\\/\",\"url\":\"https:\\\/\\\/www.taumelland.de\\\/index.php\\\/2017\\\/06\\\/19\\\/ich-kenne-ja-meine-gedanken-meistens\\\/\",\"name\":\"\u201eIch kenne ja meine Gedanken \u2013 meistens!\u201c - taumelland.de\",\"isPartOf\":{\"@id\":\"https:\\\/\\\/www.taumelland.de\\\/#website\"},\"primaryImageOfPage\":{\"@id\":\"https:\\\/\\\/www.taumelland.de\\\/index.php\\\/2017\\\/06\\\/19\\\/ich-kenne-ja-meine-gedanken-meistens\\\/#primaryimage\"},\"image\":{\"@id\":\"https:\\\/\\\/www.taumelland.de\\\/index.php\\\/2017\\\/06\\\/19\\\/ich-kenne-ja-meine-gedanken-meistens\\\/#primaryimage\"},\"thumbnailUrl\":\"https:\\\/\\\/i0.wp.com\\\/www.taumelland.de\\\/wp-content\\\/uploads\\\/2017\\\/06\\\/falk1-0445.jpg?fit=640%2C960&ssl=1\",\"datePublished\":\"2017-06-19T06:34:18+00:00\",\"dateModified\":\"2017-06-21T10:34:58+00:00\",\"description\":\"Interview zu Literatur und Geschichte, Mythen und Abenteuer, Waldeinsamkeit.\",\"breadcrumb\":{\"@id\":\"https:\\\/\\\/www.taumelland.de\\\/index.php\\\/2017\\\/06\\\/19\\\/ich-kenne-ja-meine-gedanken-meistens\\\/#breadcrumb\"},\"inLanguage\":\"de\",\"potentialAction\":[{\"@type\":\"ReadAction\",\"target\":[\"https:\\\/\\\/www.taumelland.de\\\/index.php\\\/2017\\\/06\\\/19\\\/ich-kenne-ja-meine-gedanken-meistens\\\/\"]}]},{\"@type\":\"ImageObject\",\"inLanguage\":\"de\",\"@id\":\"https:\\\/\\\/www.taumelland.de\\\/index.php\\\/2017\\\/06\\\/19\\\/ich-kenne-ja-meine-gedanken-meistens\\\/#primaryimage\",\"url\":\"https:\\\/\\\/i0.wp.com\\\/www.taumelland.de\\\/wp-content\\\/uploads\\\/2017\\\/06\\\/falk1-0445.jpg?fit=640%2C960&ssl=1\",\"contentUrl\":\"https:\\\/\\\/i0.wp.com\\\/www.taumelland.de\\\/wp-content\\\/uploads\\\/2017\\\/06\\\/falk1-0445.jpg?fit=640%2C960&ssl=1\",\"width\":640,\"height\":960,\"caption\":\"Portrait_with_umbrella\"},{\"@type\":\"BreadcrumbList\",\"@id\":\"https:\\\/\\\/www.taumelland.de\\\/index.php\\\/2017\\\/06\\\/19\\\/ich-kenne-ja-meine-gedanken-meistens\\\/#breadcrumb\",\"itemListElement\":[{\"@type\":\"ListItem\",\"position\":1,\"name\":\"Home\",\"item\":\"https:\\\/\\\/www.taumelland.de\\\/\"},{\"@type\":\"ListItem\",\"position\":2,\"name\":\"\u201eIch kenne ja meine Gedanken \u2013 meistens!\u201c\"}]},{\"@type\":\"WebSite\",\"@id\":\"https:\\\/\\\/www.taumelland.de\\\/#website\",\"url\":\"https:\\\/\\\/www.taumelland.de\\\/\",\"name\":\"taumelland.de\",\"description\":\"der romantische Fotoblog\",\"publisher\":{\"@id\":\"https:\\\/\\\/www.taumelland.de\\\/#\\\/schema\\\/person\\\/d408cfcd33462b0f8d9e9356cfef1aab\"},\"potentialAction\":[{\"@type\":\"SearchAction\",\"target\":{\"@type\":\"EntryPoint\",\"urlTemplate\":\"https:\\\/\\\/www.taumelland.de\\\/?s={search_term_string}\"},\"query-input\":{\"@type\":\"PropertyValueSpecification\",\"valueRequired\":true,\"valueName\":\"search_term_string\"}}],\"inLanguage\":\"de\"},{\"@type\":[\"Person\",\"Organization\"],\"@id\":\"https:\\\/\\\/www.taumelland.de\\\/#\\\/schema\\\/person\\\/d408cfcd33462b0f8d9e9356cfef1aab\",\"name\":\"Marcus Bohl\",\"image\":{\"@type\":\"ImageObject\",\"inLanguage\":\"de\",\"@id\":\"https:\\\/\\\/i0.wp.com\\\/www.taumelland.de\\\/wp-content\\\/uploads\\\/2022\\\/04\\\/rosa3.jpg?fit=960%2C639&ssl=1\",\"url\":\"https:\\\/\\\/i0.wp.com\\\/www.taumelland.de\\\/wp-content\\\/uploads\\\/2022\\\/04\\\/rosa3.jpg?fit=960%2C639&ssl=1\",\"contentUrl\":\"https:\\\/\\\/i0.wp.com\\\/www.taumelland.de\\\/wp-content\\\/uploads\\\/2022\\\/04\\\/rosa3.jpg?fit=960%2C639&ssl=1\",\"width\":960,\"height\":639,\"caption\":\"Marcus Bohl\"},\"logo\":{\"@id\":\"https:\\\/\\\/i0.wp.com\\\/www.taumelland.de\\\/wp-content\\\/uploads\\\/2022\\\/04\\\/rosa3.jpg?fit=960%2C639&ssl=1\"},\"sameAs\":[\"https:\\\/\\\/www.instagram.com\\\/taumelland\\\/?hl=de\"]},{\"@type\":\"Person\",\"@id\":\"https:\\\/\\\/www.taumelland.de\\\/#\\\/schema\\\/person\\\/7c3bfb4fefffd1a6bd38e8c18f296dbf\",\"name\":\"Mbolee\",\"sameAs\":[\"http:\\\/\\\/taumelland.de\"],\"url\":\"https:\\\/\\\/www.taumelland.de\\\/index.php\\\/author\\\/mbolee\\\/\"}]}<\/script>\n<!-- \/ Yoast SEO plugin. -->","yoast_head_json":{"title":"\u201eIch kenne ja meine Gedanken \u2013 meistens!\u201c - taumelland.de","description":"Interview zu Literatur und Geschichte, Mythen und Abenteuer, Waldeinsamkeit.","robots":{"index":"index","follow":"follow","max-snippet":"max-snippet:-1","max-image-preview":"max-image-preview:large","max-video-preview":"max-video-preview:-1"},"canonical":"https:\/\/www.taumelland.de\/index.php\/2017\/06\/19\/ich-kenne-ja-meine-gedanken-meistens\/","og_locale":"de_DE","og_type":"article","og_title":"\u201eIch kenne ja meine Gedanken \u2013 meistens!\u201c - taumelland.de","og_description":"Interview zu Literatur und Geschichte, Mythen und Abenteuer, Waldeinsamkeit.","og_url":"https:\/\/www.taumelland.de\/index.php\/2017\/06\/19\/ich-kenne-ja-meine-gedanken-meistens\/","og_site_name":"taumelland.de","article_published_time":"2017-06-19T06:34:18+00:00","article_modified_time":"2017-06-21T10:34:58+00:00","og_image":[{"width":640,"height":960,"url":"https:\/\/www.taumelland.de\/wp-content\/uploads\/2017\/06\/falk1-0445.jpg","type":"image\/jpeg"}],"author":"Mbolee","twitter_card":"summary_large_image","twitter_misc":{"Verfasst von":"Mbolee","Gesch\u00e4tzte Lesezeit":"10\u00a0Minuten"},"schema":{"@context":"https:\/\/schema.org","@graph":[{"@type":"Article","@id":"https:\/\/www.taumelland.de\/index.php\/2017\/06\/19\/ich-kenne-ja-meine-gedanken-meistens\/#article","isPartOf":{"@id":"https:\/\/www.taumelland.de\/index.php\/2017\/06\/19\/ich-kenne-ja-meine-gedanken-meistens\/"},"author":{"name":"Mbolee","@id":"https:\/\/www.taumelland.de\/#\/schema\/person\/7c3bfb4fefffd1a6bd38e8c18f296dbf"},"headline":"\u201eIch kenne ja meine Gedanken \u2013 meistens!\u201c","datePublished":"2017-06-19T06:34:18+00:00","dateModified":"2017-06-21T10:34:58+00:00","mainEntityOfPage":{"@id":"https:\/\/www.taumelland.de\/index.php\/2017\/06\/19\/ich-kenne-ja-meine-gedanken-meistens\/"},"wordCount":2045,"commentCount":0,"publisher":{"@id":"https:\/\/www.taumelland.de\/#\/schema\/person\/d408cfcd33462b0f8d9e9356cfef1aab"},"image":{"@id":"https:\/\/www.taumelland.de\/index.php\/2017\/06\/19\/ich-kenne-ja-meine-gedanken-meistens\/#primaryimage"},"thumbnailUrl":"https:\/\/i0.wp.com\/www.taumelland.de\/wp-content\/uploads\/2017\/06\/falk1-0445.jpg?fit=640%2C960&ssl=1","keywords":["Geschichten","Ruinen","Waldeinsamkeit"],"articleSection":["Geschichten","Waldeinsamkeit"],"inLanguage":"de","potentialAction":[{"@type":"CommentAction","name":"Comment","target":["https:\/\/www.taumelland.de\/index.php\/2017\/06\/19\/ich-kenne-ja-meine-gedanken-meistens\/#respond"]}]},{"@type":"WebPage","@id":"https:\/\/www.taumelland.de\/index.php\/2017\/06\/19\/ich-kenne-ja-meine-gedanken-meistens\/","url":"https:\/\/www.taumelland.de\/index.php\/2017\/06\/19\/ich-kenne-ja-meine-gedanken-meistens\/","name":"\u201eIch kenne ja meine Gedanken \u2013 meistens!\u201c - taumelland.de","isPartOf":{"@id":"https:\/\/www.taumelland.de\/#website"},"primaryImageOfPage":{"@id":"https:\/\/www.taumelland.de\/index.php\/2017\/06\/19\/ich-kenne-ja-meine-gedanken-meistens\/#primaryimage"},"image":{"@id":"https:\/\/www.taumelland.de\/index.php\/2017\/06\/19\/ich-kenne-ja-meine-gedanken-meistens\/#primaryimage"},"thumbnailUrl":"https:\/\/i0.wp.com\/www.taumelland.de\/wp-content\/uploads\/2017\/06\/falk1-0445.jpg?fit=640%2C960&ssl=1","datePublished":"2017-06-19T06:34:18+00:00","dateModified":"2017-06-21T10:34:58+00:00","description":"Interview zu Literatur und Geschichte, Mythen und Abenteuer, Waldeinsamkeit.","breadcrumb":{"@id":"https:\/\/www.taumelland.de\/index.php\/2017\/06\/19\/ich-kenne-ja-meine-gedanken-meistens\/#breadcrumb"},"inLanguage":"de","potentialAction":[{"@type":"ReadAction","target":["https:\/\/www.taumelland.de\/index.php\/2017\/06\/19\/ich-kenne-ja-meine-gedanken-meistens\/"]}]},{"@type":"ImageObject","inLanguage":"de","@id":"https:\/\/www.taumelland.de\/index.php\/2017\/06\/19\/ich-kenne-ja-meine-gedanken-meistens\/#primaryimage","url":"https:\/\/i0.wp.com\/www.taumelland.de\/wp-content\/uploads\/2017\/06\/falk1-0445.jpg?fit=640%2C960&ssl=1","contentUrl":"https:\/\/i0.wp.com\/www.taumelland.de\/wp-content\/uploads\/2017\/06\/falk1-0445.jpg?fit=640%2C960&ssl=1","width":640,"height":960,"caption":"Portrait_with_umbrella"},{"@type":"BreadcrumbList","@id":"https:\/\/www.taumelland.de\/index.php\/2017\/06\/19\/ich-kenne-ja-meine-gedanken-meistens\/#breadcrumb","itemListElement":[{"@type":"ListItem","position":1,"name":"Home","item":"https:\/\/www.taumelland.de\/"},{"@type":"ListItem","position":2,"name":"\u201eIch kenne ja meine Gedanken \u2013 meistens!\u201c"}]},{"@type":"WebSite","@id":"https:\/\/www.taumelland.de\/#website","url":"https:\/\/www.taumelland.de\/","name":"taumelland.de","description":"der romantische Fotoblog","publisher":{"@id":"https:\/\/www.taumelland.de\/#\/schema\/person\/d408cfcd33462b0f8d9e9356cfef1aab"},"potentialAction":[{"@type":"SearchAction","target":{"@type":"EntryPoint","urlTemplate":"https:\/\/www.taumelland.de\/?s={search_term_string}"},"query-input":{"@type":"PropertyValueSpecification","valueRequired":true,"valueName":"search_term_string"}}],"inLanguage":"de"},{"@type":["Person","Organization"],"@id":"https:\/\/www.taumelland.de\/#\/schema\/person\/d408cfcd33462b0f8d9e9356cfef1aab","name":"Marcus Bohl","image":{"@type":"ImageObject","inLanguage":"de","@id":"https:\/\/i0.wp.com\/www.taumelland.de\/wp-content\/uploads\/2022\/04\/rosa3.jpg?fit=960%2C639&ssl=1","url":"https:\/\/i0.wp.com\/www.taumelland.de\/wp-content\/uploads\/2022\/04\/rosa3.jpg?fit=960%2C639&ssl=1","contentUrl":"https:\/\/i0.wp.com\/www.taumelland.de\/wp-content\/uploads\/2022\/04\/rosa3.jpg?fit=960%2C639&ssl=1","width":960,"height":639,"caption":"Marcus Bohl"},"logo":{"@id":"https:\/\/i0.wp.com\/www.taumelland.de\/wp-content\/uploads\/2022\/04\/rosa3.jpg?fit=960%2C639&ssl=1"},"sameAs":["https:\/\/www.instagram.com\/taumelland\/?hl=de"]},{"@type":"Person","@id":"https:\/\/www.taumelland.de\/#\/schema\/person\/7c3bfb4fefffd1a6bd38e8c18f296dbf","name":"Mbolee","sameAs":["http:\/\/taumelland.de"],"url":"https:\/\/www.taumelland.de\/index.php\/author\/mbolee\/"}]}},"jetpack_publicize_connections":[],"jetpack_featured_media_url":"https:\/\/i0.wp.com\/www.taumelland.de\/wp-content\/uploads\/2017\/06\/falk1-0445.jpg?fit=640%2C960&ssl=1","jetpack_sharing_enabled":true,"jetpack_shortlink":"https:\/\/wp.me\/p77Evr-hs","jetpack-related-posts":[],"_links":{"self":[{"href":"https:\/\/www.taumelland.de\/index.php\/wp-json\/wp\/v2\/posts\/1082","targetHints":{"allow":["GET"]}}],"collection":[{"href":"https:\/\/www.taumelland.de\/index.php\/wp-json\/wp\/v2\/posts"}],"about":[{"href":"https:\/\/www.taumelland.de\/index.php\/wp-json\/wp\/v2\/types\/post"}],"author":[{"embeddable":true,"href":"https:\/\/www.taumelland.de\/index.php\/wp-json\/wp\/v2\/users\/1"}],"replies":[{"embeddable":true,"href":"https:\/\/www.taumelland.de\/index.php\/wp-json\/wp\/v2\/comments?post=1082"}],"version-history":[{"count":17,"href":"https:\/\/www.taumelland.de\/index.php\/wp-json\/wp\/v2\/posts\/1082\/revisions"}],"predecessor-version":[{"id":1157,"href":"https:\/\/www.taumelland.de\/index.php\/wp-json\/wp\/v2\/posts\/1082\/revisions\/1157"}],"wp:featuredmedia":[{"embeddable":true,"href":"https:\/\/www.taumelland.de\/index.php\/wp-json\/wp\/v2\/media\/1084"}],"wp:attachment":[{"href":"https:\/\/www.taumelland.de\/index.php\/wp-json\/wp\/v2\/media?parent=1082"}],"wp:term":[{"taxonomy":"category","embeddable":true,"href":"https:\/\/www.taumelland.de\/index.php\/wp-json\/wp\/v2\/categories?post=1082"},{"taxonomy":"post_tag","embeddable":true,"href":"https:\/\/www.taumelland.de\/index.php\/wp-json\/wp\/v2\/tags?post=1082"}],"curies":[{"name":"wp","href":"https:\/\/api.w.org\/{rel}","templated":true}]}}